{"id":106605,"date":"2017-02-03T22:47:26","date_gmt":"2017-02-04T01:47:26","guid":{"rendered":"http:\/\/www.r2cpress.com.br\/v1\/?p=106605"},"modified":"2017-02-03T22:47:26","modified_gmt":"2017-02-04T01:47:26","slug":"psicomundo-continuara-tudo-como-antes-na-administracao-publica-de-ilheus","status":"publish","type":"post","link":"https:\/\/www.r2cpress.com.br\/v1\/2017\/02\/03\/psicomundo-continuara-tudo-como-antes-na-administracao-publica-de-ilheus\/","title":{"rendered":"PSICOMUNDO <> CONTINUAR\u00c1 TUDO COMO ANTES NA ADMINISTRA\u00c7\u00c3O P\u00daBLICA DE ILH\u00c9US?"},"content":{"rendered":"<p><center> <div id=\"attachment_106610\" style=\"width: 343px\" class=\"wp-caption aligncenter\"><a href=\"http:\/\/www.r2cpress.com.br\/v1\/wp-content\/uploads\/2017\/02\/eduardo-afonso-exterior-CORTADO.jpg\"><img aria-describedby=\"caption-attachment-106610\" loading=\"lazy\" src=\"http:\/\/www.r2cpress.com.br\/v1\/wp-content\/uploads\/2017\/02\/eduardo-afonso-exterior-CORTADO.jpg\" alt=\"EDUARDO AFONSO\" width=\"333\" height=\"238\" class=\"size-full wp-image-106610\" srcset=\"https:\/\/www.r2cpress.com.br\/v1\/wp-content\/uploads\/2017\/02\/eduardo-afonso-exterior-CORTADO.jpg 333w, https:\/\/www.r2cpress.com.br\/v1\/wp-content\/uploads\/2017\/02\/eduardo-afonso-exterior-CORTADO-300x214.jpg 300w\" sizes=\"(max-width: 333px) 100vw, 333px\" \/><\/a><p id=\"caption-attachment-106610\" class=\"wp-caption-text\">EDUARDO AFONSO<\/p><\/div>  <\/center><div id=\"attachment_106607\" style=\"width: 348px\" class=\"wp-caption alignleft\"><a href=\"http:\/\/www.r2cpress.com.br\/v1\/wp-content\/uploads\/2017\/02\/RUA-VEREADOR-JOS\u00c9-ADRY.jpg\"><img aria-describedby=\"caption-attachment-106607\" loading=\"lazy\" class=\"size-full wp-image-106607\" src=\"http:\/\/www.r2cpress.com.br\/v1\/wp-content\/uploads\/2017\/02\/RUA-VEREADOR-JOS\u00c9-ADRY.jpg\" alt=\"RUA VEREADOR JOS\u00c9 ADRY\" width=\"338\" height=\"600\" srcset=\"https:\/\/www.r2cpress.com.br\/v1\/wp-content\/uploads\/2017\/02\/RUA-VEREADOR-JOS\u00c9-ADRY.jpg 338w, https:\/\/www.r2cpress.com.br\/v1\/wp-content\/uploads\/2017\/02\/RUA-VEREADOR-JOS\u00c9-ADRY-169x300.jpg 169w\" sizes=\"(max-width: 338px) 100vw, 338px\" \/><\/a><p id=\"caption-attachment-106607\" class=\"wp-caption-text\">RUA VEREADOR JOS\u00c9 ADRY<\/p><\/div>O que faz a administra\u00e7\u00e3o p\u00fablica com os recursos da taxa de ilumina\u00e7\u00e3o p\u00fablica? Apenas relatando um dos grandes descasos que perduram em nossa cidade, os mun\u00edcipes perguntam em que dia ou momento a popula\u00e7\u00e3o ilheense ter\u00e1 a oportunidade de meios com informa\u00e7\u00f5es sobre a destina\u00e7\u00e3o da famigerada taxa de ilumina\u00e7\u00e3o p\u00fablica (TIP) cobrada mensalmente nas contas de fornecimento de energia el\u00e9trica de Ilh\u00e9us!<\/p>\n<p>Quando os ilheenses ter\u00e3o a apresenta\u00e7\u00e3o do valor real arrecadado e pouco utilizado com a arrecada\u00e7\u00e3o com essa TIP e qual a soma que a Coelba vem repassando \u00e0 Prefeitura mensalmente; em suma \u00e9 importante uma identifica\u00e7\u00e3o das contas em que os valores foram depositados e ainda se existe planejamento de execu\u00e7\u00e3o dos servi\u00e7os a serem executados para a finalidade supostamente proposta, nesse trocadilho criado pelo poder p\u00fablico aporrinhando todos os consumidores.<\/p>\n<p>Os moradores em todos locais da nossa cidade, principalmente, centro e bairros pagam a taxa visando ter ilumina\u00e7\u00e3o de qualidade, e n\u00e3o se observa o respeito e transpar\u00eancia poss\u00edveis. O que se verifica h\u00e1 muito anos \u00e9 o comercio e os bairros com v\u00e1rias ruas em completa escurid\u00e3o. Precisamos ent\u00e3o entender como a Prefeitura de Ilh\u00e9us administra esses recursos. Vale tamb\u00e9m o importante esclarecimento dessa mazela entre a Coelba e a Prefeitura deixando a cidade eternamente no escuro .<\/p>\n<p><!--more--><\/p>\n<p>Quando os consumidores procuram a Coelba n\u00e3o existem respostas condizentes e faz de conta que a ilumina\u00e7\u00e3o p\u00fablica n\u00e3o de sua responsabilidade. Por\u00e9m, a conta de energia n\u00e3o desaparece nas dificuldades or\u00e7ament\u00e1rias incutidas no valor da TIP e que, queira o n\u00e3o queira, os moradores por serem consumidores, s\u00e3o obrigados a pagar. E local como a Rua Vereador Jos\u00e9 Adry e locais adjacentes, se encontram h\u00e1 anos \u00e0s escuras, no entanto, suas contas est\u00e3o na TIP em pleno blecaute permanente, oferecendo perigos constantes em v\u00e1rias propor\u00e7\u00f5es, inclusive assaltos.<\/p>\n<p>Os repasses que a Coelba faz para o munic\u00edpio e ningu\u00e9m v\u00ea resultados positivos n\u00e3o encontramos nesses servi\u00e7os destinados unicamente a ilumina\u00e7\u00e3o p\u00fablica? A cidade de Ilh\u00e9us tem pouca sorte com administra\u00e7\u00f5es p\u00fablicas. Por exemplo, tem locais no bairro do pontal que aguardam que a Secretaria de Servi\u00e7os Urbanos, fa\u00e7a revis\u00f5es nas instala\u00e7\u00f5es de postes e transformadores com muito tempo de uso. S\u00e3o constantes os preju\u00edzos com eletrodom\u00e9sticos queimados em curtos circuitos e outros equipamentos em casas residenciais. Resumindo, infelizmente em Ilh\u00e9us pouco existe de manuten\u00e7\u00e3o preventiva dos servi\u00e7os ligados ao fornecimento de energia el\u00e9trica, s\u00f3 faturamento.<\/p>\n<p>Enquanto isso, os ilheenses continuam \u00e0s voltas com os arrochos de tantas taxas e impostos, gerando uma economia popular deficiente para atender as necessidades b\u00e1sicas de todos os cidad\u00e3os. O IPTU, determinado e mantido com aumentos exagerados e sem consulta popular, tudo na calada da noite; e quem n\u00e3o se lembra da onda do cinquentinha? \u00a0Vem trazendo s\u00e9rias dificuldades e pouco se v\u00ea do poder p\u00fablico em oferecer a Ilh\u00e9us uma cidade de qualidade em servi\u00e7os sociais e humanos em v\u00e1rios aspectos.<\/p>\n<p>Muitos ilheenses afirmam que jamais v\u00e3o entender o que est\u00e3o fazendo com Ilh\u00e9us e sua popula\u00e7\u00e3o! Imaginem quantos preju\u00edzos se encontram destinados \u00e0s pessoas que vivem nesse conceituado munic\u00edpio; pessoas dignas que trabalham, estudam e se dedicam para viver uma vida digna. Onde est\u00e3o os respons\u00e1veis por todas essas atrocidades? Velhos sendo maltratados e roubados em filas de bancos, e nos bancos quase que n\u00e3o existem funcion\u00e1rios para orientar essas criaturas carentes de auxilio. <strong>PENSEM NISSO!!!<\/strong><\/p>\n<p><strong>Eduardo Afonso &#8211; Ilh\u00e9us-Bahia.\u00a0<\/strong><\/p>\n","protected":false},"excerpt":{"rendered":"<p>O que faz a administra\u00e7\u00e3o p\u00fablica com os recursos da taxa de ilumina\u00e7\u00e3o p\u00fablica? Apenas relatando um dos grandes descasos que perduram em nossa cidade, os mun\u00edcipes perguntam em que dia ou momento a popula\u00e7\u00e3o ilheense ter\u00e1 a oportunidade de meios com informa\u00e7\u00f5es sobre a destina\u00e7\u00e3o da famigerada taxa de ilumina\u00e7\u00e3o p\u00fablica (TIP) cobrada mensalmente [&hellip;]<\/p>\n","protected":false},"author":2,"featured_media":0,"comment_status":"open","ping_status":"open","sticky":false,"template":"","format":"standard","meta":{"_links_to":"","_links_to_target":""},"categories":[10],"tags":[],"_links":{"self":[{"href":"https:\/\/www.r2cpress.com.br\/v1\/wp-json\/wp\/v2\/posts\/106605"}],"collection":[{"href":"https:\/\/www.r2cpress.com.br\/v1\/wp-json\/wp\/v2\/posts"}],"about":[{"href":"https:\/\/www.r2cpress.com.br\/v1\/wp-json\/wp\/v2\/types\/post"}],"author":[{"embeddable":true,"href":"https:\/\/www.r2cpress.com.br\/v1\/wp-json\/wp\/v2\/users\/2"}],"replies":[{"embeddable":true,"href":"https:\/\/www.r2cpress.com.br\/v1\/wp-json\/wp\/v2\/comments?post=106605"}],"version-history":[{"count":4,"href":"https:\/\/www.r2cpress.com.br\/v1\/wp-json\/wp\/v2\/posts\/106605\/revisions"}],"predecessor-version":[{"id":106612,"href":"https:\/\/www.r2cpress.com.br\/v1\/wp-json\/wp\/v2\/posts\/106605\/revisions\/106612"}],"wp:attachment":[{"href":"https:\/\/www.r2cpress.com.br\/v1\/wp-json\/wp\/v2\/media?parent=106605"}],"wp:term":[{"taxonomy":"category","embeddable":true,"href":"https:\/\/www.r2cpress.com.br\/v1\/wp-json\/wp\/v2\/categories?post=106605"},{"taxonomy":"post_tag","embeddable":true,"href":"https:\/\/www.r2cpress.com.br\/v1\/wp-json\/wp\/v2\/tags?post=106605"}],"curies":[{"name":"wp","href":"https:\/\/api.w.org\/{rel}","templated":true}]}}