{"id":106623,"date":"2017-02-04T10:23:24","date_gmt":"2017-02-04T13:23:24","guid":{"rendered":"http:\/\/www.r2cpress.com.br\/v1\/?p=106623"},"modified":"2017-02-04T10:23:24","modified_gmt":"2017-02-04T13:23:24","slug":"seminario-em-ilheus-discute-diretos-humanos-e-relacoes-de-trabalho","status":"publish","type":"post","link":"https:\/\/www.r2cpress.com.br\/v1\/2017\/02\/04\/seminario-em-ilheus-discute-diretos-humanos-e-relacoes-de-trabalho\/","title":{"rendered":"Semin\u00e1rio em Ilh\u00e9us discute diretos humanos e rela\u00e7\u00f5es de trabalho"},"content":{"rendered":"<p dir=\"ltr\"><a href=\"http:\/\/www.r2cpress.com.br\/v1\/wp-content\/uploads\/2017\/02\/Cartaz-Sem-Trab-Escravo.jpeg\"><img loading=\"lazy\" class=\"alignleft size-full wp-image-106626\" src=\"http:\/\/www.r2cpress.com.br\/v1\/wp-content\/uploads\/2017\/02\/Cartaz-Sem-Trab-Escravo.jpeg\" alt=\"Cartaz Sem Trab Escravo\" width=\"333\" height=\"333\" srcset=\"https:\/\/www.r2cpress.com.br\/v1\/wp-content\/uploads\/2017\/02\/Cartaz-Sem-Trab-Escravo.jpeg 333w, https:\/\/www.r2cpress.com.br\/v1\/wp-content\/uploads\/2017\/02\/Cartaz-Sem-Trab-Escravo-150x150.jpeg 150w, https:\/\/www.r2cpress.com.br\/v1\/wp-content\/uploads\/2017\/02\/Cartaz-Sem-Trab-Escravo-300x300.jpeg 300w\" sizes=\"(max-width: 333px) 100vw, 333px\" \/><\/a>Debater com a sociedade e com institui\u00e7\u00f5es do poder p\u00fablico os direitos humanos nas rela\u00e7\u00f5es de trabalho. Esse \u00e9 o principal objetivo do semin\u00e1rio que acontece no pr\u00f3ximo dia 6 de fevereiro a partir das 13h, no audit\u00f3rio Nacib, do Centro de Conven\u00e7\u00f5es de Ilh\u00e9us-BA, situado na Avenida Soares Lopes, Centro. As inscri\u00e7\u00f5es s\u00e3o gratuitas e podem ser feitas no local. O evento \u00e9 promovido pela Comiss\u00e3o Estadual para Erradica\u00e7\u00e3o do Trabalho Escravo na Bahia (Coetrae) e pelo Grupo de Articula\u00e7\u00e3o para Erradica\u00e7\u00e3o do Trabalho Escravo na Bahia (Gaete) e contar\u00e1 com tr\u00eas pain\u00e9is voltados para discutir o combate ao trabalho escravo, o trabalho de jovens e crian\u00e7as e \u00e0 explora\u00e7\u00e3o sexual.<\/p>\n<p dir=\"ltr\">O Minist\u00e9rio P\u00fablico do Trabalho (MPT) na Bahia \u00e9 uma das institui\u00e7\u00f5es que apoiam o Semin\u00e1rio Direitos Humanos dos Trabalhadores e Trabalhadoras do Sul da Bahia. O evento tem tamb\u00e9m a participa\u00e7\u00e3o da Associa\u00e7\u00e3o dos Magistrados da Justi\u00e7a do Trabalho da 5\u00aa regi\u00e3o (Amatra5), da Pol\u00edcia Rodovi\u00e1ria Federal (PRF), da Secretaria de Justi\u00e7a, Direitos Humanos e Desenvolvimento Social da Bahia (SJDHDS), da Pol\u00edcia Militar da Bahia (PM), da Confedera\u00e7\u00e3o Nacional dos Trabalhadores na Agricultura (Contag) e da Organiza\u00e7\u00e3o Internacional do Trabalho (OIT).<\/p>\n<p dir=\"ltr\">O p\u00fablico-alvo s\u00e3o conselheiros tutelares, policiais militares e federais, sindicalistas, trabalhadores e estudantes. A programa\u00e7\u00e3o ser\u00e1 aberta \u00e0s 13h com o credenciamento dos participantes. \u00c0s 13h15 haver\u00e1 uma mesa de abertura com a participa\u00e7\u00e3o do secret\u00e1rio da SJDHDS, o advogado Carlos Martins. O tema Dignidade, Trabalho Escravo e Tr\u00e1fico de Pessoas ser\u00e1 abordado \u00e0s 13h45, pelo coordenador da Coetrae, Admar Fontes J\u00fanior; pelo presidente da Comiss\u00e3o de Direitos Humanos da PRF, Marcus Fran\u00e7a e pelo delegado-chefe da Pol\u00edcia Federal de Ilh\u00e9us, Andr\u00e9 Lavor.<\/p>\n<p dir=\"ltr\">Inf\u00e2ncia, Trabalho Infantil e Sa\u00fade do Trabalhador ser\u00e1 discutido a partir da 15h pelo conselheiro tutelar e vice-presidente da Associa\u00e7\u00e3o dos Conselheiros Tutelares da Bahia (ACTEBA), Sales Barbosa; pelo assessor jur\u00eddico da Contag, Carlos Eduardo Silva, e pela ju\u00edza do trabalho e diretora da Amatra5, Silvia Isabelle. Ap\u00f3s uma pausa para o coffee break, \u00e0s 16h35, o tema abordado ser\u00e1 Liberdade, Explora\u00e7\u00e3o Sexual Comercial e Diversidade Sexual, com a capit\u00e3 da Pol\u00edcia Militar de Ilh\u00e9us Elane Myles e a jornalista do Centro de Defesa da Crian\u00e7a e do Adolescente (Cedeca) Luciana Reis. O encerramento ser\u00e1 \u00e0s 18h.<\/p>\n<p>&nbsp;<\/p>\n","protected":false},"excerpt":{"rendered":"<p>Debater com a sociedade e com institui\u00e7\u00f5es do poder p\u00fablico os direitos humanos nas rela\u00e7\u00f5es de trabalho. Esse \u00e9 o principal objetivo do semin\u00e1rio que acontece no pr\u00f3ximo dia 6 de fevereiro a partir das 13h, no audit\u00f3rio Nacib, do Centro de Conven\u00e7\u00f5es de Ilh\u00e9us-BA, situado na Avenida Soares Lopes, Centro. As inscri\u00e7\u00f5es s\u00e3o gratuitas [&hellip;]<\/p>\n","protected":false},"author":2,"featured_media":0,"comment_status":"open","ping_status":"open","sticky":false,"template":"","format":"standard","meta":{"_links_to":"","_links_to_target":""},"categories":[13],"tags":[],"_links":{"self":[{"href":"https:\/\/www.r2cpress.com.br\/v1\/wp-json\/wp\/v2\/posts\/106623"}],"collection":[{"href":"https:\/\/www.r2cpress.com.br\/v1\/wp-json\/wp\/v2\/posts"}],"about":[{"href":"https:\/\/www.r2cpress.com.br\/v1\/wp-json\/wp\/v2\/types\/post"}],"author":[{"embeddable":true,"href":"https:\/\/www.r2cpress.com.br\/v1\/wp-json\/wp\/v2\/users\/2"}],"replies":[{"embeddable":true,"href":"https:\/\/www.r2cpress.com.br\/v1\/wp-json\/wp\/v2\/comments?post=106623"}],"version-history":[{"count":3,"href":"https:\/\/www.r2cpress.com.br\/v1\/wp-json\/wp\/v2\/posts\/106623\/revisions"}],"predecessor-version":[{"id":106627,"href":"https:\/\/www.r2cpress.com.br\/v1\/wp-json\/wp\/v2\/posts\/106623\/revisions\/106627"}],"wp:attachment":[{"href":"https:\/\/www.r2cpress.com.br\/v1\/wp-json\/wp\/v2\/media?parent=106623"}],"wp:term":[{"taxonomy":"category","embeddable":true,"href":"https:\/\/www.r2cpress.com.br\/v1\/wp-json\/wp\/v2\/categories?post=106623"},{"taxonomy":"post_tag","embeddable":true,"href":"https:\/\/www.r2cpress.com.br\/v1\/wp-json\/wp\/v2\/tags?post=106623"}],"curies":[{"name":"wp","href":"https:\/\/api.w.org\/{rel}","templated":true}]}}