{"id":106647,"date":"2017-02-06T11:17:39","date_gmt":"2017-02-06T14:17:39","guid":{"rendered":"http:\/\/www.r2cpress.com.br\/v1\/?p=106647"},"modified":"2017-02-06T11:18:50","modified_gmt":"2017-02-06T14:18:50","slug":"sindicato-nacional-dos-aposentados-pensionistas-e-idosos-da-forca-sindical-6","status":"publish","type":"post","link":"https:\/\/www.r2cpress.com.br\/v1\/2017\/02\/06\/sindicato-nacional-dos-aposentados-pensionistas-e-idosos-da-forca-sindical-6\/","title":{"rendered":"Sindicato Nacional dos Aposentados, Pensionistas e Idosos da For\u00e7a Sindical"},"content":{"rendered":"<table id=\"mainStructure\" border=\"0\" width=\"100%\" cellspacing=\"0\" cellpadding=\"0\">\n<tbody>\n<tr>\n<td valign=\"top\">\n<table border=\"0\" width=\"100%\" cellspacing=\"0\" cellpadding=\"0\" align=\"center\">\n<tbody>\n<tr>\n<td class=\"fix-box\" align=\"center\" valign=\"top\">\n<table class=\"container\" border=\"0\" width=\"600\" cellspacing=\"0\" cellpadding=\"0\" align=\"center\" bgcolor=\"#ffffff\">\n<tbody>\n<tr>\n<td valign=\"top\">\n<table class=\"full-width\" border=\"0\" width=\"386\" cellspacing=\"0\" cellpadding=\"0\" align=\"center\">\n<tbody>\n<tr>\n<td valign=\"middle\">\n<table class=\"container2\" style=\"height: 40px;\" border=\"0\" width=\"577\" cellspacing=\"0\" cellpadding=\"0\" align=\"left\">\n<tbody>\n<tr>\n<td align=\"center\" valign=\"top\"><strong><a>Sindicato Nacional dos Aposentados, Pensionistas e Idosos da For\u00e7a Sindical<\/a><\/strong><\/td>\n<\/tr>\n<\/tbody>\n<\/table>\n<table class=\"container2\" border=\"0\" cellspacing=\"0\" cellpadding=\"0\" align=\"left\">\n<tbody>\n<tr>\n<td align=\"center\" valign=\"top\"><\/td>\n<\/tr>\n<tr>\n<td class=\"increase-Height-20\" valign=\"top\"><\/td>\n<\/tr>\n<\/tbody>\n<\/table>\n<\/td>\n<\/tr>\n<\/tbody>\n<\/table>\n<\/td>\n<\/tr>\n<\/tbody>\n<\/table>\n<\/td>\n<\/tr>\n<\/tbody>\n<\/table>\n<\/td>\n<\/tr>\n<tr>\n<td class=\"fix-box\" valign=\"top\">\n<table class=\"full-width\" border=\"0\" width=\"100%\" cellspacing=\"0\" cellpadding=\"0\" align=\"center\">\n<tbody>\n<tr>\n<td class=\"full-width\" align=\"center\" valign=\"top\" width=\"100%\">\n<table class=\"full-width\" border=\"0\" width=\"600\" cellspacing=\"0\" cellpadding=\"0\" align=\"center\">\n<tbody>\n<tr>\n<td align=\"center\" valign=\"top\"><\/td>\n<\/tr>\n<\/tbody>\n<\/table>\n<\/td>\n<\/tr>\n<\/tbody>\n<\/table>\n<\/td>\n<\/tr>\n<tr>\n<td class=\"fix-box\" align=\"center\" valign=\"top\">\n<table class=\"container\" border=\"0\" width=\"600\" cellspacing=\"0\" cellpadding=\"0\" align=\"center\" bgcolor=\"#ffffff\">\n<tbody>\n<tr>\n<td valign=\"top\">\n<table class=\"full-width\" border=\"0\" width=\"560\" cellspacing=\"0\" cellpadding=\"0\" align=\"center\" bgcolor=\"#ffffff\">\n<tbody>\n<tr>\n<td height=\"20\"><\/td>\n<\/tr>\n<tr>\n<td valign=\"top\">\n<table border=\"0\" width=\"556\" cellspacing=\"0\" cellpadding=\"0\" align=\"left\">\n<tbody>\n<tr>\n<td>\n<div id=\"watch7-headline\" class=\"clearfix\">\n<div id=\"watch-headline-title\">\n<p><strong>\u00a0Sindicato dos Aposentados e For\u00e7a Sindical realizam entrega oficial dos 3 carros sorteados no Ato de Protesto<\/strong><\/p>\n<p>&nbsp;<\/p>\n<\/div>\n<\/div>\n<\/td>\n<\/tr>\n<tr>\n<td height=\"15\"><\/td>\n<\/tr>\n<tr>\n<td>Por Ricardo Flaitt \/ Imprensa Sindnapi &#8211; O Sindicato dos Aposentados e a For\u00e7a Sindical realizam hoje, 6 de fevereiro, \u00e0s 15 horas, em frente \u00e0 sede nacional do Sindnapi, a entrega oficial dos 3 carros HB20 zero Km sorteados durante o evento, que reuniu 30 mil pessoas no centro de S\u00e3o Paulo.Os vencedores Rosilene Lopes Pereira (cupom n\u00ba 0431021), Jos\u00e9 Carlos Nunes (n\u00ba 0199685) e Fl\u00e1via Gon\u00e7alvez dos Anjos (n\u00ba 0638687) receber\u00e3o as chaves dos carros das m\u00e3os de Paulinho da For\u00e7a, presidente da Central For\u00e7a Sindical e Deputado Federal; Carlos Ortiz, presidente do Sindicato dos Aposentados; e Jo\u00e3o Inocentini, presidente licenciado do Sindnapi.<\/p>\n<p>A cerim\u00f4nia de entrega dos ve\u00edculos acontecer\u00e1 em frente \u00e0 sede nacional do Sindicato dos Aposentados, que fica na rua do Carmo, 171, Centro, pr\u00f3ximo ao Metr\u00f4 S\u00e9.<\/td>\n<\/tr>\n<\/tbody>\n<\/table>\n<\/td>\n<\/tr>\n<\/tbody>\n<\/table>\n<\/td>\n<\/tr>\n<\/tbody>\n<\/table>\n<\/td>\n<\/tr>\n<\/tbody>\n<\/table>\n","protected":false},"excerpt":{"rendered":"<p>Sindicato Nacional dos Aposentados, Pensionistas e Idosos da For\u00e7a Sindical \u00a0Sindicato dos Aposentados e For\u00e7a Sindical realizam entrega oficial dos 3 carros sorteados no Ato de Protesto &nbsp; Por Ricardo Flaitt \/ Imprensa Sindnapi &#8211; O Sindicato dos Aposentados e a For\u00e7a Sindical realizam hoje, 6 de fevereiro, \u00e0s 15 horas, em frente \u00e0 sede [&hellip;]<\/p>\n","protected":false},"author":2,"featured_media":0,"comment_status":"open","ping_status":"open","sticky":false,"template":"","format":"standard","meta":{"_links_to":"","_links_to_target":""},"categories":[13,18],"tags":[],"_links":{"self":[{"href":"https:\/\/www.r2cpress.com.br\/v1\/wp-json\/wp\/v2\/posts\/106647"}],"collection":[{"href":"https:\/\/www.r2cpress.com.br\/v1\/wp-json\/wp\/v2\/posts"}],"about":[{"href":"https:\/\/www.r2cpress.com.br\/v1\/wp-json\/wp\/v2\/types\/post"}],"author":[{"embeddable":true,"href":"https:\/\/www.r2cpress.com.br\/v1\/wp-json\/wp\/v2\/users\/2"}],"replies":[{"embeddable":true,"href":"https:\/\/www.r2cpress.com.br\/v1\/wp-json\/wp\/v2\/comments?post=106647"}],"version-history":[{"count":4,"href":"https:\/\/www.r2cpress.com.br\/v1\/wp-json\/wp\/v2\/posts\/106647\/revisions"}],"predecessor-version":[{"id":106651,"href":"https:\/\/www.r2cpress.com.br\/v1\/wp-json\/wp\/v2\/posts\/106647\/revisions\/106651"}],"wp:attachment":[{"href":"https:\/\/www.r2cpress.com.br\/v1\/wp-json\/wp\/v2\/media?parent=106647"}],"wp:term":[{"taxonomy":"category","embeddable":true,"href":"https:\/\/www.r2cpress.com.br\/v1\/wp-json\/wp\/v2\/categories?post=106647"},{"taxonomy":"post_tag","embeddable":true,"href":"https:\/\/www.r2cpress.com.br\/v1\/wp-json\/wp\/v2\/tags?post=106647"}],"curies":[{"name":"wp","href":"https:\/\/api.w.org\/{rel}","templated":true}]}}