{"id":106664,"date":"2017-02-06T18:50:22","date_gmt":"2017-02-06T21:50:22","guid":{"rendered":"http:\/\/www.r2cpress.com.br\/v1\/?p=106664"},"modified":"2017-02-06T18:50:22","modified_gmt":"2017-02-06T21:50:22","slug":"luiz-castro-em-decolores-272","status":"publish","type":"post","link":"https:\/\/www.r2cpress.com.br\/v1\/2017\/02\/06\/luiz-castro-em-decolores-272\/","title":{"rendered":"Luiz Castro em: DECOLORES"},"content":{"rendered":"<h2 style=\"text-align: center;\"><span style=\"color: #000000;\"><strong>CARNAVAL NA AVENIDA SOARES LOPES<\/strong><\/span><\/h2>\n<p><img loading=\"lazy\" class=\"alignleft\" src=\"http:\/\/www.r2cpress.com.br\/v1\/wp-content\/uploads\/luiz-castro_novo-emaIL.jpg\" alt=\"\" width=\"300\" height=\"118\" \/>Por ser pr\u00f3xima a Rua Fonte da Cruz, onde resido at\u00e9 hoje, desde cedo freq\u00fcento a Avenida Soares Lopes. Lembro-me perfeitamente de sua beleza exuberante, totalmente arborizada, com in\u00fameros canteiros no meio, sendo ornamentados por postes de bronze tipo\u00a0 colonial, sinalizando m\u00e3o e contra m\u00e3o.<\/p>\n<p>No per\u00edodo carnavalesco, os Jipes e as camionetes, trafegavam pela Avenida, enfeitados\u00a0 de confetes e serpentinas.<\/p>\n<p>Os foli\u00f5es demonstravam total alegria, cantarolando a m\u00fasica da \u00e9poca: \u201cO vov\u00f4 ia a cavalo\/ para visitar\u00a0 vov\u00f3\/ o papai ia\u00a0 de bicicleta \/ ora vejam s\u00f3\/\u00a0 Hoje tudo ta mudado\/\u00a0 ta mudado sim senhor\/ pois eu tenho minha lambreta\/ para ver o meu amor. Corre corre lambretinha\/ pela estrada al\u00e9m\/ corre corre lambretinha\/ pra ver meu bem.<\/p>\n<p>Toda orla era iluminada e decorada de adere\u00e7os,\u00a0 para receber os foli\u00f5es,\u00a0 blocos, escolas de samba, pirr\u00f4s e colombinas, batucadas e afox\u00e9s.<\/p>\n<p>No per\u00edodo carnavalesco, costumava-se fazer homenagem ao ent\u00e3o\u00a0 Prefeito Herval Soledade, em frente a sua resid\u00eancia\u00a0 , cantarolando aquela musiqueta: Herval \u00e9 o maior\/ Herval \u00e9 que \u00e9 o tal\/ que coisa louca\/ que coisa rara\/ Herval n\u00e3o respeita a cara.<\/p>\n<p>Ou ent\u00e3o cantavam\u00a0 aquela marchinha: Viva Z\u00e9 Pereira&#8230;.. Diferente da letra original cantavam assim:\u00a0 Viva S\u00e1 Pereira\/Viva o carnaval\/ Viva S\u00e1 Pereira\/ No cen\u00e1rio nacional.<\/p>\n<p><!--more--><\/p>\n<p>S\u00e1 Pereira, era um homem ilustre que residia em nossa cidade, tratava-se de um ser humano caridoso,\u00a0 muito bom , que trabalhava em prol dos mais necessitados. Chegou fundar um Banco denominado Banco S\u00e1 Pereira. Al\u00e9m de emprestar dinheiro aos pobres, S\u00e1 Pereira cedeu v\u00e1rios patrim\u00f4nios de sua propriedade. Era muito religioso,e\u00a0 sua assinatura era interessante, pois\u00a0 afirmava ser o\u00a0 1\u00ba Servente da Virgem Sant\u00edssima. Certa \u00e9poca\u00a0 teve uma pequena diverg\u00eancia com o ent\u00e3o\u00a0 Bispo Diocesano Dom Caetano, que chegou a lhe excomungar\u00a0 ,\u00a0 contudo\u00a0 depois\u00a0 voltaram\u00a0 a\u00a0 normalidade, por ordem do Vaticano.\u00a0 Ilh\u00e9us deve muitas\u00a0 homenagens\u00a0 a essa figura humana extraordin\u00e1ria.<\/p>\n<p>Ap\u00f3s as homenagens, o ent\u00e3o saudoso Prefeito aparecia na janela, acenando para os carnavalescos, e a batucada de Tor\u00f4co rufava os tambores, gritando: Viva Herval, Viva Ilh\u00e9us, Viva o carnaval.<\/p>\n<p>Era tradi\u00e7\u00e3o tamb\u00e9m ir\u00a0 aos Clubes\u00a0 e\u00a0 os bailes iniciavam exatamente \u00e0s 22:00 horas e terminavam \u00e0s 04:00 horas, o clube mais freq\u00fcentado pela elite da \u00e9poca\u00a0 era o Social de Ilh\u00e9us; O clube dos Banc\u00e1rios era dos intermedi\u00e1rios e o Clube dos Comerci\u00e1rios era freq\u00fcentado\u00a0 pela\u00a0 classe comerci\u00e1ria. Tive o privil\u00e9gio de freq\u00fcentar todos os clubes, inclusive o Clube Social\u00a0 do Pontal, embora\u00a0 gostasse mais dos Comerci\u00e1rios, pois o carnaval era mais alegre e participativo.<\/p>\n<p>Quando terminava a noitada\u00a0 era hora de fazer o rango e como eu\u00a0 tinha pouca grana, \u00edamos\u00a0 \u00e0 Padaria Luso Brasileiro, saborear aquele\u00a0 p\u00e3o comum bem quentinho com mortadela e manteiga, despachado pelo tradicional Seu Pereira, que nos dizia: \u201cQue beleza, eu trabalhando e voc\u00eas dan\u00e7ando\u201d.<\/p>\n<p>Contudo quando a grana era gorda,\u00a0\u00a0 \u00edamos ao Restaurante\u00a0 Jangadeiro , de propriedade do\u00a0 Ministro da Educa\u00e7\u00e3o Walter, que n\u00e3o aceitava nenhuma reclama\u00e7\u00e3o por parte do fregu\u00eas. Certo dia,\u00a0 algu\u00e9m\u00a0 pediu um fil\u00e9 a cavalo e\u00a0 o fil\u00e9 foi servido sem o ovo estrelado. Ap\u00f3s a reclama\u00e7\u00e3o \u00a0, o Ministro da educa\u00e7\u00e3o aproximou-se da mesa e recolheu os pratos dizendo: \u201cO meu fil\u00e9 sirvo da minha maneira, pode sair e n\u00e3o precisa pagar nada\u201d e\u00a0 deu\u00a0 aquela baforada com seu cigarro mata rato.<\/p>\n<p>Tamb\u00e9m era muito comum\u00a0 caminhar tranquilamente\u00a0 pelas ruas da cidade,\u00a0 na madrugada, muitos\u00a0 amigos\u00a0 moravam\u00a0 no pontal e tinham\u00a0 que aguardar a primeira lancha, outros moravam na Conquista ou no Malhado e aguardavam o hor\u00e1rio dos primeiros coletivos. Eu\u00a0 e outros\u00a0\u00a0 que residiam no centro, \u00edamos\u00a0\u00a0 para Avenida,\u00a0 contemplar nosso maravilhoso mar.<\/p>\n<p>Ap\u00f3s o carnaval, a cidade voltava sua normalidade, e a avenida passava\u00a0 a ser o\u00a0 palco da juventude e dos casais de namorados. Era bom demais, quando marc\u00e1vamos\u00a0 encontro\u00a0 com as namoradas na avenida, e \u00edamos para o Cine Santa Clara. Depois do cinema\u00a0 era tradi\u00e7\u00e3o desfilar com a namorada , de m\u00e3os dadas e\u00a0 lutar\u00a0\u00a0 para conseguir aquele beijinho, e\u00a0 pontualmente \u00e0ss 21:30 , era hora de deixar\u00a0 a namorada em casa, sen\u00e3o perdia a m\u00e9dia com o pai da garota, pois o compromisso era muito s\u00e9rio.<\/p>\n<p>Depois,\u00a0 era a vez de\u00a0 encontrar-se com os amigos para\u00a0 fazer\u00a0\u00a0\u00a0\u00a0 farra no Bar Santa Clara\u00a0 ,\u00a0 na Boate Lido,\u00a0\u00a0 nos B\u00fazios ou nos Velhos Marinheiros, ou visitar \u201cas meninas\u201d no Carneiro da Rocha ou na Rua do Dend\u00ea.<\/p>\n<p>Hoje\u00a0 n\u00e3o temos aqueles carnavais de outrora, Herval ,\u00a0\u00a0 Seu Pereira e outros conhecidos,\u00a0 foram\u00a0 morar no c\u00e9u, os clubes Banc\u00e1rios, Social do Pontal e os Comerci\u00e1rios n\u00e3o existem mais,\u00a0 as ruas est\u00e3o desertas, a rua do Dend\u00ea e Carneiro da Rocha passaram a\u00a0 ser comerciais e residenciais, a Avenida encontra-se\u00a0 vazia sem os casais de namorados,\u00a0\u00a0 pois\u00a0 a popula\u00e7\u00e3o teme ser assaltada .<\/p>\n<p>&nbsp;<\/p>\n<p>Colabora\u00e7\u00e3o de Luiz Castro<\/p>\n<p>Bacharel Administra\u00e7\u00e3o de Empresa<\/p>\n","protected":false},"excerpt":{"rendered":"<p>CARNAVAL NA AVENIDA SOARES LOPES Por ser pr\u00f3xima a Rua Fonte da Cruz, onde resido at\u00e9 hoje, desde cedo freq\u00fcento a Avenida Soares Lopes. Lembro-me perfeitamente de sua beleza exuberante, totalmente arborizada, com in\u00fameros canteiros no meio, sendo ornamentados por postes de bronze tipo\u00a0 colonial, sinalizando m\u00e3o e contra m\u00e3o. No per\u00edodo carnavalesco, os Jipes [&hellip;]<\/p>\n","protected":false},"author":2,"featured_media":0,"comment_status":"open","ping_status":"open","sticky":false,"template":"","format":"standard","meta":{"_links_to":"","_links_to_target":""},"categories":[10],"tags":[],"_links":{"self":[{"href":"https:\/\/www.r2cpress.com.br\/v1\/wp-json\/wp\/v2\/posts\/106664"}],"collection":[{"href":"https:\/\/www.r2cpress.com.br\/v1\/wp-json\/wp\/v2\/posts"}],"about":[{"href":"https:\/\/www.r2cpress.com.br\/v1\/wp-json\/wp\/v2\/types\/post"}],"author":[{"embeddable":true,"href":"https:\/\/www.r2cpress.com.br\/v1\/wp-json\/wp\/v2\/users\/2"}],"replies":[{"embeddable":true,"href":"https:\/\/www.r2cpress.com.br\/v1\/wp-json\/wp\/v2\/comments?post=106664"}],"version-history":[{"count":2,"href":"https:\/\/www.r2cpress.com.br\/v1\/wp-json\/wp\/v2\/posts\/106664\/revisions"}],"predecessor-version":[{"id":106666,"href":"https:\/\/www.r2cpress.com.br\/v1\/wp-json\/wp\/v2\/posts\/106664\/revisions\/106666"}],"wp:attachment":[{"href":"https:\/\/www.r2cpress.com.br\/v1\/wp-json\/wp\/v2\/media?parent=106664"}],"wp:term":[{"taxonomy":"category","embeddable":true,"href":"https:\/\/www.r2cpress.com.br\/v1\/wp-json\/wp\/v2\/categories?post=106664"},{"taxonomy":"post_tag","embeddable":true,"href":"https:\/\/www.r2cpress.com.br\/v1\/wp-json\/wp\/v2\/tags?post=106664"}],"curies":[{"name":"wp","href":"https:\/\/api.w.org\/{rel}","templated":true}]}}