{"id":106667,"date":"2017-02-06T23:05:40","date_gmt":"2017-02-07T02:05:40","guid":{"rendered":"http:\/\/www.r2cpress.com.br\/v1\/?p=106667"},"modified":"2017-02-06T23:05:40","modified_gmt":"2017-02-07T02:05:40","slug":"rui-investe-em-escolas-culturais-e-reforca-estrutura-da-educacao","status":"publish","type":"post","link":"https:\/\/www.r2cpress.com.br\/v1\/2017\/02\/06\/rui-investe-em-escolas-culturais-e-reforca-estrutura-da-educacao\/","title":{"rendered":"Rui investe em escolas culturais e refor\u00e7a estrutura da Educa\u00e7\u00e3o"},"content":{"rendered":"<p><div id=\"attachment_106668\" style=\"width: 320px\" class=\"wp-caption alignright\"><a href=\"http:\/\/www.r2cpress.com.br\/v1\/wp-content\/uploads\/2017\/02\/Diga\u00ed_070217_Camila-Souza_01.jpg\"><img aria-describedby=\"caption-attachment-106668\" loading=\"lazy\" src=\"http:\/\/www.r2cpress.com.br\/v1\/wp-content\/uploads\/2017\/02\/Diga\u00ed_070217_Camila-Souza_01.jpg\" alt=\"By Camila Souza\" width=\"310\" height=\"207\" class=\"size-full wp-image-106668\" srcset=\"https:\/\/www.r2cpress.com.br\/v1\/wp-content\/uploads\/2017\/02\/Diga\u00ed_070217_Camila-Souza_01.jpg 310w, https:\/\/www.r2cpress.com.br\/v1\/wp-content\/uploads\/2017\/02\/Diga\u00ed_070217_Camila-Souza_01-300x200.jpg 300w\" sizes=\"(max-width: 310px) 100vw, 310px\" \/><\/a><p id=\"caption-attachment-106668\" class=\"wp-caption-text\">By Camila Souza<\/p><\/div>A Bahia ter\u00e1 80 escolas culturais, constitu\u00eddas em espa\u00e7os abertos para a sociedade. O assunto \u00e9 destaque do programa Diga\u00ed, Governador! desta semana. &#8220;Em cada uma dessas escolas, n\u00f3s teremos, por exemplo, um n\u00facleo de orquestra do Neojiba. Assim como outras linguagens, como dan\u00e7a e poesia. Queremos transformar essas escolas em celeiros de arte. E quem sabe podemos despertar e descobrir muitos talentos existentes nas nossas escolas culturais&#8221;, afirma Rui Costa. <\/p>\n<p>De acordo com a governador, a ideia do projeto surgiu a partir da s\u00e9rie de visitas a escolas que ele tem realizado desde o in\u00edcio da gest\u00e3o. J\u00e1 s\u00e3o 222 unidades de ensino visitadas ao longo de 237 viagens ao interior da Bahia. &#8220;L\u00e1 no in\u00edcio, em 2015, eu conheci uma escola em Tanha\u00e7u, onde o diretor montou uma sala de cinema em uma das salas de aula e aberta n\u00e3o apenas aos alunos. Baseado nesta e em muitas outras experi\u00eancias que conheci ao longo desses dois anos, estamos lan\u00e7ando agora as escolas culturais. Ser\u00e3o 80 escolas culturais espalhadas pela Bahia&#8221;. <\/p>\n<p><!--more--><\/p>\n<p>Cerca de R$ 100 milh\u00f5es ser\u00e3o investidos na melhoria da estrutura f\u00edsica das escolas, lembra Rui. &#8220;Al\u00e9m disso, estamos anunciando que todas as escolas de n\u00edvel m\u00e9dio do Estado ter\u00e3o coordenadores-pedag\u00f3gicos. Isso aumenta nossa expectativa de qualidade nas escolas&#8221;. <\/p>\n<p>Como marco de valoriza\u00e7\u00e3o da educa\u00e7\u00e3o, o governador destaca o Programa Primeiro Emprego, lan\u00e7ado em novembro do ano passado e que tem como meta preencher, apenas no setor p\u00fablico, 9 mil vagas at\u00e9 novembro de 2018. As vagas s\u00e3o para &#8220;jovens que conclu\u00edrem o segundo grau [n\u00edvel m\u00e9dio] com curso profissionalizante, em v\u00e1rias \u00e1reas do Estado, assim como tamb\u00e9m na iniciativa privada&#8221;. <\/p>\n<p>Nesta edi\u00e7\u00e3o, Rui anuncia ainda o lan\u00e7amento do Programa Mais Futuro, no primeiro semestre deste ano, &#8220;voltado aos jovens que est\u00e3o na universidade. [&#8230;] Para oferecer uma bolsa de estudo \u00e0queles jovens de fam\u00edlia carente e cadastrados no Cad\u00danico. Nossa expectativa \u00e9 alcan\u00e7ar algo em torno de 8 mil jovens. Ap\u00f3s o sexto semestre, eles v\u00e3o ter a oferta de est\u00e1gio em v\u00e1rios \u00f3rg\u00e3os p\u00fablicos do Estado, inclusive nas escolas estaduais&#8221;. <\/p>\n<p>Abertura do ano letivo<\/p>\n<p>Com o in\u00edcio do ano letivo, o governador convoca &#8220;os jovens, os professores e a comunidade escolar, junto com a fam\u00edlia, para que o retorno \u00e0s aulas ocorra com a maior motiva\u00e7\u00e3o poss\u00edvel e o maior entrosamento com a fam\u00edlia, para que possamos ter um ano que marque a hist\u00f3ria da educa\u00e7\u00e3o na Bahia&#8221;. <\/p>\n<p>Nesta quarta-feira (8), Rui participa programa de abertura do ano letivo, realizado no Centro Educacional Carneiro Ribeiro &#8211; Escola Parque, no bairro Caixa D&#8217;\u00c1gua, em Salvador, das 8h30 \u00e0s 10h. O programa ser\u00e1 transmitido, ao vivo, pela TV Educativa (TVE) e tamb\u00e9m pelo Portal da Educa\u00e7\u00e3o.<\/p>\n<p>O Diga\u00ed, Governador! \u00e9 produzido pela Secretaria de Comunica\u00e7\u00e3o Social (Secom), veiculado pela R\u00e1dio Educadora FM 107,5 MHz e reproduzido por diversos ve\u00edculos de comunica\u00e7\u00e3o. Est\u00e1 dispon\u00edvel no site da Secom e pelo telefone 0800 071-7328.<\/p>\n","protected":false},"excerpt":{"rendered":"<p>A Bahia ter\u00e1 80 escolas culturais, constitu\u00eddas em espa\u00e7os abertos para a sociedade. O assunto \u00e9 destaque do programa Diga\u00ed, Governador! desta semana. &#8220;Em cada uma dessas escolas, n\u00f3s teremos, por exemplo, um n\u00facleo de orquestra do Neojiba. Assim como outras linguagens, como dan\u00e7a e poesia. Queremos transformar essas escolas em celeiros de arte. E [&hellip;]<\/p>\n","protected":false},"author":2,"featured_media":0,"comment_status":"open","ping_status":"open","sticky":false,"template":"","format":"standard","meta":{"_links_to":"","_links_to_target":""},"categories":[8,29],"tags":[],"_links":{"self":[{"href":"https:\/\/www.r2cpress.com.br\/v1\/wp-json\/wp\/v2\/posts\/106667"}],"collection":[{"href":"https:\/\/www.r2cpress.com.br\/v1\/wp-json\/wp\/v2\/posts"}],"about":[{"href":"https:\/\/www.r2cpress.com.br\/v1\/wp-json\/wp\/v2\/types\/post"}],"author":[{"embeddable":true,"href":"https:\/\/www.r2cpress.com.br\/v1\/wp-json\/wp\/v2\/users\/2"}],"replies":[{"embeddable":true,"href":"https:\/\/www.r2cpress.com.br\/v1\/wp-json\/wp\/v2\/comments?post=106667"}],"version-history":[{"count":2,"href":"https:\/\/www.r2cpress.com.br\/v1\/wp-json\/wp\/v2\/posts\/106667\/revisions"}],"predecessor-version":[{"id":106670,"href":"https:\/\/www.r2cpress.com.br\/v1\/wp-json\/wp\/v2\/posts\/106667\/revisions\/106670"}],"wp:attachment":[{"href":"https:\/\/www.r2cpress.com.br\/v1\/wp-json\/wp\/v2\/media?parent=106667"}],"wp:term":[{"taxonomy":"category","embeddable":true,"href":"https:\/\/www.r2cpress.com.br\/v1\/wp-json\/wp\/v2\/categories?post=106667"},{"taxonomy":"post_tag","embeddable":true,"href":"https:\/\/www.r2cpress.com.br\/v1\/wp-json\/wp\/v2\/tags?post=106667"}],"curies":[{"name":"wp","href":"https:\/\/api.w.org\/{rel}","templated":true}]}}