{"id":106674,"date":"2017-02-07T15:04:51","date_gmt":"2017-02-07T18:04:51","guid":{"rendered":"http:\/\/www.r2cpress.com.br\/v1\/?p=106674"},"modified":"2017-02-07T15:04:51","modified_gmt":"2017-02-07T18:04:51","slug":"rui-comeca-fevereiro-focando-obras-e-servicos-no-interior-da-bahia","status":"publish","type":"post","link":"https:\/\/www.r2cpress.com.br\/v1\/2017\/02\/07\/rui-comeca-fevereiro-focando-obras-e-servicos-no-interior-da-bahia\/","title":{"rendered":"Rui come\u00e7a fevereiro focando obras e servi\u00e7os no interior da Bahia"},"content":{"rendered":"<p>At\u00e9 o pr\u00f3ximo s\u00e1bado (11) o Governador Rui Costa tem v\u00e1rios compromissos em sua agenda nesse in\u00edcio do m\u00eas de fevereiro na capital e no interior, com maior intensidade. Nesta ter\u00e7a-feira, (07) \u00e0s 14h, Rui recebe no Gabinete da Governadoria em visita de cortesia, o C\u00f4nsul Daniel Kunz do Consulado da Sui\u00e7a.<\/p>\n<p>Na quarta-feira (8) das 08h30 as 10h30, o governador participa da abertura do ano letivo 2017 no Centro Educacional Carneiro Ribeiro, conhecido por Escola Parque, no bairro da Caixa D&#8217;\u00e1gua. O evento ser\u00e1 transmitido atrav\u00e9s da TVE Bahia e pela internet atrav\u00e9s do site<a href=\"http:\/\/www.tve.ba.gov.br\/\">www.tve.ba.gov.br<\/a>.<\/p>\n<p>Na quinta-feira (9),das 09h30 e 11h30, Rui cumpre agenda em Vera Cruz e inaugura a restaura\u00e7\u00e3o em 16,70 km em asfalto e paralelep\u00edpedos nas passagens urbanas de Cacha Pregos. O governador tamb\u00e9m assina autoriza\u00e7\u00e3o \u00e0 Seinfra (Secretaria de Infraestrutura) de Edital da licita\u00e7\u00e3o para restaura\u00e7\u00e3o e pavimenta\u00e7\u00e3o da Ba 001 nos trechos de acesso a Baiacu e Cacha Pregos. Ainda na agenda, entrega de duas viaturas para a Pol\u00edcia Civil, beneficiando os munic\u00edpios de Maragojipe e Nazar\u00e9.<\/p>\n<p>Na sexta-feira (10), das 9h30 \u00e0s 11h30, Rui Costa visita o munic\u00edpio de Alcoba\u00e7a e entrega viaturas da Pol\u00edcia Militar e Civil para as cidades de Teixeira de Freitas, Medeiros Neto, Mucuri e Prado.\u00a0 Ainda em Alcoba\u00e7a, o governador tamb\u00e9m autoriza a SDR (Secretaria de Desenvolvimento Rural) e a CAR (Companhia de Desenvolvimento e A\u00e7\u00e3o regional) para celebraremseis conv\u00eanios no setor do Programa Bahia Produtiva na cultura de bois, cabras e abelhas.<\/p>\n<p>J\u00e1 no s\u00e1bado (11), a partir das 09h30, Rui marca presen\u00e7a no munic\u00edpio de Ruy Barbosa e assina a autoriza\u00e7\u00e3o para a SDR\/CAR celebrarem quatro conv\u00eanios do Programa Bahia Produtiva na cultura de bois, peixes e abelhas, al\u00e9m da \u00e1rea socioambiental. Ainda em Ruy Barbosa, o Governador faz entrega de viaturas para a Pol\u00edcia Civil, beneficiando os munic\u00edpios de Pintadas, Boa Vista do Tupim, Ia\u00e7u, Macajuba, Milagres, Utinga, Wagner, Itaberaba e Ipir\u00e1.<\/p>\n<p>&nbsp;<\/p>\n","protected":false},"excerpt":{"rendered":"<p>At\u00e9 o pr\u00f3ximo s\u00e1bado (11) o Governador Rui Costa tem v\u00e1rios compromissos em sua agenda nesse in\u00edcio do m\u00eas de fevereiro na capital e no interior, com maior intensidade. Nesta ter\u00e7a-feira, (07) \u00e0s 14h, Rui recebe no Gabinete da Governadoria em visita de cortesia, o C\u00f4nsul Daniel Kunz do Consulado da Sui\u00e7a. Na quarta-feira (8) [&hellip;]<\/p>\n","protected":false},"author":2,"featured_media":0,"comment_status":"open","ping_status":"open","sticky":false,"template":"","format":"standard","meta":{"_links_to":"","_links_to_target":""},"categories":[29],"tags":[],"_links":{"self":[{"href":"https:\/\/www.r2cpress.com.br\/v1\/wp-json\/wp\/v2\/posts\/106674"}],"collection":[{"href":"https:\/\/www.r2cpress.com.br\/v1\/wp-json\/wp\/v2\/posts"}],"about":[{"href":"https:\/\/www.r2cpress.com.br\/v1\/wp-json\/wp\/v2\/types\/post"}],"author":[{"embeddable":true,"href":"https:\/\/www.r2cpress.com.br\/v1\/wp-json\/wp\/v2\/users\/2"}],"replies":[{"embeddable":true,"href":"https:\/\/www.r2cpress.com.br\/v1\/wp-json\/wp\/v2\/comments?post=106674"}],"version-history":[{"count":1,"href":"https:\/\/www.r2cpress.com.br\/v1\/wp-json\/wp\/v2\/posts\/106674\/revisions"}],"predecessor-version":[{"id":106675,"href":"https:\/\/www.r2cpress.com.br\/v1\/wp-json\/wp\/v2\/posts\/106674\/revisions\/106675"}],"wp:attachment":[{"href":"https:\/\/www.r2cpress.com.br\/v1\/wp-json\/wp\/v2\/media?parent=106674"}],"wp:term":[{"taxonomy":"category","embeddable":true,"href":"https:\/\/www.r2cpress.com.br\/v1\/wp-json\/wp\/v2\/categories?post=106674"},{"taxonomy":"post_tag","embeddable":true,"href":"https:\/\/www.r2cpress.com.br\/v1\/wp-json\/wp\/v2\/tags?post=106674"}],"curies":[{"name":"wp","href":"https:\/\/api.w.org\/{rel}","templated":true}]}}