{"id":106684,"date":"2017-02-08T11:38:46","date_gmt":"2017-02-08T14:38:46","guid":{"rendered":"http:\/\/www.r2cpress.com.br\/v1\/?p=106684"},"modified":"2017-02-08T11:38:46","modified_gmt":"2017-02-08T14:38:46","slug":"debate-sobre-gestao-de-saude-reune-representantes-de-364-municipios-em-salvador","status":"publish","type":"post","link":"https:\/\/www.r2cpress.com.br\/v1\/2017\/02\/08\/debate-sobre-gestao-de-saude-reune-representantes-de-364-municipios-em-salvador\/","title":{"rendered":"Debate sobre gest\u00e3o de sa\u00fade re\u00fane representantes de 364 munic\u00edpios em Salvador"},"content":{"rendered":"<p>Representantes de 364 munic\u00edpios baianos est\u00e3o reunidos no Hotel Fiesta, em Salvador, para participar do Semin\u00e1rio de Integra\u00e7\u00e3o da Gest\u00e3o da Sa\u00fade. O encontro realizado pela Secretaria da Sa\u00fade do Estado da Bahia (Sesab) e o Conselho Estadual dos Secret\u00e1rios Municipais de Sa\u00fade (Cosems\/BA) iniciou na ter\u00e7a-feira (dia 7) e tem como objetivo debater os avan\u00e7os e desafios do Sistema \u00danico de Sa\u00fade (SUS) na Bahia, bem como aspectos relacionados \u00e0 vigil\u00e2ncia, regula\u00e7\u00e3o, medicamentos e financiamento.<\/p>\n<div id=\"attachment_106685\" style=\"width: 610px\" class=\"wp-caption aligncenter\"><a href=\"http:\/\/www.r2cpress.com.br\/v1\/wp-content\/uploads\/2017\/02\/semin\u00e1rio-sa\u00fade.jpg\"><img aria-describedby=\"caption-attachment-106685\" loading=\"lazy\" class=\"size-full wp-image-106685\" src=\"http:\/\/www.r2cpress.com.br\/v1\/wp-content\/uploads\/2017\/02\/semin\u00e1rio-sa\u00fade.jpg\" alt=\"semin\u00e1rio-sa\u00fade. \" width=\"600\" height=\"399\" srcset=\"https:\/\/www.r2cpress.com.br\/v1\/wp-content\/uploads\/2017\/02\/semin\u00e1rio-sa\u00fade.jpg 600w, https:\/\/www.r2cpress.com.br\/v1\/wp-content\/uploads\/2017\/02\/semin\u00e1rio-sa\u00fade-300x199.jpg 300w\" sizes=\"(max-width: 600px) 100vw, 600px\" \/><\/a><p id=\"caption-attachment-106685\" class=\"wp-caption-text\">semin\u00e1rio-sa\u00fade.<\/p><\/div>\n<p>Para o secret\u00e1rio da Sa\u00fade do Estado da Bahia, F\u00e1bio Vilas-Boas, a busca pela efici\u00eancia deve ser a meta de todo gestor p\u00fablico, sobretudo, daqueles que atuam na \u00e1rea da sa\u00fade. &#8220;Em um cen\u00e1rio nacional de grave subfinanciamento, o recurso p\u00fablico \u00e9 ainda mais escasso. Repensar os fluxos, capacitar os profissionais e investir nas a\u00e7\u00f5es que sejam, de fato, resolutivas, \u00e9 a forma mais adequada de alcan\u00e7ar este objetivo&#8221;, afirmou Vilas-Boas, durante sua apresenta\u00e7\u00e3o no encontro que ser\u00e1 encerrado na tarde desta quarta-feira (dia 8).<\/p>\n<p>Na Bahia, um dos exemplos de otimiza\u00e7\u00e3o do gasto p\u00fablico s\u00e3o os Cons\u00f3rcios P\u00fablicos de Sa\u00fade, na qual os entes consorciados rateiam os custos de um servi\u00e7o, possibilitando simultaneamente, a amplia\u00e7\u00e3o e descentraliza\u00e7\u00e3o da assist\u00eancia, bem como o reequil\u00edbrio financeiro dos munic\u00edpios. No momento, quatro policl\u00ednicas regionais de sa\u00fade est\u00e3o em constru\u00e7\u00e3o e com obras aceleradas, em Jequi\u00e9, Teixeira de Freitas, Irec\u00ea e Guanambi. Com previs\u00e3o de inaugura\u00e7\u00e3o no primeiro semestre de 2017, as unidades ser\u00e3o geridas de forma compartilhada entre munic\u00edpios e o Estado, por meio do cons\u00f3rcio.<\/p>\n<p>&#8220;A meta \u00e9 construir 28 policl\u00ednicas at\u00e9 o final de 2018, possibilitando que as pessoas n\u00e3o precisem mais se deslocar para a capital a fim de fazer exames. As policl\u00ednicas oferecer\u00e3o at\u00e9 13 especialidades, al\u00e9m de servi\u00e7os de apoio ao diagn\u00f3stico como radiografia, tomografia, ultrassonografia, endoscopia e resson\u00e2ncia magn\u00e9tica&#8221;, afirma Vilas-Boas.<\/p>\n<p>A secret\u00e1ria de Sa\u00fade de Jaguaripe, Larissa Costa, refor\u00e7ou a import\u00e2ncia de ter acesso \u00e0s informa\u00e7\u00f5es de gest\u00e3o do Sistema \u00danico de Sa\u00fade. &#8220;Esta proposta de possibilitar a integra\u00e7\u00e3o dos gestores da rede \u00e9 muito importante, pois, al\u00e9m do contato mais pr\u00f3ximo com a gest\u00e3o estadual e com o Cosems, permite a troca de experi\u00eancia entre os gestores municipais&#8221;, disse.<\/p>\n<p>&nbsp;<\/p>\n","protected":false},"excerpt":{"rendered":"<p>Representantes de 364 munic\u00edpios baianos est\u00e3o reunidos no Hotel Fiesta, em Salvador, para participar do Semin\u00e1rio de Integra\u00e7\u00e3o da Gest\u00e3o da Sa\u00fade. O encontro realizado pela Secretaria da Sa\u00fade do Estado da Bahia (Sesab) e o Conselho Estadual dos Secret\u00e1rios Municipais de Sa\u00fade (Cosems\/BA) iniciou na ter\u00e7a-feira (dia 7) e tem como objetivo debater os [&hellip;]<\/p>\n","protected":false},"author":2,"featured_media":0,"comment_status":"open","ping_status":"open","sticky":false,"template":"","format":"standard","meta":{"_links_to":"","_links_to_target":""},"categories":[29,24],"tags":[],"_links":{"self":[{"href":"https:\/\/www.r2cpress.com.br\/v1\/wp-json\/wp\/v2\/posts\/106684"}],"collection":[{"href":"https:\/\/www.r2cpress.com.br\/v1\/wp-json\/wp\/v2\/posts"}],"about":[{"href":"https:\/\/www.r2cpress.com.br\/v1\/wp-json\/wp\/v2\/types\/post"}],"author":[{"embeddable":true,"href":"https:\/\/www.r2cpress.com.br\/v1\/wp-json\/wp\/v2\/users\/2"}],"replies":[{"embeddable":true,"href":"https:\/\/www.r2cpress.com.br\/v1\/wp-json\/wp\/v2\/comments?post=106684"}],"version-history":[{"count":1,"href":"https:\/\/www.r2cpress.com.br\/v1\/wp-json\/wp\/v2\/posts\/106684\/revisions"}],"predecessor-version":[{"id":106686,"href":"https:\/\/www.r2cpress.com.br\/v1\/wp-json\/wp\/v2\/posts\/106684\/revisions\/106686"}],"wp:attachment":[{"href":"https:\/\/www.r2cpress.com.br\/v1\/wp-json\/wp\/v2\/media?parent=106684"}],"wp:term":[{"taxonomy":"category","embeddable":true,"href":"https:\/\/www.r2cpress.com.br\/v1\/wp-json\/wp\/v2\/categories?post=106684"},{"taxonomy":"post_tag","embeddable":true,"href":"https:\/\/www.r2cpress.com.br\/v1\/wp-json\/wp\/v2\/tags?post=106684"}],"curies":[{"name":"wp","href":"https:\/\/api.w.org\/{rel}","templated":true}]}}