{"id":106693,"date":"2017-02-08T13:35:02","date_gmt":"2017-02-08T16:35:02","guid":{"rendered":"http:\/\/www.r2cpress.com.br\/v1\/?p=106693"},"modified":"2017-02-08T13:35:02","modified_gmt":"2017-02-08T16:35:02","slug":"acoes-da-policia-rodoviaria-reduzem-acidentes-fatais-nas-estradas","status":"publish","type":"post","link":"https:\/\/www.r2cpress.com.br\/v1\/2017\/02\/08\/acoes-da-policia-rodoviaria-reduzem-acidentes-fatais-nas-estradas\/","title":{"rendered":"A\u00e7\u00f5es da Pol\u00edcia Rodovi\u00e1ria reduzem acidentes fatais nas estradas"},"content":{"rendered":"<p>O n\u00famero de acidentes com v\u00edtimas fatais nas rodovias do Sul, Extremo Sul e parte do Sudoeste da Bahia, durante o m\u00eas de Janeiro, diminuiu em 44% se comparado com o mesmo per\u00edodo do ano passado, de acordo com a Companhia Independente de Pol\u00edcia Rodovi\u00e1ria (CIPRv\/Itabuna).<\/p>\n<p>A corpora\u00e7\u00e3o informa que foram registrados 92 acidentes, que deixaram 9 v\u00edtimas em estado grave e 4 mortos. No mesmo per\u00edodo, em 2016, o balan\u00e7o foi de 123 acidentes, com 15 v\u00edtimas graves e 9 v\u00edtimas fatais.<\/p>\n<p>Para o Comandante da CIPRv\/Itabuna, Ten Cel C\u00e2mara, a queda no n\u00famero de acidentes e mortos nas estradas baianas \u00e9 devido a uma opera\u00e7\u00e3o especial montada pelo \u00f3rg\u00e3o desde o per\u00edodo de fim de ano, com intensifica\u00e7\u00e3o da fiscaliza\u00e7\u00e3o nos principais pontos das rodovias. \u201cO \u00edndice geral de redu\u00e7\u00e3o de acidentes chegou a 25,2%, o que representa que a Unidade est\u00e1 realizando com sucesso a sua miss\u00e3o de zelar pela seguran\u00e7a e pela vida nas rodovias. O nosso objetivo \u00e9 a conscientiza\u00e7\u00e3o dos condutores a respeito da import\u00e2ncia dos itens de seguran\u00e7a, das a\u00e7\u00f5es proibidas nas rodovias, como excesso de velocidade, e contra a ingest\u00e3o de \u00e1lcool\u201d, falou.<\/p>\n<p>O Cap Brito Junior, Subcomandante da Unidade, informa que parte do efetivo tem se destacado para as rodovias de maior movimenta\u00e7\u00e3o. \u201cAs a\u00e7\u00f5es educativas e fiscalizat\u00f3rias t\u00eam acontecido, principalmente, nas \u00e1reas litor\u00e2neas de abrang\u00eancia da Unidade, devido ao aumento consider\u00e1vel no tr\u00e1fego dessas regi\u00f5es. As guarni\u00e7\u00f5es, desde o in\u00edcio de Fevereiro, contam com etil\u00f4metros para as abordagens, pois um dos focos \u00e9 a fiscaliza\u00e7\u00e3o para combater a embriaguez ao volante\u201d, ressaltou o oficial.<\/p>\n","protected":false},"excerpt":{"rendered":"<p>O n\u00famero de acidentes com v\u00edtimas fatais nas rodovias do Sul, Extremo Sul e parte do Sudoeste da Bahia, durante o m\u00eas de Janeiro, diminuiu em 44% se comparado com o mesmo per\u00edodo do ano passado, de acordo com a Companhia Independente de Pol\u00edcia Rodovi\u00e1ria (CIPRv\/Itabuna). A corpora\u00e7\u00e3o informa que foram registrados 92 acidentes, que [&hellip;]<\/p>\n","protected":false},"author":2,"featured_media":0,"comment_status":"open","ping_status":"open","sticky":false,"template":"","format":"standard","meta":{"_links_to":"","_links_to_target":""},"categories":[25],"tags":[],"_links":{"self":[{"href":"https:\/\/www.r2cpress.com.br\/v1\/wp-json\/wp\/v2\/posts\/106693"}],"collection":[{"href":"https:\/\/www.r2cpress.com.br\/v1\/wp-json\/wp\/v2\/posts"}],"about":[{"href":"https:\/\/www.r2cpress.com.br\/v1\/wp-json\/wp\/v2\/types\/post"}],"author":[{"embeddable":true,"href":"https:\/\/www.r2cpress.com.br\/v1\/wp-json\/wp\/v2\/users\/2"}],"replies":[{"embeddable":true,"href":"https:\/\/www.r2cpress.com.br\/v1\/wp-json\/wp\/v2\/comments?post=106693"}],"version-history":[{"count":1,"href":"https:\/\/www.r2cpress.com.br\/v1\/wp-json\/wp\/v2\/posts\/106693\/revisions"}],"predecessor-version":[{"id":106694,"href":"https:\/\/www.r2cpress.com.br\/v1\/wp-json\/wp\/v2\/posts\/106693\/revisions\/106694"}],"wp:attachment":[{"href":"https:\/\/www.r2cpress.com.br\/v1\/wp-json\/wp\/v2\/media?parent=106693"}],"wp:term":[{"taxonomy":"category","embeddable":true,"href":"https:\/\/www.r2cpress.com.br\/v1\/wp-json\/wp\/v2\/categories?post=106693"},{"taxonomy":"post_tag","embeddable":true,"href":"https:\/\/www.r2cpress.com.br\/v1\/wp-json\/wp\/v2\/tags?post=106693"}],"curies":[{"name":"wp","href":"https:\/\/api.w.org\/{rel}","templated":true}]}}