{"id":106702,"date":"2017-02-08T17:33:59","date_gmt":"2017-02-08T20:33:59","guid":{"rendered":"http:\/\/www.r2cpress.com.br\/v1\/?p=106702"},"modified":"2017-02-08T17:33:59","modified_gmt":"2017-02-08T20:33:59","slug":"apoio-do-governo-da-bahia-a-canoagem-e-ampliado-com-projetos-de-iniciacao-esportiva","status":"publish","type":"post","link":"https:\/\/www.r2cpress.com.br\/v1\/2017\/02\/08\/apoio-do-governo-da-bahia-a-canoagem-e-ampliado-com-projetos-de-iniciacao-esportiva\/","title":{"rendered":"Apoio do Governo da Bahia \u00e0 canoagem \u00e9 ampliado com projetos de inicia\u00e7\u00e3o esportiva"},"content":{"rendered":"<p><em>Al\u00e9m dos centros de canoagem que ser\u00e3o constru\u00eddos pelo Governo em Ubaitaba, Ubat\u00e3, Itacar\u00e9 e Salvador, a Sudesb executar\u00e1 projetos, preparando a base da canoagem no estado<\/em><\/p>\n<div id=\"attachment_106704\" style=\"width: 610px\" class=\"wp-caption aligncenter\"><a href=\"http:\/\/www.r2cpress.com.br\/v1\/wp-content\/uploads\/2017\/02\/IMG2624.jpg\"><img aria-describedby=\"caption-attachment-106704\" loading=\"lazy\" class=\"size-full wp-image-106704\" src=\"http:\/\/www.r2cpress.com.br\/v1\/wp-content\/uploads\/2017\/02\/IMG2624.jpg\" alt=\"CANOAGEM\" width=\"600\" height=\"400\" srcset=\"https:\/\/www.r2cpress.com.br\/v1\/wp-content\/uploads\/2017\/02\/IMG2624.jpg 600w, https:\/\/www.r2cpress.com.br\/v1\/wp-content\/uploads\/2017\/02\/IMG2624-300x200.jpg 300w\" sizes=\"(max-width: 600px) 100vw, 600px\" \/><\/a><p id=\"caption-attachment-106704\" class=\"wp-caption-text\">CANOAGEM<\/p><\/div>\n<p>Celeiros de grandes campe\u00f5es, como os medalhistas ol\u00edmpicos Isaquias Queiroz e Erlon de Souza, os munic\u00edpios de Ubaitaba e Ubat\u00e3, al\u00e9m de Itacar\u00e9 e Salvador, ir\u00e3o ganhar importante refor\u00e7o para a pr\u00e1tica da canoagem. Neste ano de 2017, a Superintend\u00eancia dos Desportos do Estado da Bahia (Sudesb), autarquia da Secretaria do Trabalho, Emprego, Renda e Esporte, ir\u00e1 executar, nesses locais, projetos de inicia\u00e7\u00e3o esportiva que priorizam a modalidade. \u00c0 exce\u00e7\u00e3o de Ubat\u00e3, onde a\u00e7\u00e3o similar foi realizada em 2010 pela autarquia do esporte, as demais localidades est\u00e3o recebendo o benef\u00edcio dos projetos pela primeira vez.<\/p>\n<p><!--more--><\/p>\n<p>O assunto foi pauta de reuni\u00e3o realizada esta semana em Salvador, na sede da Sudesb, com a participa\u00e7\u00e3o das atletas e treinadoras Camila Lima e Luciana Costa, ambas dirigentes da Associa\u00e7\u00e3o Cacaueira de Canoagem (ACC), com sede em Ubaitaba; da bicampe\u00e3 mundial de paracanoagem Marta Ferreira (Martinha), representando a Associa\u00e7\u00e3o de Canoagem de Itacar\u00e9 (ACI), e do diretor geral da Sudesb, Elias Dourado, acompanhado do chefe da Assessoria T\u00e9cnica do \u00f3rg\u00e3o, \u00c1lvaro Gon\u00e7alves. Tamb\u00e9m estiveram na reuni\u00e3o a prefeita rec\u00e9m-empossada de Ubaitaba, Sueli Carneiro Carvalho, e os deputados Davidson Magalh\u00e3es (federal) e Raimundo Nonato Tavares Bob\u00f4 (estadual).<\/p>\n<p>Com previs\u00e3o de iniciar a execu\u00e7\u00e3o ainda neste primeiro semestre, os projetos ser\u00e3o desenvolvidos durante 12 meses, com possibilidade de renova\u00e7\u00e3o por igual per\u00edodo. O recurso a ser disponibilizado pela Sudesb \u2013 o valor ainda est\u00e1 por ser definido \u2013 ser\u00e1 utilizado na contrata\u00e7\u00e3o de professores e auxiliares, al\u00e9m da aquisi\u00e7\u00e3o de equipamentos, medalhas e uniformes para os alunos atletas. Uma outra conquista importante anunciada pelo diretor Elias Dourado foi a\u00a0 doa\u00e7\u00e3o, a partir de intermedia\u00e7\u00e3o feita pela Sudesb, de 52 barcos feita pela Confedera\u00e7\u00e3o Brasileira de Canoagem \u2013 cada n\u00facleo receber\u00e1 13 barcos para a pr\u00e1tica esportiva.<\/p>\n<p>Mais apoio \u2013 J\u00e1 anunciado pelo governador Rui Costa, esse quatro munic\u00edpios tamb\u00e9m ir\u00e3o ganhar centros ol\u00edmpicos de canoagem. &#8220;Na semana passada, t\u00e9cnicos da Sudesb, da Secretaria Estadual de Administra\u00e7\u00e3o (Saeb) e das prefeituras do interior fizeram a primeira vistoria nos locais onde ser\u00e1 constru\u00eddo cada centro de canoagem. Na capital, o local em an\u00e1lise \u00e9 o Parque de Pitua\u00e7u, aproveitando o espelho d&#8217;\u00e1gua da lagoa ali existente&#8221;, informa Elias Dourado.<\/p>\n<p>Neste momento, segundo relata o gestor, a Superintend\u00eancia de Patrim\u00f4nio (Supat), ligada \u00e0 Saeb, desenvolve os projetos arquitet\u00f4nicos para, em seguida, dar in\u00edcio \u00e0 prepara\u00e7\u00e3o dos projetos b\u00e1sicos que servir\u00e3o para licitar a obra dos centros.<\/p>\n<p>Os atletas de canoagem contam ainda com o apoio da Sudesb na libera\u00e7\u00e3o de passagens a\u00e9reas nacionais e internacionais, al\u00e9m de terrestres, possibilitando a participa\u00e7\u00e3o deles em provas nacionais e em cursos de aperfei\u00e7oamento t\u00e9cnico.<\/p>\n<p>&nbsp;<\/p>\n","protected":false},"excerpt":{"rendered":"<p>Al\u00e9m dos centros de canoagem que ser\u00e3o constru\u00eddos pelo Governo em Ubaitaba, Ubat\u00e3, Itacar\u00e9 e Salvador, a Sudesb executar\u00e1 projetos, preparando a base da canoagem no estado Celeiros de grandes campe\u00f5es, como os medalhistas ol\u00edmpicos Isaquias Queiroz e Erlon de Souza, os munic\u00edpios de Ubaitaba e Ubat\u00e3, al\u00e9m de Itacar\u00e9 e Salvador, ir\u00e3o ganhar importante [&hellip;]<\/p>\n","protected":false},"author":2,"featured_media":0,"comment_status":"open","ping_status":"open","sticky":false,"template":"","format":"standard","meta":{"_links_to":"","_links_to_target":""},"categories":[11,29],"tags":[],"_links":{"self":[{"href":"https:\/\/www.r2cpress.com.br\/v1\/wp-json\/wp\/v2\/posts\/106702"}],"collection":[{"href":"https:\/\/www.r2cpress.com.br\/v1\/wp-json\/wp\/v2\/posts"}],"about":[{"href":"https:\/\/www.r2cpress.com.br\/v1\/wp-json\/wp\/v2\/types\/post"}],"author":[{"embeddable":true,"href":"https:\/\/www.r2cpress.com.br\/v1\/wp-json\/wp\/v2\/users\/2"}],"replies":[{"embeddable":true,"href":"https:\/\/www.r2cpress.com.br\/v1\/wp-json\/wp\/v2\/comments?post=106702"}],"version-history":[{"count":1,"href":"https:\/\/www.r2cpress.com.br\/v1\/wp-json\/wp\/v2\/posts\/106702\/revisions"}],"predecessor-version":[{"id":106705,"href":"https:\/\/www.r2cpress.com.br\/v1\/wp-json\/wp\/v2\/posts\/106702\/revisions\/106705"}],"wp:attachment":[{"href":"https:\/\/www.r2cpress.com.br\/v1\/wp-json\/wp\/v2\/media?parent=106702"}],"wp:term":[{"taxonomy":"category","embeddable":true,"href":"https:\/\/www.r2cpress.com.br\/v1\/wp-json\/wp\/v2\/categories?post=106702"},{"taxonomy":"post_tag","embeddable":true,"href":"https:\/\/www.r2cpress.com.br\/v1\/wp-json\/wp\/v2\/tags?post=106702"}],"curies":[{"name":"wp","href":"https:\/\/api.w.org\/{rel}","templated":true}]}}