{"id":106706,"date":"2017-02-08T17:39:07","date_gmt":"2017-02-08T20:39:07","guid":{"rendered":"http:\/\/www.r2cpress.com.br\/v1\/?p=106706"},"modified":"2017-02-08T17:39:07","modified_gmt":"2017-02-08T20:39:07","slug":"algumas-do-dia-25","status":"publish","type":"post","link":"https:\/\/www.r2cpress.com.br\/v1\/2017\/02\/08\/algumas-do-dia-25\/","title":{"rendered":"ALGUMAS DO DIA"},"content":{"rendered":"<p><strong>FGTS poder\u00e1 quitar at\u00e9 12 presta\u00e7\u00f5es atrasadas de im\u00f3vel<\/strong><\/p>\n<p>Quem financiou casa ou apartamento com recursos do Fundo de Garantia por Tempo de Servi\u00e7o (FGTS) passa a ter mais um benef\u00edcio para pagar as presta\u00e7\u00f5es. A partir de agora, \u00e9 poss\u00edvel quitar at\u00e9 12 mensalidades atrasadas com o saldo do FGTS. Antes, era poss\u00edvel fazer isso apenas com tr\u00eas presta\u00e7\u00f5es. A mudan\u00e7a foi aprovada pelo Conselho Curador da Caixa Econ\u00f4mica Federal (CEF). Outro crit\u00e9rio para ter direito ao benef\u00edcio \u00e9 ter tido a carteira assinada por pelo menos tr\u00eas anos. Al\u00e9m disso, os recursos do FGTS podem cobrir at\u00e9 80% do valor total de cada presta\u00e7\u00e3o.<\/p>\n<h1 style=\"text-align: right;\">\u00a0<a href=\"http:\/\/www.brasil.gov.br\/economia-e-emprego\/2017\/02\/fgts-podera-quitar-ate-12-prestacoes-atrasadas-de-imovel\">LEIA MAIS<\/a><\/h1>\n<p><strong>Brasil Alfabetizado: prazo para ades\u00e3o de\u00a0<\/strong><strong>estados e munic\u00edpios \u00e9 20 de fevereiro<\/strong><\/p>\n<p>O prazo final para a ades\u00e3o de estados, munic\u00edpios e Distrito Federal ao ciclo 2016 do programa Brasil Alfabetizado se encerra no pr\u00f3ximo dia 20. Nesta edi\u00e7\u00e3o, 250 mil novas vagas ser\u00e3o ofertadas para alfabetiza\u00e7\u00e3o de jovens e adultos acima de 15 anos, cerca de 50% a mais que em 2015. O MEC destinar\u00e1, em 2017, R$ 132 milh\u00f5es para custear despesas com material did\u00e1tico e pedag\u00f3gico, forma\u00e7\u00e3o dos alfabetizadores, alimenta\u00e7\u00e3o e transporte dos alfabetizandos. Dados da Pesquisa Nacional por Amostra de Domic\u00edlios Cont\u00ednua (Pnad) mostram que, atualmente, mais de 12 milh\u00f5es de pessoas com mais de 15 anos n\u00e3o s\u00e3o alfabetizadas.<\/p>\n<h1 style=\"text-align: right;\">\u00a0<a href=\"http:\/\/portal.mec.gov.br\/component\/content\/article?id=44951\">LEIA MAIS<\/a><\/h1>\n<p><strong>Sa\u00fade atualiza casos notificados de febre amarela no Pa\u00eds<\/strong><\/p>\n<p>As secretarias estaduais de sa\u00fade atualizaram as informa\u00e7\u00f5es repassadas ao Minist\u00e9rio da Sa\u00fade sobre a situa\u00e7\u00e3o da febre amarela no pa\u00eds. At\u00e9 esta quarta-feira (8), foram confirmados 215 casos da doen\u00e7a. Ao todo, foram registrados 1.060 casos suspeitos, sendo que 765 permanecem em investiga\u00e7\u00e3o e 80 j\u00e1 foram descartados. Dos 166 \u00f3bitos notificados, 70 foram confirmados, 93 ainda s\u00e3o investigados e 3 foram descartados.<\/p>\n<h1 style=\"text-align: right;\">\u00a0<a href=\"http:\/\/www.brasil.gov.br\/economia-e-emprego\/2017\/02\/inflacao-oficial-e-a-mais-baixa-para-o-mes-de-janeiro-desde-1994\">LEIA MAIS<\/a><\/h1>\n<p><strong>Moradores de Santa Catarina come\u00e7am a\u00a0receber alertas de Defesa Civil por SMS<\/strong><\/p>\n<p>O primeiro alerta por celular sobre riscos de desastres naturais foi enviado na tarde desta quarta-feira (8), a cerca de 400 moradores de Ponte Serrada, na regi\u00e3o oeste de Santa Catarina. O servi\u00e7o, desenvolvido pela Secretaria Nacional de Prote\u00e7\u00e3o e Defesa Civil do Minist\u00e9rio da Integra\u00e7\u00e3o Nacional, j\u00e1 est\u00e1 dispon\u00edvel para 20 munic\u00edpios catarinenses. O conte\u00fado da primeira mensagem de texto, enviada \u00e0s 13h42 a usu\u00e1rios j\u00e1 cadastrados para receber o servi\u00e7o, chama a aten\u00e7\u00e3o sobre riscos de alagamento e recomenda que moradores evitem ficar em \u00e1reas de maior vulnerabilidade.<\/p>\n<h1 style=\"text-align: right;\">\u00a0<a href=\"http:\/\/www.mi.gov.br\/web\/guest\/area-de-imprensa\/todas-as-noticias\/-\/asset_publisher\/YEkzzDUSRvZi\/content\/moradores-de-santa-catarina-comecam-a-receber-alertas-de-defesa-civil-por-sms?inheritRedirect=false&amp;redirect=http%3A%2F%2Fwww.mi.gov.br%2Fweb%2Fguest%2Farea-de-imprensa%2Ftodas-as-noticias%3Fp_p_id%3D101_INSTANCE_YEkzzDUSRvZi%26p_p_lifecycle%3D0%26p_p_state%3Dnormal%26p_p_mode%3Dview%26p_p_col_id%3Dcolumn-1%26p_p_col_count%3D3\">LEIA MAIS<\/a><\/h1>\n<p><strong>Infla\u00e7\u00e3o oficial \u00e9 a mais baixa para o m\u00eas de janeiro desde 1994<\/strong><\/p>\n<p>Os pre\u00e7os come\u00e7am a dar uma tr\u00e9gua para o bolso do brasileiro. Em janeiro, o\u00a0\u00cdndice de Pre\u00e7os ao Consumidor Amplo (IPCA), que mede a infla\u00e7\u00e3o oficial do Pa\u00eds, fechou em 0,38%. Essa foi a menor taxa para o m\u00eas desde 1994, quando foi criado o Plano Real. O resultado do m\u00eas veio ainda abaixo do esperado por analistas que fazem previs\u00f5es para o custo de vida.<\/p>\n<h1 style=\"text-align: right;\">\u00a0<a href=\"http:\/\/www.brasil.gov.br\/economia-e-emprego\/2017\/02\/inflacao-oficial-e-a-mais-baixa-para-o-mes-de-janeiro-desde-1994\"><strong>LEIA MAIS<\/strong><\/a><\/h1>\n<h1 style=\"text-align: right;\"><\/h1>\n","protected":false},"excerpt":{"rendered":"<p>FGTS poder\u00e1 quitar at\u00e9 12 presta\u00e7\u00f5es atrasadas de im\u00f3vel Quem financiou casa ou apartamento com recursos do Fundo de Garantia por Tempo de Servi\u00e7o (FGTS) passa a ter mais um benef\u00edcio para pagar as presta\u00e7\u00f5es. A partir de agora, \u00e9 poss\u00edvel quitar at\u00e9 12 mensalidades atrasadas com o saldo do FGTS. Antes, era poss\u00edvel fazer [&hellip;]<\/p>\n","protected":false},"author":2,"featured_media":0,"comment_status":"open","ping_status":"open","sticky":false,"template":"","format":"standard","meta":{"_links_to":"","_links_to_target":""},"categories":[18],"tags":[],"_links":{"self":[{"href":"https:\/\/www.r2cpress.com.br\/v1\/wp-json\/wp\/v2\/posts\/106706"}],"collection":[{"href":"https:\/\/www.r2cpress.com.br\/v1\/wp-json\/wp\/v2\/posts"}],"about":[{"href":"https:\/\/www.r2cpress.com.br\/v1\/wp-json\/wp\/v2\/types\/post"}],"author":[{"embeddable":true,"href":"https:\/\/www.r2cpress.com.br\/v1\/wp-json\/wp\/v2\/users\/2"}],"replies":[{"embeddable":true,"href":"https:\/\/www.r2cpress.com.br\/v1\/wp-json\/wp\/v2\/comments?post=106706"}],"version-history":[{"count":2,"href":"https:\/\/www.r2cpress.com.br\/v1\/wp-json\/wp\/v2\/posts\/106706\/revisions"}],"predecessor-version":[{"id":106708,"href":"https:\/\/www.r2cpress.com.br\/v1\/wp-json\/wp\/v2\/posts\/106706\/revisions\/106708"}],"wp:attachment":[{"href":"https:\/\/www.r2cpress.com.br\/v1\/wp-json\/wp\/v2\/media?parent=106706"}],"wp:term":[{"taxonomy":"category","embeddable":true,"href":"https:\/\/www.r2cpress.com.br\/v1\/wp-json\/wp\/v2\/categories?post=106706"},{"taxonomy":"post_tag","embeddable":true,"href":"https:\/\/www.r2cpress.com.br\/v1\/wp-json\/wp\/v2\/tags?post=106706"}],"curies":[{"name":"wp","href":"https:\/\/api.w.org\/{rel}","templated":true}]}}