{"id":106726,"date":"2017-02-09T21:43:27","date_gmt":"2017-02-10T00:43:27","guid":{"rendered":"http:\/\/www.r2cpress.com.br\/v1\/?p=106726"},"modified":"2017-02-09T21:43:27","modified_gmt":"2017-02-10T00:43:27","slug":"rui-anuncia-reajuste-de-diarias-de-policiais-no-carnaval-e-altera-lei-de-premio-por-desempenho-policial","status":"publish","type":"post","link":"https:\/\/www.r2cpress.com.br\/v1\/2017\/02\/09\/rui-anuncia-reajuste-de-diarias-de-policiais-no-carnaval-e-altera-lei-de-premio-por-desempenho-policial\/","title":{"rendered":"Rui anuncia reajuste de di\u00e1rias de policiais no Carnaval e altera lei de Pr\u00eamio por Desempenho Policial"},"content":{"rendered":"<div id=\"attachment_106727\" style=\"width: 321px\" class=\"wp-caption alignright\"><a href=\"http:\/\/www.r2cpress.com.br\/v1\/wp-content\/uploads\/2017\/02\/1486669422WhatsApp_Image_20170209_at_16.36.27.jpeg\"><img aria-describedby=\"caption-attachment-106727\" loading=\"lazy\" class=\" wp-image-106727\" src=\"http:\/\/www.r2cpress.com.br\/v1\/wp-content\/uploads\/2017\/02\/1486669422WhatsApp_Image_20170209_at_16.36.27.jpeg\" alt=\"Pedro Moraes\/GOVBA\" width=\"311\" height=\"207\" srcset=\"https:\/\/www.r2cpress.com.br\/v1\/wp-content\/uploads\/2017\/02\/1486669422WhatsApp_Image_20170209_at_16.36.27.jpeg 954w, https:\/\/www.r2cpress.com.br\/v1\/wp-content\/uploads\/2017\/02\/1486669422WhatsApp_Image_20170209_at_16.36.27-300x199.jpeg 300w\" sizes=\"(max-width: 311px) 100vw, 311px\" \/><\/a><p id=\"caption-attachment-106727\" class=\"wp-caption-text\"><em><strong>By Pedro Moraes\/GOVBA<\/strong><\/em><\/p><\/div>\n<p>As di\u00e1rias dos plant\u00f5es de Carnaval deste ano que ser\u00e3o pagas aos policiais militares e civis, bombeiros e t\u00e9cnicos do Departamento de Pol\u00edcia T\u00e9cnica (DPT) at\u00e9 o pr\u00f3ximo dia 24 ser\u00e3o reajustadas em 6,29% com base na varia\u00e7\u00e3o do IPCA (\u00cdndice de Pre\u00e7os ao Consumidor Ampliado) de 2016.<\/p>\n<p>O an\u00fancio foi feito pelo governador Rui Costa, nesta quinta-feira (9), na sua p\u00e1gina do Facebook, onde tamb\u00e9m informou que nos pr\u00f3ximos dias encaminhar\u00e1 \u00e0 Assembleia Legislativa da Bahia projeto de lei que estabelece novos crit\u00e9rios para a concess\u00e3o do Pr\u00eamio por Desempenho Policial (PDP).<\/p>\n<p>A nova lei do PDP estabelece novas faixas de premia\u00e7\u00e3o aos policias que atingem a meta de redu\u00e7\u00e3o dos \u00edndices de viol\u00eancia, amplia os crit\u00e9rios de premia\u00e7\u00e3o e busca valorizar os policiais que trabalham no combate \u00e0 viol\u00eancia no estado baiano. &#8220;As duas medidas t\u00eam como objetivo estimular o desempenho dos policiais, melhorando os \u00edndices de seguran\u00e7a p\u00fablica na capital e no interior&#8221;, afirmou o governador Rui Costa, em sua rede social.<\/p>\n","protected":false},"excerpt":{"rendered":"<p>As di\u00e1rias dos plant\u00f5es de Carnaval deste ano que ser\u00e3o pagas aos policiais militares e civis, bombeiros e t\u00e9cnicos do Departamento de Pol\u00edcia T\u00e9cnica (DPT) at\u00e9 o pr\u00f3ximo dia 24 ser\u00e3o reajustadas em 6,29% com base na varia\u00e7\u00e3o do IPCA (\u00cdndice de Pre\u00e7os ao Consumidor Ampliado) de 2016. O an\u00fancio foi feito pelo governador Rui [&hellip;]<\/p>\n","protected":false},"author":2,"featured_media":0,"comment_status":"open","ping_status":"open","sticky":false,"template":"","format":"standard","meta":{"_links_to":"","_links_to_target":""},"categories":[29,25],"tags":[],"_links":{"self":[{"href":"https:\/\/www.r2cpress.com.br\/v1\/wp-json\/wp\/v2\/posts\/106726"}],"collection":[{"href":"https:\/\/www.r2cpress.com.br\/v1\/wp-json\/wp\/v2\/posts"}],"about":[{"href":"https:\/\/www.r2cpress.com.br\/v1\/wp-json\/wp\/v2\/types\/post"}],"author":[{"embeddable":true,"href":"https:\/\/www.r2cpress.com.br\/v1\/wp-json\/wp\/v2\/users\/2"}],"replies":[{"embeddable":true,"href":"https:\/\/www.r2cpress.com.br\/v1\/wp-json\/wp\/v2\/comments?post=106726"}],"version-history":[{"count":3,"href":"https:\/\/www.r2cpress.com.br\/v1\/wp-json\/wp\/v2\/posts\/106726\/revisions"}],"predecessor-version":[{"id":106730,"href":"https:\/\/www.r2cpress.com.br\/v1\/wp-json\/wp\/v2\/posts\/106726\/revisions\/106730"}],"wp:attachment":[{"href":"https:\/\/www.r2cpress.com.br\/v1\/wp-json\/wp\/v2\/media?parent=106726"}],"wp:term":[{"taxonomy":"category","embeddable":true,"href":"https:\/\/www.r2cpress.com.br\/v1\/wp-json\/wp\/v2\/categories?post=106726"},{"taxonomy":"post_tag","embeddable":true,"href":"https:\/\/www.r2cpress.com.br\/v1\/wp-json\/wp\/v2\/tags?post=106726"}],"curies":[{"name":"wp","href":"https:\/\/api.w.org\/{rel}","templated":true}]}}