{"id":106732,"date":"2017-02-10T20:00:40","date_gmt":"2017-02-10T23:00:40","guid":{"rendered":"http:\/\/www.r2cpress.com.br\/v1\/?p=106732"},"modified":"2017-02-10T00:40:46","modified_gmt":"2017-02-10T03:40:46","slug":"do-fundo-do-bau-de-jose-leite-273","status":"publish","type":"post","link":"https:\/\/www.r2cpress.com.br\/v1\/2017\/02\/10\/do-fundo-do-bau-de-jose-leite-273\/","title":{"rendered":"DO FUNDO DO BA\u00da DE JOS\u00c9 LEITE."},"content":{"rendered":"<p><center><img loading=\"lazy\" src=\"http:\/\/www.r2cpress.com.br\/v1\/wp-content\/uploads\/Novo-visual-do-Bau_400L21.jpg\" width=\"400\" height=\"320\" class=\"aligncenter\" \/><br \/>\n<strong>1)\tPARECE QUE FOI ONTEM&#8230;<br \/>\n2)\tRECEBENDO VISITAS DE AMIGOS.<br \/>\n3)\tAS FOTOS DESTAQUES DA SEMANA.<\/strong><\/center><\/p>\n<p><!--more--><\/p>\n<p><b><center>*********************************************************************<\/center><\/b><\/p>\n<p>\t<b><center> 1) PARECE QUE FOI ONTEM&#8230; <\/center><\/b><\/p>\n<p>O tempo passa e a vida continua. Como esquecer as coisas boas que acontecem durante o correr do tempo da nossa exist\u00eancia? Por isso, s\u00e3o atrav\u00e9s de fotos que relembro de um passado t\u00e3o bem vivido at\u00e9 hoje. Gra\u00e7as ao meu BOM DEUS. Observe as fotos abaixo.<\/p>\n<div style=\"width: 361px\" class=\"wp-caption aligncenter\"><img loading=\"lazy\" src=\"https:\/\/lh3.googleusercontent.com\/tj3-Hm0jBTJJG-JK3nYUFRkdJJFTZjakB8C4tZaylKtYLvPRohjTQmesvRr-durahZFBLBCM_-WyuElKVk4fhz13Lxrd35rtJK_Sb8DUTL8uEy6BZ2QuSO9PO8ye9s6Pm-zgnb3TZKyOxevmfSyRcnwFBjWQNsbo4RaPSYWwOHhyovFvICrt8iMIRC8zR0jIDubK59Nvwhq1kT2V-EUhEK1MDFWdnyjW449iAtpfTq-YVwGCej1umB2gdRSQran6mnicbKhdKhMAk9gSrrBRR139yw-z6ETf3h5yqFGN35uBKMZ5PIRCOicSbXmNnhM4hsjmnFEdh6Q35tWR6gm5AE4a0LmPUww4FVKoSYGaH0j1DCCECzv9WxjVIc5u1p6Ygeg7B8-cF8SGIg1Pu3dPULEjwBBe6tTca3LfRQ2zLgIiCR6R3Rfc5pcIvaddw7ZnabCM87AHnq0VEQq-1mMJEzqbc_4RukvUAvQvYPrfYksxLD-Efo2xkdHxP345PPsnFSoCuzkpP5kV6BkJ0a90h9H2AqWpvTrQdjRHW6XPhEgRKKaxbv5jrZGrP5F0poyDeg9YQvry4Iq_ECR-b1RNgzES6yPvgj8ptMHgitf_-y6DZu64vqkNfg=w351-h500-no\" width=\"351\" height=\"500\" class \/><p class=\"wp-caption-text\"><i>Na d\u00e9cada de 1950, JOS\u00c9 LEITE tinha suas paix\u00f5es, entre elas, assistir filmes de FAROESTE e ler REVISTAS EM QUADRINHOS. Voc\u00ea, que tem mais de 60 anos, sabe muito bem como era gostoso assistir um seriado (preto e branco) comendo pipoca num Matin\u00ea dos Cinemas daquela \u00e9poca. <\/i><\/p><\/div>\n<div style=\"width: 610px\" class=\"wp-caption aligncenter\"><img loading=\"lazy\" src=\"https:\/\/lh3.googleusercontent.com\/K_2zofRaLL3_gYEJzRbk3dCq4x0mFrUOtiixtP1m7BP5D-l1Rg-IsP00WZZehTcmoJt4Es-xpf3_d780VRLEhFrbrUgB6MmVmXbZ4vgd-lwZaOyZxdNvrDKx-VKmB0pBoAkK-dWqI3dpTjrvpt80OWaDRMoGD3C70ek_DQWMtsFCKEDNaWK0JRhZl5X424UQCVhx0we4lKzzIrEMHav-s2RRWJaBZ4adbfJppp3Kh4a9j3suaNnFENwwcsLvTs09zb_au5Wdi1XVZyS2TsGlRHhGtaQ_Qod0YQXVkkXRhD56NpxoYl9p6YcTSAc7aCSIuGuh21_smXyCAVUvdwhMg-8OncAIvseEw2ENCtTtTgm8s5frPxjxeU-CGh_QEMv0OWRrj1HRlVQyrE4IKzzBYD47C8-hfWKTrrv9xLqzZ6vLmUIN6qugLgnMh669On9egilz8ggYiJX5d5hY1fwFaWdGNP8_EJcrxVIEH-HIwFZag4KXPyVn2ecsPcSprb-FqC156Ji3twoKI_Gi4uHyiXUJqSNA0w5MAD6lxYZSxiJQ5XBKoRBQ4W5T5vZiej3U2jTA1XJY4A4q6e4h5tq7REUIEOffv751ePLwMYiFWJO_PJreBt4mKQ=w600-h407-no\" width=\"600\" height=\"407\" class \/><p class=\"wp-caption-text\"><i>No dia 27 de Outubro de 1972, JOS\u00c9 LEITE foi iniciado na MA\u00c7ONARIA, mas 10 dias antes pagou a TAXA DE INICIA\u00c7\u00c3O (foto). Obs: O Tesoureiro, na \u00e9poca, era o saudoso amigo JO\u00c3O MOURA COSTA, pai dos m\u00e9dicos, o saudoso JOS\u00c9 MOURA COSTA e JO\u00c3O MOURA COSTA. JO\u00c3O MOURA COSTA era propriet\u00e1rio de uma livraria na Rua Eust\u00e1quio Bastos de frente ao ILH\u00c9US HOTEL. <\/i><\/p><\/div>\n<div style=\"width: 610px\" class=\"wp-caption aligncenter\"><img loading=\"lazy\" src=\"https:\/\/lh3.googleusercontent.com\/KIxJ0w8QWXIsl7DQ-4WO8GmoUjaSNrxZd49e2aNrqqQnyHld5M0tch1HNsyqDApmzkulH9-sMokQ0zOiosICbWlTWejUVp5Zn_Zu_ARI9q0ODqBSUHZyNml6gKmdAqzKdtOWwhbTHc0Ssx0x2h9dh3t2aUFqxlyvxUKUL7w6O4ViOnNy6-7oTKfDSYfkZcPUQQq-eQ_ux9tcBCvzmWabJy0lIRYDuezsEbuX48esMGAcrk0johz8dxEC64cDYi8m8HNtvi9QmAzK3zzbdz3kUiyveG5bBtvRhj5mEupMoMu0-yDNXG99F-DtDraZ5xoKedUnx_sE1eQc_XFlbloopmMpV45R7i98kYIamavDuLN7fZLFfX-hQxuInb6Z59M1lIAXNPJOmmI_zh9Dcmp0IygGTWf6-HOlDCW2N5IGD37k6KsrI4basitwFLTk_KE7iXk32zoMH0xI1e8bpU3IW0pu-j9V7e5APaOZNZow-FbkeQS27uMpZYVtRZMQgwvzu7nGU_lhLiQp0XMVyETq6XgKbzsFBU0WRLrSPg1rMFGbQR48ZCTgptpdXQ1xgf8V90yhrlXw8JZlVY6-XychrYEHdshgAQo3jBHQIfp8u5Nphwx1u7Q3EA=w600-h402-no\" width=\"600\" height=\"402\" class \/><p class=\"wp-caption-text\"><i>O saudoso Dr. ARISTON CARDOSO assinando o Livro de Presen\u00e7a na solenidade da entrega do T\u00cdTULO DE CIDAD\u00c3O ILHEENSE para JOS\u00c9 LEITE DE SOUZA. A festa aconteceu no CLUBE SOCIAL DE ILH\u00c9US, no dia 10 de dezembro de 1991 com a presen\u00e7a de 803 pessoas. Na foto, aparece tamb\u00e9m o amigo JOS\u00c9 NAZAL, atual Vice Prefeito de ILH\u00c9US. <\/i><\/p><\/div>\n<div style=\"width: 610px\" class=\"wp-caption aligncenter\"><img loading=\"lazy\" src=\"https:\/\/lh3.googleusercontent.com\/qr8tZgAx4QRu_cpQIyhYdmNIs4GpH-5jByJIOapn7d-VgAXeLO5UAwTf31XX2Q2dBoODEqPSOiPMb0tnIsrrf_MffP-kL9cyjYX9yEb82N2PKjylCA96hOdWt6TDO0fEdf3Eg5UQor60cxsyWrehlvBkLs-pb_9g492NKjcgUEdjlzmdOzPU1O-zj0YRJkpWNo9RdliwERm7IFVsqjJrVfpjfBM7Ma574PihbeTdEQXl7O-gQca3VqFvDlFOKZIptFTb5YG6LQ4CPJvMPIqnvgp5h7YaLuFmVwfVdLMxa3EuDCQS3_5PEg5q3_TSwoIWrsbHspZjkDQ8bNm6DzRuio6ohz6lVLLyO80p0nPLBnruQOmwn63MRatfagNPPQ1_bWryU-hvIV8DO0SUXtosdGeuG-jEnA5jGlCO1UyTRuhRxaapTo3UtcJxA_xH1e7EzPczod7UYPDARX-UYY_vOK8jeXLpH81dJ2eInAt9Bq6dy7s4lA5eXqAL1Oh8Tz3EupoMhiE6CXTNCPAZGzGdNvpOF6Zxs-MBLRIQWEzg4ThNEa7zPiamNpenVMXGM_77Rx1IPSKo0w_4H0srg9CHzqvlgJ3luaVJDhv1Jugq2afYtS0AtAJeKQ=w600-h403-no\" width=\"600\" height=\"403\" class \/><p class=\"wp-caption-text\"><i>No ano de 2006, o COLO-COLO DE ILH\u00c9US foi o CAMPE\u00c3O ESTADUAL. JOS\u00c9 LEITE prestou uma homenagem ao time mandando colocar pl\u00e1sticos (AMARELO E AZUL, as cores do COLO-COLO) na fachada de sua resid\u00eancia por 30 dias. <\/i><\/p><\/div>\n<p>\t<b><center> 2) RECEBENDO VISITAS DE AMIGOS. <\/center><\/b><\/p>\n<div style=\"width: 610px\" class=\"wp-caption aligncenter\"><img loading=\"lazy\" src=\"https:\/\/lh3.googleusercontent.com\/GOmkdC3-rOVpt5ckIdq9k-hwkvqRHLtFQAqbzWRNWgunLA8SQZEfkF8eyR31nhHzPCFRDuYlxp2sGUCjg-G_8zWI5lNuv0ZeoANfRjPMdqxvpDn5YUH5O9tuSyke8ICe-b-qAzLsN8_kaQU-nkqTkWL9vu-bhkP1kBXiS80NUtkxj0Cd6SfGwNhy7vsxw9kbwmT485ZGBwTndfkdb-8XqtdkALHNtMNPUAMxxwQ89N5Hf-OAyu8XGq711CNUr-jWBhhfklO2lbKHBegJ1dqukpHZmNYqCApWC_1uQbIJ0W_-UKjzIhTeBFN8D2yj5SCdX-3EFSecroSUZ4s8eN-BoO3-hhuDnNMJjuimngy8JOlikr4eWWriLd67VaFPyUvhRvvD0Zm8uWGxU9dD_BsGU0AeJkl-7HYrRxtMusVh3mXq6vuD7IWeLsO2gYNkxln2YDpEbDE1ZSOmBOlJx7ZAvqj1MwhjpI-LZ6ukUqg94LYNCORiRuJaEoFF_0l6kaYi0RC0rHdMcpowHFfvuG5WI28Oo8MJoxVHhUhIPx9YYbi2Xnad6G5_VNdp-jkAF15JyXQq5FvFJ7ISWhMGEKGLz0T_2QLtLpGYRhdSgciGSqHnYCt-BhCc4A=w600-h500-no\" width=\"600\" height=\"500\" class \/><p class=\"wp-caption-text\"><i>Recebemos, no come\u00e7o da semana, a visita do Companheiro e amigo CL\u00d3VIS JUNIOR, atual Presidente do CDL DE ILH\u00c9US, e prometeu que, na pr\u00f3xima viajem para JUAZEIRO DO NORTE, ser\u00e1 um dos primeiros da lista. <\/i><\/p><\/div>\n<div style=\"width: 610px\" class=\"wp-caption aligncenter\"><img loading=\"lazy\" src=\"https:\/\/lh3.googleusercontent.com\/cBkVcBV8LxskiePdfe4ZNANxYc4eTatJmNf8eJzAW8m_3LliiJuoqYSCz45ck9VuqZ5ts5cwvd81LBgXdcHjUTVEPgavyK2V3QtlB1ScxIJ7-Uxt2F4s4MaqPUh4KY0fRJj0sBNtcM_FJspOIxhUSptW34KrM1DElNJv9U1G1tflv680cPnG94Z7m00Xm266WYmcps3gnPIaIqR7d2qAw4yivRsjD0TeOmmebTbfFvTFsHcArkVNfrZCl2Kwqlb5KPTpZhdhhNG7jI6OVh9UPuS4JXqsdQkhPHtGq8J-NN-WwaABQ-TI4zSZhopd1rowHH6D90PFIX7DLGp6VWhYEgPSexcpszbFv90jvhNo3wu9K8MpANM3VHrEgK1lqzeQALCSm0Iuwf7auLNgjZzzcI92rbC2RGAS1Tsr3_1BIGmg5_eKw1Y1LgkiIAzIQYb2Hp23EiDLjZxW9sZXRfZ1XQZvqfFLwb179s21_xMqeLtJZDsAN0UDVoYt1vOKguNxsKkcOTvBbj2C7dGsaQj1U3AhFKAaSqv4xoBLQYJx5fP124slzounSKPYUT4bV78QtYszeAdjsROBQwrXO0IvAnUKs9-lkGuD02QNKGaaLdUNt4fQUqJ7Mw=w600-h500-no\" width=\"600\" height=\"500\" class \/><p class=\"wp-caption-text\"><i>VISITA ESPECIAL da amiga IRACEMA FREIRE MENEZES, grande admiradora do BA\u00da DE JOS\u00c9 LEITE. (Foto: 07-02-2017). <\/i><\/p><\/div>\n<div style=\"width: 610px\" class=\"wp-caption aligncenter\"><img loading=\"lazy\" src=\"https:\/\/lh3.googleusercontent.com\/YBSKPSq_WT7_jp0_DPMBgrFUnOgxCejSuULDUVLOrPRF83q75QGfREJQVKCcDBeucK_K0QIN2Xn0OKiQbrHlzVbRhWDJDMPe82aj36YRndiXxe4ZGGEAIpV48jqEqCl4FmHHu1iT8PTPGy6eS6ulzZ2qYn4PC6ZC4c8eKr52rc3I6K6LvgEhzBs_7PvJTDP4N6GwMVwMIcPiZTdmfJ4S8SB0UKBBi9bY3gba9LQy6iH4NKl-cvqm9sja_aLrVbZkCywN_6ci02Wp0hc53JNBA40iCcDWSiYC436LuFN59Y8G1-aCp4t4s1VKeKto1TlukKZoq_PKaj-v_p_UvxtsaUezYzK6tUAam-b0-eGuMNfzueZm5QzImwddv0VeqFTVC9nN0-y29nL3ekNzZ0d9zvNQf2Z2E-as8G8qQ-GF-L5vD2iWm5uSGUhiVvIaobt_XjPmdZG3tZzAnYn2AqbNyMQU0ahaYDRi0fC3-Cbeauwyi_oqvkKW4tO-Z665la5GLkO8V6ycnLGHdWK0z-pWIRNJdqsafgbfg2pQaIG0pGqKIHN0qhCNMK21JpJPQNMHYgv-9T0Ox2X7xrwxAhBjEQvYvGDKMYa-vF1ATSBOlUFoWMkT_LP8tg=w600-h500-no\" width=\"600\" height=\"500\" class \/><p class=\"wp-caption-text\"><i>Outra visita especial foi a do amigo\/irm\u00e3o RAIMUNDO ELOI que teve um probleminha no bra\u00e7o, mas j\u00e1 est\u00e1 recuperado. RAIMUNDO ELOI fez uma promessa com PADRE C\u00cdCERO e vai ter que pagar indo a JUAZEIRO DO NORTE. <\/i><\/p><\/div>\n<p>\t<b><center> 3) AS FOTOS DESTAQUES DA SEMANA. <\/center><\/b><\/p>\n<div style=\"width: 610px\" class=\"wp-caption aligncenter\"><img loading=\"lazy\" src=\"https:\/\/lh3.googleusercontent.com\/DXgK-LQgjGSo4Y2N7x8gIn__lKi_aAj3-OckBn6wiWhd0gEhQidJbkvrubcguqOGJcLhNzdMFrJH4JqQ1vpR-W-xJL66HC9Dk38YL-URYQYWkpdO2KJLyKUUUq2loDw3qB16XdaDJ-hih6ZEAQpaMgVMo03Alts5VLAbEJ0lLZ-kC_58SVo36HrvU1eqGv2RvOS6Fri05Gw_aJSWEUQRuEocav42vTsVgs2DHHrVPPe4AIcJ51vLEWIuxoozWiKdnj3kyMVh-xXMCjehQxIenMLRceh2OeqYBExm7RU25N5X9B-PL9rQwqbpAQnAnXv2TkvDfL6xf1oGvp6NjmSl6j8x__zts0RZZFFGL_YacColYmbmC-HNUZXOHWOtSjL8rGZeDtIDK35JFbBMDEIpbEaocPLBNxtJumyJqK61prgAw7BxIm7JdChX9kXQt1pBnQOD-VSc0w2zQOQ8QNXw08DxQhwz7dYNF9fpj8ISUw5O8s84kl35FCBvv-ddHvxOy03jbMx5m8zFP2V3h42KlQPihhnXGz9ljmMAAXqgHbx4sChe7sZpU4tOFQRa4VMVhNNYBHhbKydzuA3Tdb-yad3_RdZ-KZv_GwBSC6K-opbwJH45j9j6Hw=w600-h421-no\" width=\"600\" height=\"421\" class \/><p class=\"wp-caption-text\"><i>Uma das fotos de ILH\u00c9US que JOS\u00c9 LEITE gosta e admira clicada no come\u00e7o da d\u00e9cada de 1960. Os TRILHOS da antiga ESTRADA DE FERRO de ILH\u00c9US ainda aparecem dividindo a RUA em m\u00e3o e contra m\u00e3o. Na foto: Uma parte da RUA VISCONDE DE MAU\u00c1 e a PRA\u00c7A FLOR\u00caNCIO GOMES, hoje MISAEL TAVARES. <\/i><\/p><\/div>\n<div style=\"width: 495px\" class=\"wp-caption aligncenter\"><img loading=\"lazy\" src=\"https:\/\/lh3.googleusercontent.com\/IkUwcMfnpkdzZ9byJZccYkPaTss6w5I8-bPucCtPtugURmmHcST1RG8heRQZNCHJhSn6f-zByNrfVV8imLVjJR_n8HQnOA3qrOtMipH9C3zkGHwK3O5NUEOPWnmgrTuAKzFQus6KSxIRV8zqvqRD6HRMM0sL4bU9OzkRkfV7VY5_2jRHatPvarrvev2ANvPevTXRPMshE2mbD07V5N_gmIEsHls690NOBTqzUvagdS36rjq0HkvbkK9b9IBtCzBlZSFdFuMgqc33Sh_kgxhBfvroOhHK-BWZXzr2uy2UgMYLGecTG2UL1RqE7cNXjj8WhltT17Hdi9IZWFF7--qjmWcLHlRKbw7EacXak1QR1jNIb__EGn09KxsTM-u2cHbtzjt40sO437_MkukZDXb_v2_DkRLkBf7hfc50-KRuLIyjlqIWhdxT4NeRrcWQp8eK0wV1V3Ku5XSVlzE7IJ9ji4Is_tdjtG17lNfaaZ8buueMESyKnHHrqRgrzfzBhzyFQ2GjxEAYhsndQs0fQ0o0kuElEZmhJvxNiPFANm5X3dH2w8H67ls2zfJSndCuf5Cb_m76Ck02o31XM2Jmfb4emSHeL71Gk9cpj7R8gXJAi_k2ti1hSI995w=w485-h399-no\" width=\"485\" height=\"399\" class \/><p class=\"wp-caption-text\"><i>Os Parab\u00e9ns de JOS\u00c9 LEITE para DONA JOSEFA ANDRADE DOS SANTOS que no \u00faltimo dia primeiro de Fevereiro, festejou seus 90 anos. <\/i><\/p><\/div>\n<div style=\"width: 610px\" class=\"wp-caption aligncenter\"><img loading=\"lazy\" src=\"https:\/\/lh3.googleusercontent.com\/8gQ9Z9fVeooocpD-IvZ07Tdnq8QGLDAw1pIl-_EQoMs1ZTZjsr9dfKFhHfC6ekEKAF9W0ugpD4C-eyT-Dwz5Mi9-EHOkO4fXHUY4DIsu7BAr8Nox1GeJ5NyNj_PBu8X7TafRzqsCEVmqnk_Xydf76WN5qHSeFeZ-41MbB8oMwE1m4b3dueNEr73vu8j7JdbsjyJXCjfeRtxxUMdcJ4ZVDOYo0_7A2ui2AiDkJYWT12iz0WRZSqhN709gofnvDIRS3DLNBH2pANBInmyTyZmVW9mWbE-vN-gtnrjktx5-hNgyyQ6kQFlL81vdD14tl4duvMik2yi3seyt7_Lps1Fln_znmV3KiUOGCR76hQsdjmzU9CtamPu-GTV1mvA02vapgbrgXIvFn6fXC8r70FJYkCXtZaM3iLRbZEGXqI9vrcbSzOWFGmGZbUGl9YBLxpHLlGraH7ng54vYwjn5YxZrSGhIduUbb5ns1Vr2DODuRUfp0qd5IRO9S2Rh8kv0RS4CjxsdN0rvd0Du3sPuqiKSzlPYJ2FvMhji9xe9X4h0x-BXn3l2LLfSUni_5JnJWSEgjlYUz8TcgxewgtIyCV0U0l2WyuG7NeGzD8e-V_KXjG69Af_e_HkTbQ=w600-h500-no\" width=\"600\" height=\"500\" class \/><p class=\"wp-caption-text\"><i>O saudoso amigo MOIS\u00c9S BOHANA, Presidente do CDL DE ILH\u00c9US na \u00e9poca, homenageando o JORNALISTA EVERALDO VALADARES. (Foto: d\u00e9cada de 1980). <\/i><\/p><\/div>\n<div style=\"width: 258px\" class=\"wp-caption aligncenter\"><img loading=\"lazy\" src=\"https:\/\/lh3.googleusercontent.com\/R4FdNpGPvGVhTHmCJcsfqiAniUx2Ib02QE2QqUt4EwTHsbrHSq7BV81FLOxCNZvphpyttuHqrAYi22O26PcU2ySudJfU81u2uqFvD4OtAbw_0IZNFfdydlRgBqtipsARTTG_jFTegRywgRUF-9IP4EgyNmiFZ6opSaG0bO3wnJda4n94DIuWPU0C9iKPFuOXtdj9J216Wq72kR-Q0efVhG7uFMIMYd1u-B3kTsqItFwguxVWjMMRrc6DXrSJMap49f3YLcqlXF_j9wZhzkIdndtR7B26UpPihEnZBQcBm_IOg_MmSZIEvB6aLUbFluZ28R5YkOwyORBqelQQ-fjcaI7pFGUpERnU3zIAB7i07RJCJOyOtk2Sw-zFEov6hWJCUywKf0IbxwqqeOUOWTH8vS3J4NiSEvOo3bWpFb5SIptg4CrL1a7Fg7Ynf2mmXvaysbM3713dymL1QTqOb1zIVEPSkkzb_4uC62HZSevZl78O2ZdG31kUuByzSC4UpX4SPYf1XfAazejC0tVb2HF9k48AYB1DIvtmIa4NLIiMlhgS3j_XEO5WcgT-UTbNTADAZO9zQBkcEWiP4uUf6rSwiWys0zxWjhyd4G2vqbfZckDwaBDAOX29WQ=w248-h473-no\" width=\"248\" height=\"473\" class \/><p class=\"wp-caption-text\"><i>Um Poema do saudoso amigo, Professor e Major PAULO DE MARCO, transcrito do Jornal (A OPINI\u00c3O, 1967). <\/i><\/p><\/div>\n<div style=\"width: 610px\" class=\"wp-caption aligncenter\"><img loading=\"lazy\" src=\"https:\/\/lh3.googleusercontent.com\/QkYgg3mzbgFkqyemT4RKEVSrxS9D9RdGt7p2VV0oF5EM19jIIiK7V0CwK30Dr347dOhTO7ZxnBjE8-ikVhLLPcbg9GxH4T7btC8BG4xqNKyjIn-iZdyn4oSPZHgpDn-ksXxa3x3kxvFgI2-Vb6y-xCIiEjz8CKAFB66712rGKjIR8koA-jEB1JIVLj3RFUHx7OwECIUeI-Y7hMi15Kx4DXlVa4hMnStbQdqcpBaMWReEeQbR9EdoWTOp3qBJ8v0Pk9ZKPKZCFX0IUpqYoiNv7tvqnzv7ox_jQvW5UUXnw8PIYSI4eLOyPmy6VRH2lqZKNjeI_gODIpWQPsV4kVqNqG7z0aiaYFqlc8JW8LswcluPihh4EBrn4Yo4GEH7148XjVMRaMQiTMEgKh0EgpioquV5WaWh4cklk4UNs4MCSVyXU-UgkbYaBn9NwXUmMXDBHAejLFuuK1i9ams4V7wjsN4KMQ3SInHhxwzoe3yNcsY-Cou6RohWoahifyYngyiB_wVnSp32VCukyMI1pMvKfGjXJeh0z-KhS5kboN69uC7guMEUH8duVhqfLnPN20xrrMAusYawtN-lWPnjXOQgB3tssRdR26kJXU-NtrX4QPj6FY_7IiNxuA=w600-h500-no\" width=\"600\" height=\"500\" class \/><p class=\"wp-caption-text\"><i>JOS\u00c9 LEITE gostou do CAMINH\u00c3O ASPIRADOR DE LIXO contratado pela Prefeitura de ILH\u00c9US. (Foto: 05-02-2017). <\/i><\/p><\/div>\n<div style=\"width: 610px\" class=\"wp-caption aligncenter\"><img loading=\"lazy\" src=\"https:\/\/lh3.googleusercontent.com\/W0kYyvJ6gCht6MEmniy8g2c2hCQxlvO3WsDZiHXky1XwgKkZdGj82AMa0E9aAqqvx9YsiaN3IDfaToAD-6bVBlhk7830xaxer-o0BLg30b41PvxOdCFN5ZP7CG9u_5ctWZULNsGu5U4z3t-q_UKR_BtGIjF77nDKy9XI53-7IyMlO1zROjuOsNwn4BDLNNeYVYqF1ZTCeoD_6dwu7ygU9lepjISW21uhdfWlxcwwto4AIr6Ebogpui6Rubs9SnnDLm25r92wAu5ht--nZlzUyt1R-yK7fmcWtB8uHpHdIVweIaAiuWa4UVLsgX2wXqIxo6UmjDfU2-ujsHn56DGT8CKHybCqTzRahFdZAILtE3Idp3mYRi26iB19TIsHNLQSaS1JLO872iIf9bczm2C8N5eef-qmMZTcI8BI8LYGap567gMJcsq3mk_xMyTlbPg80wJGkNUDaoK_m6jmztpNBASJRwpukT22yNpRV42RVnQ3MOUi6p2vafG0KPNVpKr5PRvuB5w3poGlXmwgfDOO4S-5QIjI2_J8gHEVUSlWoThSOQIIASrQpcyo_9ppx4D_1OEXrrToWGGMi-CsDftrYcbhjXBF7hhn2cmTXTAOutXbTkD6pls0JA=w600-h500-no\" width=\"600\" height=\"500\" class \/><p class=\"wp-caption-text\"><i>Para os amigos com mais de 70 anos. Se voc\u00ea \u00e9 dos que conhece, identifique algu\u00e9m nessa foto publicada pelo JORNAL DI\u00c1RIO DA TARDE, edi\u00e7\u00e3o de 16-02-1959. H\u00e1 58 anos atr\u00e1s. <\/i><\/p><\/div>\n<div id=\"attachment_106733\" style=\"width: 610px\" class=\"wp-caption aligncenter\"><a href=\"http:\/\/www.r2cpress.com.br\/v1\/wp-content\/uploads\/2017\/02\/14_.jpg\"><img aria-describedby=\"caption-attachment-106733\" loading=\"lazy\" src=\"http:\/\/www.r2cpress.com.br\/v1\/wp-content\/uploads\/2017\/02\/14_.jpg\" alt=\"Queremos parabenizar o antigo Jornal DI\u00c1RIO DA TARDE de ILH\u00c9US que, se estivesse circulando, completaria hoje, SEXTA FEIRA (10-02-2017), 89 ANOS. O DI\u00c1RIO DA TARDE, fundado no dia 10 de fevereiro de 1928, foi um grande defensor de ILH\u00c9US e da REGI\u00c3O CACAUEIRA que por mais de 50 anos, foi considerada economicamente a mais importante da BAHIA. A\u00ed vai a pergunta: POR QUANTO TEMPO NOSSA REGI\u00c3O VOLTAR\u00c1 A SER A PRIMEIRA? \" width=\"600\" height=\"189\" class=\"size-full wp-image-106733\" srcset=\"https:\/\/www.r2cpress.com.br\/v1\/wp-content\/uploads\/2017\/02\/14_.jpg 600w, https:\/\/www.r2cpress.com.br\/v1\/wp-content\/uploads\/2017\/02\/14_-300x94.jpg 300w\" sizes=\"(max-width: 600px) 100vw, 600px\" \/><\/a><p id=\"caption-attachment-106733\" class=\"wp-caption-text\"><i>Queremos parabenizar o antigo Jornal DI\u00c1RIO DA TARDE de ILH\u00c9US que, se estivesse circulando, completaria hoje, SEXTA FEIRA (10-02-2017), 89 ANOS. O DI\u00c1RIO DA TARDE, fundado no dia 10 de fevereiro de 1928, foi um grande defensor de ILH\u00c9US e da REGI\u00c3O CACAUEIRA que por mais de 50 anos, foi considerada economicamente a mais importante da BAHIA. A\u00ed vai a pergunta: POR QUANTO TEMPO NOSSA REGI\u00c3O VOLTAR\u00c1 A SER A PRIMEIRA? <\/i><\/p><\/div>\n<div style=\"width: 610px\" class=\"wp-caption aligncenter\"><img loading=\"lazy\" src=\"https:\/\/lh3.googleusercontent.com\/ldebeq2TwDWLGWQNi7_tgwVcsX4XNcw8sOhh3Qr9cAQzYNRtzMiHSu_a7rsXrL1pWztDMaoyhFRjtLPx6Nj9XIA1uMQgrVLCmXpPyz6xhrKmDYDcLzkOThNGs81R9fWpqnAAkMC-aFknDIN7Iu8hAGAwQOWrMEwty7nIloeHfsDqspQxZs15pir4723k8tXndiQUgYWUYhKpiW7_oWM10pJxNpQZnNaDKgFBoBBZZsdWtMyuZ-YvL8L_5JjH51GY1lY1z3TL51PGBc8lmKFRex9yOF-i4bZt1fTkIzGS_qxpXqtQ3N7W9rMJ0-Mmj-_Ol4r3HkYZoosU2CtoFXxD9DkE7NenjjJoo1h26UGWfiDoDYl_mnwW20lXjly41JEva14z_tBcQy3OCULsQ2p3k_uz0Wg5FQHTyUzOkZvibDNGF4SarQeuvH-bESrHYqiIPNeOuAooU1W41C2Q3DD6hGPe-oxUxVsGpWq5pNOVIoLtu3HbmQ4XZyYi378X_0x6IWgRSIgfIJKEpHCkLcQ3JAbK7oTi2AV_TTaI2AyIf-Fm9r6sn8bcBwfJeqjQR1SCvxLEW2_dE4SVEwFsVMYVrCU1eKAiDyzOFCua9zPBIRi8PaoAO27GIQ=w600-h403-no\" width=\"600\" height=\"403\" class \/><p class=\"wp-caption-text\"><i>Mais uma vez a galera do BAR DO ZEQUITO presente. (Foto clicada no ano de 2012). <\/i><\/p><\/div>\n<p><b><center> E NO MAIS&#8230; <\/center><\/b><\/p>\n<div style=\"width: 610px\" class=\"wp-caption aligncenter\"><img loading=\"lazy\" src=\"https:\/\/lh3.googleusercontent.com\/WfBcZrMZrAST1ZcXTp1orcwX1LHO0O1cX666eXSQuAD7biaSWHwAjUJOqH8FSAoR9GR1t9HCuJWv3cx4ayMKOWV83Bnc2zNvcYKy7RRR9T5XgGyulx7m8XG12PTNXBGgf_LF7CenHvXAPR-qb_V6mcsSLRgGuqjHZTulxzgdrdWxcX4r3wc-jPkPmk4G_N7svNzgLNz4mENUZ3SVXMzLg9fHSK3cVkh0_FRP4S91sVqzjJPFlC5cUlBISXDjbUMtB04LA8wGKKhwbn65xQpjhEGCWA7JJcdd4RpmcBatVU6RRSq-qPw9ScIObnqAQ7-4UsKIkTU7iKoc8SKmxAP39kDY9HDMGnR03BKvexC6RxTadar9HOEY7-D-TjqnBaJB31M4zhf2kRCzuUy9s5aEvFXV3WPMSFGgIQGyCL03fskYghU5AzXp0M-uQW4wq0MsppQElWX67JvS464aiTaAYs-kGeelwXVpUL6qWnVXlbx5xKi-JZV_-WXZAEXDYh4O5hx-A3KkmiZtgSa1NmN4axNOQo2WvxOVsetnZKfSNf0CTko5knOlICHSab0eWX1yiMGOgxjNrLpwg830l5FbIISlxuL8b9XXghSfjLjh3UYRlUjG4mgcQA=w600-h409-no\" width=\"600\" height=\"409\" class \/><p class=\"wp-caption-text\"><i>VAMOS ORAR TODOS JUNTOS! N\u00c3O TEM NADA MELHOR PARA A FELICIDADE DESSE MUNDO QUE PRECISA MUITO MELHORAR EM TUDO! <\/i><\/p><\/div>\n<p>&#8212;<br \/>\n<span style=\"color: blue;\"><b>Para ver o BA\u00da da semana passada clique<\/b><a href=\"http:\/\/www.r2cpress.com.br\/v1\/2017\/02\/03\/do-fundo-do-bau-de-jose-leite-272\/\" target=\"_news\"><b> AQUI.<\/b><\/a><\/span><\/p>\n<p>&#8212;<br \/>\nTexto e fotos: Jos\u00e9 Leite de Souza<br \/>\njleitesouza@hotmail.com<br \/>\n(73) 3634-3134<\/p>\n","protected":false},"excerpt":{"rendered":"<p>1) PARECE QUE FOI ONTEM&#8230; 2) RECEBENDO VISITAS DE AMIGOS. 3) AS FOTOS DESTAQUES DA SEMANA.<\/p>\n","protected":false},"author":2,"featured_media":0,"comment_status":"open","ping_status":"open","sticky":false,"template":"","format":"standard","meta":{"_links_to":"","_links_to_target":""},"categories":[10],"tags":[],"_links":{"self":[{"href":"https:\/\/www.r2cpress.com.br\/v1\/wp-json\/wp\/v2\/posts\/106732"}],"collection":[{"href":"https:\/\/www.r2cpress.com.br\/v1\/wp-json\/wp\/v2\/posts"}],"about":[{"href":"https:\/\/www.r2cpress.com.br\/v1\/wp-json\/wp\/v2\/types\/post"}],"author":[{"embeddable":true,"href":"https:\/\/www.r2cpress.com.br\/v1\/wp-json\/wp\/v2\/users\/2"}],"replies":[{"embeddable":true,"href":"https:\/\/www.r2cpress.com.br\/v1\/wp-json\/wp\/v2\/comments?post=106732"}],"version-history":[{"count":1,"href":"https:\/\/www.r2cpress.com.br\/v1\/wp-json\/wp\/v2\/posts\/106732\/revisions"}],"predecessor-version":[{"id":106734,"href":"https:\/\/www.r2cpress.com.br\/v1\/wp-json\/wp\/v2\/posts\/106732\/revisions\/106734"}],"wp:attachment":[{"href":"https:\/\/www.r2cpress.com.br\/v1\/wp-json\/wp\/v2\/media?parent=106732"}],"wp:term":[{"taxonomy":"category","embeddable":true,"href":"https:\/\/www.r2cpress.com.br\/v1\/wp-json\/wp\/v2\/categories?post=106732"},{"taxonomy":"post_tag","embeddable":true,"href":"https:\/\/www.r2cpress.com.br\/v1\/wp-json\/wp\/v2\/tags?post=106732"}],"curies":[{"name":"wp","href":"https:\/\/api.w.org\/{rel}","templated":true}]}}