{"id":106750,"date":"2017-02-10T21:37:13","date_gmt":"2017-02-11T00:37:13","guid":{"rendered":"http:\/\/www.r2cpress.com.br\/v1\/?p=106750"},"modified":"2017-02-10T21:37:13","modified_gmt":"2017-02-11T00:37:13","slug":"o-dom-da-vida","status":"publish","type":"post","link":"https:\/\/www.r2cpress.com.br\/v1\/2017\/02\/10\/o-dom-da-vida\/","title":{"rendered":"O DOM DA VIDA"},"content":{"rendered":"<h2 style=\"text-align: center;\"><span style=\"color: #000000;\"><strong><em>O DOM DA VIDA<\/em><\/strong><\/span><\/h2>\n<h2 style=\"text-align: center;\"><span style=\"color: #000000;\"><strong><em>Luiz Ferreira da Silva<\/em><\/strong><\/span><\/h2>\n<h2 style=\"text-align: center;\"><span style=\"color: #000000;\"><strong><em>80 anos (10 de fevereiro\/1937-2017)<\/em><\/strong><\/span><\/h2>\n<div id=\"attachment_106751\" style=\"width: 212px\" class=\"wp-caption alignleft\"><a href=\"http:\/\/www.r2cpress.com.br\/v1\/wp-content\/uploads\/2017\/02\/LUIZ-FERREIRA.jpg\"><img aria-describedby=\"caption-attachment-106751\" loading=\"lazy\" class=\"size-full wp-image-106751\" src=\"http:\/\/www.r2cpress.com.br\/v1\/wp-content\/uploads\/2017\/02\/LUIZ-FERREIRA.jpg\" alt=\"luizferreira1937@gmail.com\" width=\"202\" height=\"300\" \/><\/a><p id=\"caption-attachment-106751\" class=\"wp-caption-text\">luizferreira1937@gmail.com<\/p><\/div>\n<p>Comumente, sobretudo as mulheres, \u00e0 medida do seu envelhecimento, n\u00e3o curtem os anivers\u00e1rios p\u00f3s- 40. Eu, pelo contr\u00e1rio, hoje me sinto mais feliz de quando fiz 60 ou 70.<\/p>\n<p>O meu sonho foi sempre ficar velho, significando dispor de mais tempo para produzir, possibilitando-me deixar marcas positivas. Consegui. Da\u00ed a minha felicidade desta data \u2013 <em>10 de Fevereiro de 2017<\/em>.<\/p>\n<p>Nessa caminhada, n\u00e3o posso querer mais do que adquiri e, tampouco, do que a natureza org\u00e2nica me presenteou. S\u00f3 tenho que ser grato.<\/p>\n<p>No primeiro caso, considero-me rico, pela evolu\u00e7\u00e3o social, econ\u00f4mica e cultural, que n\u00e3o se medem em cifr\u00f5es. Por falar nestes, pobre \u00e9 aquele que nada disp\u00f5e, a n\u00e3o ser dinheiro.<\/p>\n<p>No segundo caso, recorro ao que minha Professora de Pilates me perguntou, antes de uma aula, se eu tinha alguma dor. A\u00ed eu ca\u00ed em mim e descobri que ainda n\u00e3o chegara \u00e0 temida idade do Condor (d\u00f3i aqui, d\u00f3i ali&#8230;). At\u00e9 hoje, a \u00fanica dor que senti foi dor de dentes ou topadas. Ent\u00e3o, daqui para frente, o que acontecer \u00e9 lucro e nada a reclamar, pois fui um dadivoso.<\/p>\n<p>Por outro lado, Quando olho no retrovisor e projeto os meus colegas dos tempos de Col\u00e9gio (1951-1957), Universidade (1958-1962) e Profissionalismo (1963-1992), vejo o quanto fui agraciado, considerando o elevado n\u00famero de colegas que se foram entre 65 e 75 anos<\/p>\n<p>Esses dois fatos refor\u00e7am o quanto fui distinguido, repito, nessa trajet\u00f3ria da vida, procurando trilhas de menos riscos, privilegiando a sa\u00fade, atrav\u00e9s da edifica\u00e7\u00e3o de uma fam\u00edlia e, paralelamente, no respeito aos limites do corpo f\u00edsico e mental, tentando harmoniz\u00e1-los.<\/p>\n<p>Merece aqui um par\u00eantesis: &#8211; \u201cningu\u00e9m ficar\u00e1 impune ao transgredir as Leis da Natureza, seja de <em>cunho ambiental<\/em> (ciclos fito-biol\u00f3gico-clim\u00e1ticos) ou <em>org\u00e2nico<\/em> (sobrecarga dos \u00f3rg\u00e3os vitais\/farras descomedidas)\u201d. Tudo tem seu limite; mais tarde vem a cobran\u00e7a.<\/p>\n<p>Ent\u00e3o, o que quero mais da vida? Apenas tentar prolong\u00e1-la sem a neura do apego, pois a morte \u00e9 inexor\u00e1vel, mas criando condi\u00e7\u00f5es para uma viagem estelar sem sofrimentos extremos. E me manter ocupado, sobretudo fazendo o bem, que deve ser o segredo da vida, sem perder de vista projetos a executar no limite das minhas for\u00e7as, sem os quais a vida n\u00e3o teria sentido.<\/p>\n<p>Ent\u00e3o, teria que estar feliz na data de hoje, sem preocupa\u00e7\u00e3o de festas, pois a sinto na alma. A raz\u00e3o principal est\u00e1 no maior bem adquirido com a esposa Airma (53 anos de casados em junho pr\u00f3ximo) \u2013 uma <em>FAM\u00cdLIA<\/em> constitu\u00edda de 3 filhos, 7 netos e 2 bisnetos. N\u00e3o consta no meu imposto de renda, pois seu valor n\u00e3o \u00e9 medido em moedas.<\/p>\n<p>No entanto, para finalizar, n\u00e3o devo me confiar tanto, haja vista um fato que relato, o qual serve de aviso a todos os velhinhos. \u00c9 muito comum se ver um casal de seniores \u2013 ela cheia de achaques, reclamando de dores aqui e ali e ele, inteiro, dando a impress\u00e3o que \u00e9 o \u201ccara\u201d. De repente, a velhinha aparece sozinha numa excurs\u00e3o e lhe perguntam: &#8211; cad\u00ea seu marido?<\/p>\n<p>&#8211; <em>M-o-r-r-e-u<\/em>, responde a nova <em>VV<\/em> (vi\u00fava viajante). <strong>(Macei\u00f3, Al, 10\/02\/2017)<\/strong><\/p>\n","protected":false},"excerpt":{"rendered":"<p>O DOM DA VIDA Luiz Ferreira da Silva 80 anos (10 de fevereiro\/1937-2017) Comumente, sobretudo as mulheres, \u00e0 medida do seu envelhecimento, n\u00e3o curtem os anivers\u00e1rios p\u00f3s- 40. Eu, pelo contr\u00e1rio, hoje me sinto mais feliz de quando fiz 60 ou 70. O meu sonho foi sempre ficar velho, significando dispor de mais tempo para [&hellip;]<\/p>\n","protected":false},"author":2,"featured_media":0,"comment_status":"open","ping_status":"open","sticky":false,"template":"","format":"standard","meta":{"_links_to":"","_links_to_target":""},"categories":[10],"tags":[],"_links":{"self":[{"href":"https:\/\/www.r2cpress.com.br\/v1\/wp-json\/wp\/v2\/posts\/106750"}],"collection":[{"href":"https:\/\/www.r2cpress.com.br\/v1\/wp-json\/wp\/v2\/posts"}],"about":[{"href":"https:\/\/www.r2cpress.com.br\/v1\/wp-json\/wp\/v2\/types\/post"}],"author":[{"embeddable":true,"href":"https:\/\/www.r2cpress.com.br\/v1\/wp-json\/wp\/v2\/users\/2"}],"replies":[{"embeddable":true,"href":"https:\/\/www.r2cpress.com.br\/v1\/wp-json\/wp\/v2\/comments?post=106750"}],"version-history":[{"count":1,"href":"https:\/\/www.r2cpress.com.br\/v1\/wp-json\/wp\/v2\/posts\/106750\/revisions"}],"predecessor-version":[{"id":106752,"href":"https:\/\/www.r2cpress.com.br\/v1\/wp-json\/wp\/v2\/posts\/106750\/revisions\/106752"}],"wp:attachment":[{"href":"https:\/\/www.r2cpress.com.br\/v1\/wp-json\/wp\/v2\/media?parent=106750"}],"wp:term":[{"taxonomy":"category","embeddable":true,"href":"https:\/\/www.r2cpress.com.br\/v1\/wp-json\/wp\/v2\/categories?post=106750"},{"taxonomy":"post_tag","embeddable":true,"href":"https:\/\/www.r2cpress.com.br\/v1\/wp-json\/wp\/v2\/tags?post=106750"}],"curies":[{"name":"wp","href":"https:\/\/api.w.org\/{rel}","templated":true}]}}