{"id":106756,"date":"2017-02-11T19:26:56","date_gmt":"2017-02-11T22:26:56","guid":{"rendered":"http:\/\/www.r2cpress.com.br\/v1\/?p=106756"},"modified":"2017-02-11T19:26:56","modified_gmt":"2017-02-11T22:26:56","slug":"adeus-a-arlete-e-carlinhos","status":"publish","type":"post","link":"https:\/\/www.r2cpress.com.br\/v1\/2017\/02\/11\/adeus-a-arlete-e-carlinhos\/","title":{"rendered":"ADEUS A ARLETE E CARLINHOS"},"content":{"rendered":"<p>perdi, num s\u00f3 golpe, dois amigos queridos como se fossem meus irm\u00e3os: arlete e carlinhos, numa s\u00f3 colis\u00e3o.<\/p>\n<p>a ficha ainda n\u00e3o caiu e um peda\u00e7o de comida dura e amarga est\u00e1 presa na garganta.<\/p>\n<p>ela, a ga\u00facha que eu chamava &#8220;pi\u00e1 guapa&#8221;; ele, paranaense filho de um casal do cear\u00e1.<\/p>\n<p>n\u00e3o eram daqui, nos dois sentidos: anjos e sulistas que muita alegria nos trouxeram c\u00e1 na aldeia.<\/p>\n<p>entraram no c\u00e9u sem pedir licen\u00e7a, pois a porta j\u00e1 estava aberta para que ali entrassem, no seu verdadeiro lugar.<\/p>\n<p>ora pro nobis, arletinha e carlinhos. pe\u00e7am ao pai para o fim da violencia em escalada promovida pelos homens \u00e1vidos pelo poder e pelo dinheiro f\u00e1cil<\/p>\n<p>Atenciosamente,<\/p>\n<p>Guilherme Albagli de Almeida<br \/>\nProf. Titular de LTA-001 (Hist\u00f3ria da Arte)<br \/>\nMat.73275888-0<br \/>\nDepartamento de Letras e Artes<br \/>\nUniversidade Estadual de Santa Cruz<br \/>\nIlh\u00e9us Bahia Brasil<br \/>\nT.: 73 3680 5088\/ 9 8848 4088<br \/>\nCurriculum Lattes: <a href=\"http:\/\/buscatextual.cnpq.br\/buscatextual\/visualizacv.do?id=K4164896Y3\" target=\"_blank\" rel=\"noreferrer\">http:\/\/buscatextual.cnpq.br\/buscatextual\/visualizacv.do?id=K4164896Y3<\/a><\/p>\n","protected":false},"excerpt":{"rendered":"<p>perdi, num s\u00f3 golpe, dois amigos queridos como se fossem meus irm\u00e3os: arlete e carlinhos, numa s\u00f3 colis\u00e3o. a ficha ainda n\u00e3o caiu e um peda\u00e7o de comida dura e amarga est\u00e1 presa na garganta. ela, a ga\u00facha que eu chamava &#8220;pi\u00e1 guapa&#8221;; ele, paranaense filho de um casal do cear\u00e1. n\u00e3o eram daqui, nos [&hellip;]<\/p>\n","protected":false},"author":2,"featured_media":0,"comment_status":"open","ping_status":"open","sticky":false,"template":"","format":"standard","meta":{"_links_to":"","_links_to_target":""},"categories":[10],"tags":[],"_links":{"self":[{"href":"https:\/\/www.r2cpress.com.br\/v1\/wp-json\/wp\/v2\/posts\/106756"}],"collection":[{"href":"https:\/\/www.r2cpress.com.br\/v1\/wp-json\/wp\/v2\/posts"}],"about":[{"href":"https:\/\/www.r2cpress.com.br\/v1\/wp-json\/wp\/v2\/types\/post"}],"author":[{"embeddable":true,"href":"https:\/\/www.r2cpress.com.br\/v1\/wp-json\/wp\/v2\/users\/2"}],"replies":[{"embeddable":true,"href":"https:\/\/www.r2cpress.com.br\/v1\/wp-json\/wp\/v2\/comments?post=106756"}],"version-history":[{"count":1,"href":"https:\/\/www.r2cpress.com.br\/v1\/wp-json\/wp\/v2\/posts\/106756\/revisions"}],"predecessor-version":[{"id":106757,"href":"https:\/\/www.r2cpress.com.br\/v1\/wp-json\/wp\/v2\/posts\/106756\/revisions\/106757"}],"wp:attachment":[{"href":"https:\/\/www.r2cpress.com.br\/v1\/wp-json\/wp\/v2\/media?parent=106756"}],"wp:term":[{"taxonomy":"category","embeddable":true,"href":"https:\/\/www.r2cpress.com.br\/v1\/wp-json\/wp\/v2\/categories?post=106756"},{"taxonomy":"post_tag","embeddable":true,"href":"https:\/\/www.r2cpress.com.br\/v1\/wp-json\/wp\/v2\/tags?post=106756"}],"curies":[{"name":"wp","href":"https:\/\/api.w.org\/{rel}","templated":true}]}}