{"id":106758,"date":"2017-02-11T19:38:54","date_gmt":"2017-02-11T22:38:54","guid":{"rendered":"http:\/\/www.r2cpress.com.br\/v1\/?p=106758"},"modified":"2017-02-11T19:38:54","modified_gmt":"2017-02-11T22:38:54","slug":"quinto-de-souza-o-mais-novo-cidadao-ilheense","status":"publish","type":"post","link":"https:\/\/www.r2cpress.com.br\/v1\/2017\/02\/11\/quinto-de-souza-o-mais-novo-cidadao-ilheense\/","title":{"rendered":"Quinto de Souza, o mais novo cidad\u00e3o ilheense."},"content":{"rendered":"<div id=\"attachment_106759\" style=\"width: 216px\" class=\"wp-caption alignleft\"><a href=\"http:\/\/www.r2cpress.com.br\/v1\/wp-content\/uploads\/2017\/02\/quinto-de-souza.jpg\"><img aria-describedby=\"caption-attachment-106759\" loading=\"lazy\" class=\" wp-image-106759\" src=\"http:\/\/www.r2cpress.com.br\/v1\/wp-content\/uploads\/2017\/02\/quinto-de-souza.jpg\" alt=\"Quinto de Souza\" width=\"206\" height=\"291\" srcset=\"https:\/\/www.r2cpress.com.br\/v1\/wp-content\/uploads\/2017\/02\/quinto-de-souza.jpg 300w, https:\/\/www.r2cpress.com.br\/v1\/wp-content\/uploads\/2017\/02\/quinto-de-souza-212x300.jpg 212w\" sizes=\"(max-width: 206px) 100vw, 206px\" \/><\/a><p id=\"caption-attachment-106759\" class=\"wp-caption-text\">Quinto de Souza<\/p><\/div>\n<p>O radialista Laudelino Quinto de Souza&#8230; ou simplesmente Quinto de Souza foi um dos homenageados com o titulo de cidad\u00e3o ilheense, outorgado pela c\u00e2mara de vereadores, atrav\u00e9s do projeto de lei do vereador Jamil Ock\u00e8. Quinto nasceu em Ibirapitanga, em junho de 1943 e mudou-se para Ilh\u00e9us aos quatorze anos de idade. Aqui as primeiras oportunidades lhes foram oferecidas pelo casal Michel e Elisa Karam, al\u00e9m de contar, tamb\u00e9m, com o incentivo dos amigos Jos\u00e9 Leite de Souza e Mois\u00e9s Bohana.<\/p>\n<p>Ingressou na radio cultura de ilh\u00e9us, onde permaneceu com seu programa durante 50 anos. Quinto \u00e9 sem sombra de d\u00favida um dos maiores \u00edcones da radio regional, na sua categoria, o que o tornou muito amado pelos que lhe conhecem e pela sua imensid\u00e3o de f\u00e3s.<\/p>\n<p>Casado com dona Perolina Quinto de Souza, tiveram os filhos Marcos Alex, Crysthiane, Laudelino Junior, M\u00e1rcio e Marcelo.<\/p>\n<p>Hoje Quinto de Souza est\u00e1 dedicado a administra\u00e7\u00e3o do Brit\u00e2nia Hotel, um dos mais antigos e tradicionais da cidade. Quinto segue com a humildade de quem esta come\u00e7ando, um exemplo para ser seguido dado a sua compet\u00eancia, honestidade, credibilidade e lealdade.<\/p>\n<p>Quinto, Quinto de Souza, Quintinho \u00e9 com voc\u00ea garoto!<\/p>\n","protected":false},"excerpt":{"rendered":"<p>O radialista Laudelino Quinto de Souza&#8230; ou simplesmente Quinto de Souza foi um dos homenageados com o titulo de cidad\u00e3o ilheense, outorgado pela c\u00e2mara de vereadores, atrav\u00e9s do projeto de lei do vereador Jamil Ock\u00e8. Quinto nasceu em Ibirapitanga, em junho de 1943 e mudou-se para Ilh\u00e9us aos quatorze anos de idade. Aqui as primeiras [&hellip;]<\/p>\n","protected":false},"author":2,"featured_media":0,"comment_status":"open","ping_status":"open","sticky":false,"template":"","format":"standard","meta":{"_links_to":"","_links_to_target":""},"categories":[1],"tags":[],"_links":{"self":[{"href":"https:\/\/www.r2cpress.com.br\/v1\/wp-json\/wp\/v2\/posts\/106758"}],"collection":[{"href":"https:\/\/www.r2cpress.com.br\/v1\/wp-json\/wp\/v2\/posts"}],"about":[{"href":"https:\/\/www.r2cpress.com.br\/v1\/wp-json\/wp\/v2\/types\/post"}],"author":[{"embeddable":true,"href":"https:\/\/www.r2cpress.com.br\/v1\/wp-json\/wp\/v2\/users\/2"}],"replies":[{"embeddable":true,"href":"https:\/\/www.r2cpress.com.br\/v1\/wp-json\/wp\/v2\/comments?post=106758"}],"version-history":[{"count":1,"href":"https:\/\/www.r2cpress.com.br\/v1\/wp-json\/wp\/v2\/posts\/106758\/revisions"}],"predecessor-version":[{"id":106760,"href":"https:\/\/www.r2cpress.com.br\/v1\/wp-json\/wp\/v2\/posts\/106758\/revisions\/106760"}],"wp:attachment":[{"href":"https:\/\/www.r2cpress.com.br\/v1\/wp-json\/wp\/v2\/media?parent=106758"}],"wp:term":[{"taxonomy":"category","embeddable":true,"href":"https:\/\/www.r2cpress.com.br\/v1\/wp-json\/wp\/v2\/categories?post=106758"},{"taxonomy":"post_tag","embeddable":true,"href":"https:\/\/www.r2cpress.com.br\/v1\/wp-json\/wp\/v2\/tags?post=106758"}],"curies":[{"name":"wp","href":"https:\/\/api.w.org\/{rel}","templated":true}]}}