{"id":106765,"date":"2017-02-11T21:38:43","date_gmt":"2017-02-12T00:38:43","guid":{"rendered":"http:\/\/www.r2cpress.com.br\/v1\/?p=106765"},"modified":"2017-02-11T21:38:43","modified_gmt":"2017-02-12T00:38:43","slug":"sindicato-dos-trabalhadores-em-empresas-de-radiodifusao-e-televisao-no-municipio-de-ilheus-stert","status":"publish","type":"post","link":"https:\/\/www.r2cpress.com.br\/v1\/2017\/02\/11\/sindicato-dos-trabalhadores-em-empresas-de-radiodifusao-e-televisao-no-municipio-de-ilheus-stert\/","title":{"rendered":"SINDICATO DOS TRABALHADORES EM EMPRESAS DE RADIODIFUS\u00c3O E TELEVIS\u00c3O NO MUNICIPIO DE ILH\u00c9US \u2013 STERT"},"content":{"rendered":"<h2 style=\"text-align: center;\"><span style=\"color: #000000;\"><strong>Edital &#8211; Contribui\u00e7\u00e3o Sindical &#8211; Exerc\u00edcio 2017<\/strong><\/span><\/h2>\n<h2 style=\"text-align: center;\"><span style=\"color: #000000;\"><strong>SINDICATO DOS TRABALHADORES EM EMPRESAS <\/strong><\/span><\/h2>\n<h2 style=\"text-align: center;\"><span style=\"color: #000000;\"><strong>DE RADIODIFUS\u00c3O E TELEVIS\u00c3O NO MUNIC\u00cdPIO\u00a0DE ILH\u00c9US<\/strong><\/span><\/h2>\n<h2 style=\"text-align: center;\"><span style=\"color: #000000;\"><strong>CNPJ 16.473.407\/0001-76<\/strong><\/span><\/h2>\n<p>O SINDICATO DOS TRABALHADORES EM EMPRESAS DE RADIODIFUS\u00c3O E TELEVIS\u00c3O NO MUNICIPIO DE ILH\u00c9US \u2013 STERT \u2013 I. , inscrito no Cadastro Nacional de Pessoas Jur\u00eddicas sob o n\u00ba 16.473.407\/0001-76, conforme o disposto no Art. 605 da Consolida\u00e7\u00e3o das Leis do Trabalho e leis complementares, comunica a todos os trabalhadores em empresas de radiodifus\u00e3o e televis\u00e3o no munic\u00edpio de Ilh\u00e9us, a obrigatoriedade do desconto em folha de pagamento no m\u00eas de mar\u00e7o de 2017, a t\u00edtulo de CONTRIBUI\u00c7\u00c3O SINDICAL devidos por todos os empregados, filiados ou n\u00e3o a esta entidade, correspondente a 01 (um) dia do sal\u00e1rio. Cabe aos empregadores fazerem os descontos em folha de pagamento e recolherem at\u00e9 o dia 30 de abril de 2017, em boletos da Caixa Econ\u00f4mica Federal, diretamente em favor da FITERT &#8211; Federa\u00e7\u00e3o Interestadual dos Trabalhadores em Radiodifus\u00e3o e Televis\u00e3o. O n\u00e3o recolhimento da Contribui\u00e7\u00e3o Sindical no prazo implicar\u00e1 nas penalidades previstas nos art. 600, da CLT e 7\u00ba da Lei Federal 6.986, de 13 de abril de 1982.<\/p>\n<p>Sala do Sindicato dos Radialistas de Ilh\u00e9us &#8211; Estado da Bahia, 11 de fevereiro de 2017.<\/p>\n<p>ELIAS REIS, Presidente.<\/p>\n<p>E-mail: <a href=\"mailto:sindicato.radio.tv.ilheus@gmail.com\">sindicato.radio.tv.ilheus@gmail.com<\/a><\/p>\n<p>Celular: 0xx 73 9 8832 9502<\/p>\n","protected":false},"excerpt":{"rendered":"<p>Edital &#8211; Contribui\u00e7\u00e3o Sindical &#8211; Exerc\u00edcio 2017 SINDICATO DOS TRABALHADORES EM EMPRESAS DE RADIODIFUS\u00c3O E TELEVIS\u00c3O NO MUNIC\u00cdPIO\u00a0DE ILH\u00c9US CNPJ 16.473.407\/0001-76 O SINDICATO DOS TRABALHADORES EM EMPRESAS DE RADIODIFUS\u00c3O E TELEVIS\u00c3O NO MUNICIPIO DE ILH\u00c9US \u2013 STERT \u2013 I. , inscrito no Cadastro Nacional de Pessoas Jur\u00eddicas sob o n\u00ba 16.473.407\/0001-76, conforme o disposto no [&hellip;]<\/p>\n","protected":false},"author":2,"featured_media":0,"comment_status":"open","ping_status":"open","sticky":false,"template":"","format":"standard","meta":{"_links_to":"","_links_to_target":""},"categories":[10],"tags":[],"_links":{"self":[{"href":"https:\/\/www.r2cpress.com.br\/v1\/wp-json\/wp\/v2\/posts\/106765"}],"collection":[{"href":"https:\/\/www.r2cpress.com.br\/v1\/wp-json\/wp\/v2\/posts"}],"about":[{"href":"https:\/\/www.r2cpress.com.br\/v1\/wp-json\/wp\/v2\/types\/post"}],"author":[{"embeddable":true,"href":"https:\/\/www.r2cpress.com.br\/v1\/wp-json\/wp\/v2\/users\/2"}],"replies":[{"embeddable":true,"href":"https:\/\/www.r2cpress.com.br\/v1\/wp-json\/wp\/v2\/comments?post=106765"}],"version-history":[{"count":2,"href":"https:\/\/www.r2cpress.com.br\/v1\/wp-json\/wp\/v2\/posts\/106765\/revisions"}],"predecessor-version":[{"id":106767,"href":"https:\/\/www.r2cpress.com.br\/v1\/wp-json\/wp\/v2\/posts\/106765\/revisions\/106767"}],"wp:attachment":[{"href":"https:\/\/www.r2cpress.com.br\/v1\/wp-json\/wp\/v2\/media?parent=106765"}],"wp:term":[{"taxonomy":"category","embeddable":true,"href":"https:\/\/www.r2cpress.com.br\/v1\/wp-json\/wp\/v2\/categories?post=106765"},{"taxonomy":"post_tag","embeddable":true,"href":"https:\/\/www.r2cpress.com.br\/v1\/wp-json\/wp\/v2\/tags?post=106765"}],"curies":[{"name":"wp","href":"https:\/\/api.w.org\/{rel}","templated":true}]}}