{"id":106777,"date":"2017-02-12T08:23:44","date_gmt":"2017-02-12T11:23:44","guid":{"rendered":"http:\/\/www.r2cpress.com.br\/v1\/?p=106777"},"modified":"2017-02-12T08:23:44","modified_gmt":"2017-02-12T11:23:44","slug":"mobilidade-urbana-pontal","status":"publish","type":"post","link":"https:\/\/www.r2cpress.com.br\/v1\/2017\/02\/12\/mobilidade-urbana-pontal\/","title":{"rendered":"MOBILIDADE\u00a0\u00a0 URBANA-PONTAL."},"content":{"rendered":"<p><img loading=\"lazy\" class=\"alignleft\" src=\"http:\/\/www.r2cpress.com.br\/v1\/wp-content\/uploads\/2016\/10\/Magnavita.jpg\" alt=\"\" width=\"198\" height=\"287\" \/>Rua Coronel Pessoa localizada no Bairro do Pontal, o estacionamento de ve\u00edculos \u00e9 feito nos dois lados da rua restringindo a faixa de circula\u00e7\u00e3o de ve\u00edculos. Essa rua \u00e9 um movimentado centro comercial tendo um grande fluxo de pessoas aos estabelecimentos comerciais\u00a0\u00a0 que s\u00e3o padarias, farm\u00e1cias, mercados e outros comercio afins. O acesso de ve\u00edculos \u00e0 Sapetinga e Jardim Pontal provenientes da zona sul \u00e9 feito por essa via, portanto \u00e9 uma via com grande fluxo de ve\u00edculos principalmente nos chamados hor\u00e1rios de pico, compreendido entre 17:00\/ 19;00 Horas.<\/p>\n<p>O caminh\u00e3o de coleta de lixo, segundo observamos, passa por essa via justamente nesse hor\u00e1rio criando um engarrafamento de ve\u00edculos, que poderia ser evitado com a coleta de lixo fora do hor\u00e1rio de pico.<\/p>\n<p>Desejamos uma cidade organizada, permitindo melhor Mobilidade Urbana para seus cidad\u00e3os.<\/p>\n<p style=\"text-align: left;\">\u00a0Antonio Dantas<\/p>\n<p style=\"text-align: left;\">\n<p style=\"text-align: left;\">\n<p style=\"text-align: left;\">\n<p style=\"text-align: left;\">\n","protected":false},"excerpt":{"rendered":"<p>Rua Coronel Pessoa localizada no Bairro do Pontal, o estacionamento de ve\u00edculos \u00e9 feito nos dois lados da rua restringindo a faixa de circula\u00e7\u00e3o de ve\u00edculos. Essa rua \u00e9 um movimentado centro comercial tendo um grande fluxo de pessoas aos estabelecimentos comerciais\u00a0\u00a0 que s\u00e3o padarias, farm\u00e1cias, mercados e outros comercio afins. O acesso de ve\u00edculos [&hellip;]<\/p>\n","protected":false},"author":2,"featured_media":0,"comment_status":"open","ping_status":"open","sticky":false,"template":"","format":"standard","meta":{"_links_to":"","_links_to_target":""},"categories":[10],"tags":[],"_links":{"self":[{"href":"https:\/\/www.r2cpress.com.br\/v1\/wp-json\/wp\/v2\/posts\/106777"}],"collection":[{"href":"https:\/\/www.r2cpress.com.br\/v1\/wp-json\/wp\/v2\/posts"}],"about":[{"href":"https:\/\/www.r2cpress.com.br\/v1\/wp-json\/wp\/v2\/types\/post"}],"author":[{"embeddable":true,"href":"https:\/\/www.r2cpress.com.br\/v1\/wp-json\/wp\/v2\/users\/2"}],"replies":[{"embeddable":true,"href":"https:\/\/www.r2cpress.com.br\/v1\/wp-json\/wp\/v2\/comments?post=106777"}],"version-history":[{"count":3,"href":"https:\/\/www.r2cpress.com.br\/v1\/wp-json\/wp\/v2\/posts\/106777\/revisions"}],"predecessor-version":[{"id":106780,"href":"https:\/\/www.r2cpress.com.br\/v1\/wp-json\/wp\/v2\/posts\/106777\/revisions\/106780"}],"wp:attachment":[{"href":"https:\/\/www.r2cpress.com.br\/v1\/wp-json\/wp\/v2\/media?parent=106777"}],"wp:term":[{"taxonomy":"category","embeddable":true,"href":"https:\/\/www.r2cpress.com.br\/v1\/wp-json\/wp\/v2\/categories?post=106777"},{"taxonomy":"post_tag","embeddable":true,"href":"https:\/\/www.r2cpress.com.br\/v1\/wp-json\/wp\/v2\/tags?post=106777"}],"curies":[{"name":"wp","href":"https:\/\/api.w.org\/{rel}","templated":true}]}}