{"id":106794,"date":"2017-02-12T15:45:01","date_gmt":"2017-02-12T18:45:01","guid":{"rendered":"http:\/\/www.r2cpress.com.br\/v1\/?p=106794"},"modified":"2017-02-12T15:45:27","modified_gmt":"2017-02-12T18:45:27","slug":"do-jornal-bahia-online","status":"publish","type":"post","link":"https:\/\/www.r2cpress.com.br\/v1\/2017\/02\/12\/do-jornal-bahia-online\/","title":{"rendered":"DO JORNAL BAHIA ONLINE"},"content":{"rendered":"<h2 class=\"texto_secao_principalInterna\" style=\"text-align: center;\"><span style=\"color: #000000;\"><strong>Hora de esquecer a pol\u00edtica <\/strong><\/span><\/h2>\n<h2 class=\"texto_secao_principalInterna\" style=\"text-align: center;\"><span style=\"color: #000000;\"><strong>Jabes vai fazer tratamento contra um c\u00e2ncer<\/strong><\/span><\/h2>\n<table border=\"0\" width=\"114\" cellspacing=\"7\" cellpadding=\"1\" align=\"left\">\n<tbody>\n<tr>\n<td bgcolor=\"#CCCCCC\" width=\"176\">\n<table border=\"0\" width=\"100\" cellspacing=\"0\" cellpadding=\"5\" align=\"left\">\n<tbody>\n<tr>\n<td align=\"left\" valign=\"top\" bgcolor=\"#FFFFFF\">\n<div align=\"center\"><img src=\"http:\/\/www.jornalbahiaonline.com.br\/fotos\/32601_250.jpg\" alt=\"\" \/><\/div>\n<\/td>\n<\/tr>\n<tr>\n<td align=\"center\" bgcolor=\"#FFFFFF\">\n<div>\n<div class=\"texto_busca\">Jabes conversa com o editor do JBO<\/div>\n<div class=\"texto_busca\">Cr\u00e9dito: Arquivo<\/div>\n<\/div>\n<\/td>\n<\/tr>\n<\/tbody>\n<\/table>\n<\/td>\n<\/tr>\n<\/tbody>\n<\/table>\n<p><b>Em primeira m\u00e3o<\/b>. O ex-prefeito de Ilh\u00e9us, Jabes Ribeiro, vai passar, nos pr\u00f3ximos meses, por um tratamento contra um c\u00e2ncer na pr\u00f3stata. Jabes recebeu o diagn\u00f3stico h\u00e1 alguns dias e, hoje, resolveu se posicionar de forma p\u00fablica a respeito do problema.<\/p>\n<p>Pela rede social, o ex-prefeito de Ilh\u00e9us &#8211; que ainda cuida de um problema na vis\u00e3o &#8211; decidiu expor a situa\u00e7\u00e3o e anunciar o tratamento a fim de evitar &#8220;especula\u00e7\u00f5es que sejam maiores que o problema&#8221;. &#8220;Tenho f\u00e9 no futuro&#8221;, assegurou.<\/p>\n<p>Nesta segunda, Jabes segue para S\u00e3o Paulo onde vai ser acompanhado por novos especialistas para saber quais os pr\u00f3ximos passos que precisam ser dados para a cura.<\/p>\n<p><b>Nota da reda\u00e7\u00e3o<\/b> &#8211; Situa\u00e7\u00f5es de cunho pessoal e familiar, como esta, s\u00e3o tratadas com muito respeito e cuidado pelo Jornal Bahia Online. Estamos noticiando o fato, considerando que o pr\u00f3prio Jabes resolveu tornar p\u00fablica a sua condi\u00e7\u00e3o de sa\u00fade. Al\u00e9m do gesto do homem forte e equilibrado que \u00e9, sua decis\u00e3o de compartilhar o seu problema com o povo de Ilh\u00e9us merece a nossa solidariedade. Neste momento delicado \u00e9 preciso que esque\u00e7amos lado, coloquemos a pol\u00edtica em segundo plano e tor\u00e7amos para que d\u00ea tudo certo a algu\u00e9m que muito contribuiu com esta cidade e com a sua gente.<\/p>\n<p>Leia, abaixo, a postagem do ex-prefeito.<\/p>\n<p><i><b><span style=\"font-family: Tahoma; font-size: medium;\">Amigos.<\/span><\/b><\/i><\/p>\n<p><i><b>Minha vida sempre foi marcada por desafios.<\/b><\/i><\/p>\n<p><i><b>Durante exames de sa\u00fade, este m\u00eas, m\u00e9dicos diagnosticaram uma altera\u00e7\u00e3o na minha pr\u00f3stata, situa\u00e7\u00e3o que exigir\u00e1 acompanhamento e tratamento.<\/b><\/i><\/p>\n<p><i><b>Enfrentarei essa realidade com a mesma coragem e equilibrio que marcam minha vida.<\/b><\/i><\/p>\n<p><i><b>Tenho o desafio do presente.<\/b><\/i><\/p>\n<p><i><b>E f\u00e9 no futuro.<\/b><\/i><\/p>\n<p><i><b>Jabes Ribeiro<\/b><\/i><\/p>\n<p>&#8212;<\/p>\n<p>http:\/\/www.jornalbahiaonline.com.br\/noticia\/33698\/hora_de_esquecer_a_politica_-_jabes_vai_fazer_tratamento_contra_um_cancer<\/p>\n","protected":false},"excerpt":{"rendered":"<p>Hora de esquecer a pol\u00edtica Jabes vai fazer tratamento contra um c\u00e2ncer Jabes conversa com o editor do JBO Cr\u00e9dito: Arquivo Em primeira m\u00e3o. O ex-prefeito de Ilh\u00e9us, Jabes Ribeiro, vai passar, nos pr\u00f3ximos meses, por um tratamento contra um c\u00e2ncer na pr\u00f3stata. Jabes recebeu o diagn\u00f3stico h\u00e1 alguns dias e, hoje, resolveu se posicionar [&hellip;]<\/p>\n","protected":false},"author":2,"featured_media":0,"comment_status":"open","ping_status":"open","sticky":false,"template":"","format":"standard","meta":{"_links_to":"","_links_to_target":""},"categories":[13,22],"tags":[],"_links":{"self":[{"href":"https:\/\/www.r2cpress.com.br\/v1\/wp-json\/wp\/v2\/posts\/106794"}],"collection":[{"href":"https:\/\/www.r2cpress.com.br\/v1\/wp-json\/wp\/v2\/posts"}],"about":[{"href":"https:\/\/www.r2cpress.com.br\/v1\/wp-json\/wp\/v2\/types\/post"}],"author":[{"embeddable":true,"href":"https:\/\/www.r2cpress.com.br\/v1\/wp-json\/wp\/v2\/users\/2"}],"replies":[{"embeddable":true,"href":"https:\/\/www.r2cpress.com.br\/v1\/wp-json\/wp\/v2\/comments?post=106794"}],"version-history":[{"count":3,"href":"https:\/\/www.r2cpress.com.br\/v1\/wp-json\/wp\/v2\/posts\/106794\/revisions"}],"predecessor-version":[{"id":106797,"href":"https:\/\/www.r2cpress.com.br\/v1\/wp-json\/wp\/v2\/posts\/106794\/revisions\/106797"}],"wp:attachment":[{"href":"https:\/\/www.r2cpress.com.br\/v1\/wp-json\/wp\/v2\/media?parent=106794"}],"wp:term":[{"taxonomy":"category","embeddable":true,"href":"https:\/\/www.r2cpress.com.br\/v1\/wp-json\/wp\/v2\/categories?post=106794"},{"taxonomy":"post_tag","embeddable":true,"href":"https:\/\/www.r2cpress.com.br\/v1\/wp-json\/wp\/v2\/tags?post=106794"}],"curies":[{"name":"wp","href":"https:\/\/api.w.org\/{rel}","templated":true}]}}