{"id":10680,"date":"2011-03-16T09:05:06","date_gmt":"2011-03-16T12:05:06","guid":{"rendered":"http:\/\/www.r2cpress.com.br\/v1\/?p=10680"},"modified":"2011-03-16T09:05:06","modified_gmt":"2011-03-16T12:05:06","slug":"inscricoes-abertas-para-o-festival-sons-sabores-do-mar","status":"publish","type":"post","link":"https:\/\/www.r2cpress.com.br\/v1\/2011\/03\/16\/inscricoes-abertas-para-o-festival-sons-sabores-do-mar\/","title":{"rendered":"Inscri\u00e7\u00f5es abertas para o Festival Sons &#038; Sabores do Mar"},"content":{"rendered":"<p><div id=\"attachment_10681\" style=\"width: 236px\" class=\"wp-caption alignleft\"><a href=\"http:\/\/www.r2cpress.com.br\/v1\/wp-content\/uploads\/festival.jpeg\"><img aria-describedby=\"caption-attachment-10681\" loading=\"lazy\" src=\"http:\/\/www.r2cpress.com.br\/v1\/wp-content\/uploads\/festival.jpeg\" alt=\"\" title=\"festival\" width=\"226\" height=\"151\" class=\"size-full wp-image-10681\" \/><\/a><p id=\"caption-attachment-10681\" class=\"wp-caption-text\">Moqueca<\/p><\/div>Est\u00e3o abertas as inscri\u00e7\u00f5es para que propriet\u00e1rios de bares e restaurantes de Ilh\u00e9us se credenciem a participar do <b>Festival Ilh\u00e9us Sons e Sabores do Mar,<\/b> que acontece no Centro de Conven\u00e7\u00f5es da cidade, no per\u00edodo de 20 a 24 de abril. Os interessados devem se dirigir \u00e0 ag\u00eancia M21, localizada na avenda Soares Lopes, para obter maiores informa\u00e7\u00f5es. De acordo com os organizadores do evento, as vagas s\u00e3o limitadas e as inscri\u00e7\u00f5es permitem a democratiza\u00e7\u00e3o do espa\u00e7o garantindo, paralelamente, um controle r\u00edgido sobre a qualidade das empresas e produtos que ser\u00e3o disponibilizados durante o evento.<\/p>\n<p><!--more--><\/p>\n<p>O mesmo crit\u00e9rio ser\u00e1 usado para os cantores, artistas, bandas regionais e artes\u00e3os interessados em participar do festival. O <b><i>Festival Ilh\u00e9us Sons &#038; Sabores do Mar,<\/i><\/b> integra em um mesmo evento, elementos da cultura local como gastronomia, m\u00fasica e artesanato. O festival vai acontecer, aproveitando o per\u00edodo da P\u00e1scoa quando o turismo \u00e9 sempre bastante intenso no munic\u00edpio. Al\u00e9m de bares e restaurantes, o local vai ganhar shows musicais com a participa\u00e7\u00e3o de artistas regionais e nacionais, e cursos e oficinas de artesanato e culin\u00e1ria que ser\u00e3o ministrados por t\u00e9cnicos do Sebrae, apresenta\u00e7\u00f5es teatrais, exposi\u00e7\u00e3o de arte e minicursos e oficinas de m\u00fasica. Dentre os artistas nacionais j\u00e1 confirmados, est\u00e3o Seu Jorge e Fernanda Porto.<\/p>\n<p>Este evento, de acordo com o publicit\u00e1rio Marco Lessa, celebra a diversidade cultural da Bahia. \u201cSer\u00e1 um local onde os visitantes v\u00e3o poder saborear os mais diversos pratos t\u00edpicos oferecidos nos restaurantes de Ilh\u00e9us ao som de grandes nomes e int\u00e9rpretes da M\u00fasica Popular Brasileira\u201d, explica o publicit\u00e1rio. O evento contar\u00e1, segundo a organiza\u00e7\u00e3o, com uma estrutura de primeira linha que permitir\u00e1 a realiza\u00e7\u00e3o simult\u00e2nea de todas as atividades previstas no projeto. O <b><i>Festival Sons &#038; Sabores do Mar<\/i><\/b> \u00e9 uma realiza\u00e7\u00e3o da ATIL, Costa do Cacau Convention &#038; Visitors Bureau, em parceria com Sebrae e M21, e apoio do Governo da Bahia, Bahiatursa e Prefeitura de Ilh\u00e9us.<\/p>\n","protected":false},"excerpt":{"rendered":"<p>Est\u00e3o abertas as inscri\u00e7\u00f5es para que propriet\u00e1rios de bares e restaurantes de Ilh\u00e9us se credenciem a participar do Festival Ilh\u00e9us Sons e Sabores do Mar, que acontece no Centro de Conven\u00e7\u00f5es da cidade, no per\u00edodo de 20 a 24 de abril. Os interessados devem se dirigir \u00e0 ag\u00eancia M21, localizada na avenda Soares Lopes, para [&hellip;]<\/p>\n","protected":false},"author":2,"featured_media":0,"comment_status":"open","ping_status":"open","sticky":false,"template":"","format":"standard","meta":{"_links_to":"","_links_to_target":""},"categories":[28],"tags":[],"_links":{"self":[{"href":"https:\/\/www.r2cpress.com.br\/v1\/wp-json\/wp\/v2\/posts\/10680"}],"collection":[{"href":"https:\/\/www.r2cpress.com.br\/v1\/wp-json\/wp\/v2\/posts"}],"about":[{"href":"https:\/\/www.r2cpress.com.br\/v1\/wp-json\/wp\/v2\/types\/post"}],"author":[{"embeddable":true,"href":"https:\/\/www.r2cpress.com.br\/v1\/wp-json\/wp\/v2\/users\/2"}],"replies":[{"embeddable":true,"href":"https:\/\/www.r2cpress.com.br\/v1\/wp-json\/wp\/v2\/comments?post=10680"}],"version-history":[{"count":2,"href":"https:\/\/www.r2cpress.com.br\/v1\/wp-json\/wp\/v2\/posts\/10680\/revisions"}],"predecessor-version":[{"id":10683,"href":"https:\/\/www.r2cpress.com.br\/v1\/wp-json\/wp\/v2\/posts\/10680\/revisions\/10683"}],"wp:attachment":[{"href":"https:\/\/www.r2cpress.com.br\/v1\/wp-json\/wp\/v2\/media?parent=10680"}],"wp:term":[{"taxonomy":"category","embeddable":true,"href":"https:\/\/www.r2cpress.com.br\/v1\/wp-json\/wp\/v2\/categories?post=10680"},{"taxonomy":"post_tag","embeddable":true,"href":"https:\/\/www.r2cpress.com.br\/v1\/wp-json\/wp\/v2\/tags?post=10680"}],"curies":[{"name":"wp","href":"https:\/\/api.w.org\/{rel}","templated":true}]}}