{"id":10684,"date":"2011-03-16T09:41:07","date_gmt":"2011-03-16T12:41:07","guid":{"rendered":"http:\/\/www.r2cpress.com.br\/v1\/?p=10684"},"modified":"2011-03-16T09:41:07","modified_gmt":"2011-03-16T12:41:07","slug":"grande-caminhada-contra-as-drogas-sera-nesta-sexta-feira","status":"publish","type":"post","link":"https:\/\/www.r2cpress.com.br\/v1\/2011\/03\/16\/grande-caminhada-contra-as-drogas-sera-nesta-sexta-feira\/","title":{"rendered":"Grande caminhada contra as drogas ser\u00e1 nesta sexta-feira"},"content":{"rendered":"<p>Os membros do Comit\u00ea de Pol\u00edticas sobre drogas e o Minist\u00e9rio Galera de Jesus, em parceria com as casas de recupera\u00e7\u00e3o de Ilh\u00e9us, as Secretarias de Educa\u00e7\u00e3o de Ilh\u00e9us e da Bahia, rede p\u00fablica e particular de ensino, DIREC, Pol\u00edcia Civil e Militar, Corpo de Bombeiros e outras institui\u00e7\u00f5es, realizar\u00e3o nesta sexta-feira, dia 18 de mar\u00e7o, uma grande caminhada contra as drogas no centro de Ilh\u00e9us. A caminhada est\u00e1 marcada para sair \u00e0s 15h da Avenida Bahia (em frente \u00e0 SACRO), terminando com uma grande concentra\u00e7\u00e3o na Avenida Soares Lopes, com shows de m\u00fasica gospel, depoimentos de ex-dependentes qu\u00edmicos. Tamb\u00e9m ficou institu\u00edda esta data como o dia municipal de combate \u00e0s drogas.<\/p>\n<p>A caminhada faz parte da programa\u00e7\u00e3o da campanha \u201cTodos contra o crack \u2013 Tire essa pedra do seu caminho\u201d. A id\u00e9ia \u00e9 mobilizar toda a sociedade para que seja dedicada maior aten\u00e7\u00e3o ao problema das drogas e potencializar o trabalho desenvolvido pelas casas de recupera\u00e7\u00e3o da cidade. A campanha tem como foco principal a rede de educa\u00e7\u00e3o, uma vez que \u00e9 na escola que as crian\u00e7as e adolescentes podem receber informa\u00e7\u00e3o de qualidade, para que n\u00e3o sejam iludidos pelas drogas. Para isso, est\u00e1 sendo elaborada uma agenda de palestras  em todas as escolas da cidade, com apoio das casas de recupera\u00e7\u00e3o e do Minist\u00e9rio Resgate para a Vida da Igreja Batista Lindin\u00f3polis. O lema da campanha \u00e9 que \u201csozinhos somos um, juntos somos todos\u201d, com o intuito de mobilizar o maior n\u00famero poss\u00edvel de pessoas e institui\u00e7\u00f5es.<\/p>\n","protected":false},"excerpt":{"rendered":"<p>Os membros do Comit\u00ea de Pol\u00edticas sobre drogas e o Minist\u00e9rio Galera de Jesus, em parceria com as casas de recupera\u00e7\u00e3o de Ilh\u00e9us, as Secretarias de Educa\u00e7\u00e3o de Ilh\u00e9us e da Bahia, rede p\u00fablica e particular de ensino, DIREC, Pol\u00edcia Civil e Militar, Corpo de Bombeiros e outras institui\u00e7\u00f5es, realizar\u00e3o nesta sexta-feira, dia 18 de [&hellip;]<\/p>\n","protected":false},"author":2,"featured_media":0,"comment_status":"open","ping_status":"open","sticky":false,"template":"","format":"standard","meta":{"_links_to":"","_links_to_target":""},"categories":[28],"tags":[],"_links":{"self":[{"href":"https:\/\/www.r2cpress.com.br\/v1\/wp-json\/wp\/v2\/posts\/10684"}],"collection":[{"href":"https:\/\/www.r2cpress.com.br\/v1\/wp-json\/wp\/v2\/posts"}],"about":[{"href":"https:\/\/www.r2cpress.com.br\/v1\/wp-json\/wp\/v2\/types\/post"}],"author":[{"embeddable":true,"href":"https:\/\/www.r2cpress.com.br\/v1\/wp-json\/wp\/v2\/users\/2"}],"replies":[{"embeddable":true,"href":"https:\/\/www.r2cpress.com.br\/v1\/wp-json\/wp\/v2\/comments?post=10684"}],"version-history":[{"count":2,"href":"https:\/\/www.r2cpress.com.br\/v1\/wp-json\/wp\/v2\/posts\/10684\/revisions"}],"predecessor-version":[{"id":10686,"href":"https:\/\/www.r2cpress.com.br\/v1\/wp-json\/wp\/v2\/posts\/10684\/revisions\/10686"}],"wp:attachment":[{"href":"https:\/\/www.r2cpress.com.br\/v1\/wp-json\/wp\/v2\/media?parent=10684"}],"wp:term":[{"taxonomy":"category","embeddable":true,"href":"https:\/\/www.r2cpress.com.br\/v1\/wp-json\/wp\/v2\/categories?post=10684"},{"taxonomy":"post_tag","embeddable":true,"href":"https:\/\/www.r2cpress.com.br\/v1\/wp-json\/wp\/v2\/tags?post=10684"}],"curies":[{"name":"wp","href":"https:\/\/api.w.org\/{rel}","templated":true}]}}