{"id":106841,"date":"2017-02-13T19:02:35","date_gmt":"2017-02-13T22:02:35","guid":{"rendered":"http:\/\/www.r2cpress.com.br\/v1\/?p=106841"},"modified":"2017-02-13T19:02:35","modified_gmt":"2017-02-13T22:02:35","slug":"luiz-castro-em-decolores-273","status":"publish","type":"post","link":"https:\/\/www.r2cpress.com.br\/v1\/2017\/02\/13\/luiz-castro-em-decolores-273\/","title":{"rendered":"Luiz Castro em: DECOLORES"},"content":{"rendered":"<h1 style=\"text-align: center;\"><strong>ILH\u00c9US \u2013 TEMPO DE ALEGRIA \u2013<\/strong><\/h1>\n<p><img loading=\"lazy\" class=\"alignleft\" src=\"http:\/\/www.r2cpress.com.br\/v1\/wp-content\/uploads\/luiz-castro_novo-emaIL.jpg\" alt=\"\" width=\"300\" height=\"118\" \/>A Campanha do IPTU DE ILH\u00c9US, inova e faz reflex\u00e3o sobre o que \u00e9 contribuir com a cidade.<\/p>\n<p>Os depoimentos dos cidad\u00e3os Ilheenses a exemplo do artista pl\u00e1stico Goca Moreno, o cantor Itassucy, o maratonista Alberto Kruschewsky e a Professora Ad\u00e9lia Reis, demonstram claramente a satisfa\u00e7\u00e3o que o Ilheense quer realmente contribuir com a cidade, melhorar, pois v\u00eaem e acreditam\u00a0 na nova administra\u00e7\u00e3o municipal comandada pela dupla din\u00e2mica de honradez e capacidade administrativa denominada MAR\u00c3O E NAZAL. Uma dupla que j\u00e1 deu certo e que por certo colocar\u00e3o Ilh\u00e9us nos trilhos.<\/p>\n<p>Gostaria nesta oportunidade explicar porque pagamos impostos em especial IPTU !<\/p>\n<p>Muitas vezes pagamos impostos e nem sabemos o porqu\u00ea e nem para que pagamos.<\/p>\n<p>IPTU \u00e9 a sigla para Imposto Predial e Territorial Urbano, que \u00e9 um imposto brasileiro que cada pessoa que possui uma propriedade urbana, como um apartamento, sala comercial ou uma casa.<\/p>\n<p>O IPTU consta na Constitui\u00e7\u00e3o Federal, e serve tanto para Pessoa Jur\u00eddica, como para Pessoa F\u00edsica.<\/p>\n<p>Quais Benef\u00edcios?<\/p>\n<p><!--more--><\/p>\n<p>Este tributo \u00e9 utilizado da pr\u00f3pria comunidade, como determina a Constitui\u00e7\u00e3o Federal.<\/p>\n<p>25% dos recursos s\u00e3o destinados para educa\u00e7\u00e3o, enquanto 15% s\u00e3o aplicados em Sa\u00fade, o restante \u00e9 dividido em investimento, em pavimenta\u00e7\u00e3o e asfaltamento de ruas, obras de infra-estrutura, ilumina\u00e7\u00e3o, redes de \u00e1gua, al\u00e9m de apoio \u00e0 execu\u00e7\u00e3o de projetos habitacionais, assist\u00eancia social, dentre outros.<\/p>\n<p>O IPTU se constitui, assim, como uma das principais fontes de arrecada\u00e7\u00e3o municipal e tem\u00a0 uma fun\u00e7\u00e3o social, principalmente para efetiva realiza\u00e7\u00e3o de uma adequada pol\u00edtica de desenvolvimento urbano em cada localidade.<\/p>\n<p>Importante!<\/p>\n<p>\u00c9 importante tamb\u00e9m destacar que a falta de pagamento do IPTU conforme prev\u00ea a Legisla\u00e7\u00e3o, acarreta, dentre outras conseq\u00fc\u00eancias, multa, juros, atualiza\u00e7\u00e3o monet\u00e1ria, inscri\u00e7\u00e3o no Cadin Municipal (Cadastro de Inadimplentes da Prefeitura), inscri\u00e7\u00e3o na divida ativa, instaura\u00e7\u00e3o de processo de execu\u00e7\u00e3o fiscal e, em ultima inst\u00e2ncia levar o im\u00f3vel a leil\u00e3o.<\/p>\n<p>Portanto:<\/p>\n<p>\u201cVoc\u00ea investe na sua cidade e a cidade investe em voc\u00ea\u201d<\/p>\n<p>Colabora\u00e7\u00e3o de Luiz Castro<\/p>\n<p>Ilheense de Cora\u00e7\u00e3o<\/p>\n","protected":false},"excerpt":{"rendered":"<p>ILH\u00c9US \u2013 TEMPO DE ALEGRIA \u2013 A Campanha do IPTU DE ILH\u00c9US, inova e faz reflex\u00e3o sobre o que \u00e9 contribuir com a cidade. Os depoimentos dos cidad\u00e3os Ilheenses a exemplo do artista pl\u00e1stico Goca Moreno, o cantor Itassucy, o maratonista Alberto Kruschewsky e a Professora Ad\u00e9lia Reis, demonstram claramente a satisfa\u00e7\u00e3o que o Ilheense [&hellip;]<\/p>\n","protected":false},"author":2,"featured_media":0,"comment_status":"open","ping_status":"open","sticky":false,"template":"","format":"standard","meta":{"_links_to":"","_links_to_target":""},"categories":[10],"tags":[],"_links":{"self":[{"href":"https:\/\/www.r2cpress.com.br\/v1\/wp-json\/wp\/v2\/posts\/106841"}],"collection":[{"href":"https:\/\/www.r2cpress.com.br\/v1\/wp-json\/wp\/v2\/posts"}],"about":[{"href":"https:\/\/www.r2cpress.com.br\/v1\/wp-json\/wp\/v2\/types\/post"}],"author":[{"embeddable":true,"href":"https:\/\/www.r2cpress.com.br\/v1\/wp-json\/wp\/v2\/users\/2"}],"replies":[{"embeddable":true,"href":"https:\/\/www.r2cpress.com.br\/v1\/wp-json\/wp\/v2\/comments?post=106841"}],"version-history":[{"count":2,"href":"https:\/\/www.r2cpress.com.br\/v1\/wp-json\/wp\/v2\/posts\/106841\/revisions"}],"predecessor-version":[{"id":106843,"href":"https:\/\/www.r2cpress.com.br\/v1\/wp-json\/wp\/v2\/posts\/106841\/revisions\/106843"}],"wp:attachment":[{"href":"https:\/\/www.r2cpress.com.br\/v1\/wp-json\/wp\/v2\/media?parent=106841"}],"wp:term":[{"taxonomy":"category","embeddable":true,"href":"https:\/\/www.r2cpress.com.br\/v1\/wp-json\/wp\/v2\/categories?post=106841"},{"taxonomy":"post_tag","embeddable":true,"href":"https:\/\/www.r2cpress.com.br\/v1\/wp-json\/wp\/v2\/tags?post=106841"}],"curies":[{"name":"wp","href":"https:\/\/api.w.org\/{rel}","templated":true}]}}