{"id":106862,"date":"2017-02-14T15:44:48","date_gmt":"2017-02-14T18:44:48","guid":{"rendered":"http:\/\/www.r2cpress.com.br\/v1\/?p=106862"},"modified":"2017-02-14T15:44:48","modified_gmt":"2017-02-14T18:44:48","slug":"temer-anuncia-calendario-de-pagamentos-das-contas-inativas-do-fgts","status":"publish","type":"post","link":"https:\/\/www.r2cpress.com.br\/v1\/2017\/02\/14\/temer-anuncia-calendario-de-pagamentos-das-contas-inativas-do-fgts\/","title":{"rendered":"Temer anuncia calend\u00e1rio de pagamentos  das contas inativas do FGTS"},"content":{"rendered":"<p>Per\u00edodo de saque come\u00e7a no dia 10 de mar\u00e7o e segue at\u00e9 31 de julho. A sistem\u00e1tica de pagamento pela Caixa Econ\u00f4mica Federal considera o m\u00eas de anivers\u00e1rio dos trabalhadores<\/p>\n<p>O presidente da Rep\u00fablica, Michel Temer, anunciou, nesta ter\u00e7a-feira (14), o cronograma de pagamento das contas inativas do Fundo de Garantia do Tempo de Servi\u00e7o (FGTS). No total, as contas somam cerca de R$ 43,6 bilh\u00f5es e mais de 30 milh\u00f5es de trabalhadores t\u00eam direito ao saque.<\/p>\n<p>Em seu discurso, o presidente Temer ressaltou que o pagamento do FGTS n\u00e3o somente injeta recursos na economia do Pa\u00eds como proporciona, ainda, a tranquilidade social. &#8220;Se todos sacarem ser\u00e3o R$ 40 bilh\u00f5es ingressando na economia. E o interesse \u00e9 t\u00e3o grande que, h\u00e1 10 minutos, abriu-se o site indicando as datas de saque e j\u00e1 conta com 480 mil acessos&#8221;, pontuou Temer.<\/p>\n<p>De acordo com a Medida Provis\u00f3ria 763\/2016, tem direto ao pagamento de conta inativa o trabalhador que pediu demiss\u00e3o ou foi demitido por justa causa at\u00e9 31 de dezembro de 2015. A medida engloba 49,6 milh\u00f5es de contas e a previs\u00e3o \u00e9 de que a medida injete mais de R$ 30 bilh\u00f5es na economia brasileira.<\/p>\n<p>O pagamento das contas inativas come\u00e7ar\u00e1 a ser feito no dia 10 de mar\u00e7o at\u00e9 31 de julho. A sistem\u00e1tica leva em considera\u00e7\u00e3o o m\u00eas de anivers\u00e1rio do trabalhador. <strong>Veja abaixo o cronograma:<\/strong><\/p>\n<p><!--more--><\/p>\n<p><div id=\"attachment_106863\" style=\"width: 610px\" class=\"wp-caption aligncenter\"><a href=\"http:\/\/www.r2cpress.com.br\/v1\/wp-content\/uploads\/2017\/02\/FGTS_TABELA.jpg\"><img aria-describedby=\"caption-attachment-106863\" loading=\"lazy\" src=\"http:\/\/www.r2cpress.com.br\/v1\/wp-content\/uploads\/2017\/02\/FGTS_TABELA.jpg\" alt=\"JPEG\" width=\"600\" height=\"277\" class=\"size-full wp-image-106863\" srcset=\"https:\/\/www.r2cpress.com.br\/v1\/wp-content\/uploads\/2017\/02\/FGTS_TABELA.jpg 600w, https:\/\/www.r2cpress.com.br\/v1\/wp-content\/uploads\/2017\/02\/FGTS_TABELA-300x138.jpg 300w\" sizes=\"(max-width: 600px) 100vw, 600px\" \/><\/a><p id=\"caption-attachment-106863\" class=\"wp-caption-text\">JPEG<\/p><\/div> A Caixa Econ\u00f4mica Federal abrir\u00e1 1.891 ag\u00eancias no primeiro s\u00e1bado ap\u00f3s o in\u00edcio do cronograma mensal de pagamento, exceto em abril. Excepcionalmente, em fevereiro, as ag\u00eancias selecionadas tamb\u00e9m ter\u00e3o atendimento exclusivo neste s\u00e1bado (18), com objetivo de solucionar d\u00favidas sobre o saque, regulariza\u00e7\u00e3o de cadastro dos trabalhadores e cadastramento de senha do Cart\u00e3o do Cidad\u00e3o.<\/p>\n<p>Mais informa\u00e7\u00f5es podem ser adquiridas por meio do telefone 0800-726-2017 ou no portal exclusivo www.caixa.gov.br\/contasinativas. Na p\u00e1gina, o trabalhador pode visualizar se possui contas contempladas pela MP 763, o valor que tem a receber, a data do saque e os canais dispon\u00edveis para realiza\u00e7\u00e3o do pagamento.<\/p>\n<p>A Caixa Econ\u00f4mica Federal recomenda para os clientes que necessariamente ser\u00e3o atendidos nas ag\u00eancias, al\u00e9m dos documentos pessoais, seja apresentada carteira de trabalho para agilizar o atendimento em caso de d\u00favidas, independentemente do valor.<\/p>\n","protected":false},"excerpt":{"rendered":"<p>Per\u00edodo de saque come\u00e7a no dia 10 de mar\u00e7o e segue at\u00e9 31 de julho. A sistem\u00e1tica de pagamento pela Caixa Econ\u00f4mica Federal considera o m\u00eas de anivers\u00e1rio dos trabalhadores O presidente da Rep\u00fablica, Michel Temer, anunciou, nesta ter\u00e7a-feira (14), o cronograma de pagamento das contas inativas do Fundo de Garantia do Tempo de Servi\u00e7o [&hellip;]<\/p>\n","protected":false},"author":2,"featured_media":0,"comment_status":"open","ping_status":"open","sticky":false,"template":"","format":"standard","meta":{"_links_to":"","_links_to_target":""},"categories":[18],"tags":[],"_links":{"self":[{"href":"https:\/\/www.r2cpress.com.br\/v1\/wp-json\/wp\/v2\/posts\/106862"}],"collection":[{"href":"https:\/\/www.r2cpress.com.br\/v1\/wp-json\/wp\/v2\/posts"}],"about":[{"href":"https:\/\/www.r2cpress.com.br\/v1\/wp-json\/wp\/v2\/types\/post"}],"author":[{"embeddable":true,"href":"https:\/\/www.r2cpress.com.br\/v1\/wp-json\/wp\/v2\/users\/2"}],"replies":[{"embeddable":true,"href":"https:\/\/www.r2cpress.com.br\/v1\/wp-json\/wp\/v2\/comments?post=106862"}],"version-history":[{"count":2,"href":"https:\/\/www.r2cpress.com.br\/v1\/wp-json\/wp\/v2\/posts\/106862\/revisions"}],"predecessor-version":[{"id":106865,"href":"https:\/\/www.r2cpress.com.br\/v1\/wp-json\/wp\/v2\/posts\/106862\/revisions\/106865"}],"wp:attachment":[{"href":"https:\/\/www.r2cpress.com.br\/v1\/wp-json\/wp\/v2\/media?parent=106862"}],"wp:term":[{"taxonomy":"category","embeddable":true,"href":"https:\/\/www.r2cpress.com.br\/v1\/wp-json\/wp\/v2\/categories?post=106862"},{"taxonomy":"post_tag","embeddable":true,"href":"https:\/\/www.r2cpress.com.br\/v1\/wp-json\/wp\/v2\/tags?post=106862"}],"curies":[{"name":"wp","href":"https:\/\/api.w.org\/{rel}","templated":true}]}}