{"id":106866,"date":"2017-02-14T18:07:54","date_gmt":"2017-02-14T21:07:54","guid":{"rendered":"http:\/\/www.r2cpress.com.br\/v1\/?p=106866"},"modified":"2017-02-14T18:07:54","modified_gmt":"2017-02-14T21:07:54","slug":"a-nossa-prioridade-e-o-carnaval-de-rua-sem-cordas-afirma-rui","status":"publish","type":"post","link":"https:\/\/www.r2cpress.com.br\/v1\/2017\/02\/14\/a-nossa-prioridade-e-o-carnaval-de-rua-sem-cordas-afirma-rui\/","title":{"rendered":"A nossa prioridade \u00e9 o Carnaval de rua, sem cordas, afirma Rui"},"content":{"rendered":"<p><div id=\"attachment_106869\" style=\"width: 610px\" class=\"wp-caption aligncenter\"><a href=\"http:\/\/www.r2cpress.com.br\/v1\/wp-content\/uploads\/2017\/02\/d6af3183-f831-4d63-a115-9f4fcef5ea56-1.jpg\"><img aria-describedby=\"caption-attachment-106869\" loading=\"lazy\" src=\"http:\/\/www.r2cpress.com.br\/v1\/wp-content\/uploads\/2017\/02\/d6af3183-f831-4d63-a115-9f4fcef5ea56-1.jpg\" alt=\"\" width=\"600\" height=\"400\" class=\"size-full wp-image-106869\" srcset=\"https:\/\/www.r2cpress.com.br\/v1\/wp-content\/uploads\/2017\/02\/d6af3183-f831-4d63-a115-9f4fcef5ea56-1.jpg 600w, https:\/\/www.r2cpress.com.br\/v1\/wp-content\/uploads\/2017\/02\/d6af3183-f831-4d63-a115-9f4fcef5ea56-1-300x200.jpg 300w\" sizes=\"(max-width: 600px) 100vw, 600px\" \/><\/a><p id=\"caption-attachment-106869\" class=\"wp-caption-text\">BY MANU DIAS GOV BA<\/p><\/div> &#8220;A nossa prioridade \u00e9 o Carnaval de rua, sem cordas. Por isso, o Governo do Estado mant\u00e9m o seu apoio n\u00e3o apenas aos blocos hist\u00f3ricos e tradicionais, como os blocos afro, mas tamb\u00e9m vamos manter o apoio ao Carnaval sem cordas, o Carnaval democr\u00e1tico. Ressaltando que conseguimos articular o apoio de empresas privadas, que v\u00e3o bancar o custo dos artistas mais renomados&#8221;, afirmou o governador Rui Costa na apresenta\u00e7\u00e3o das a\u00e7\u00f5es para o Carnaval 2017, na Concha Ac\u00fastica do Teatro Castro Alves (TCA), nesta ter\u00e7a-feira (13). <\/p>\n<p>O evento incluiu show de Saulo, uma das grandes atra\u00e7\u00f5es dos trios sem cordas apoiados pelo Governo da Bahia. Na plateia estavam estudantes da rede estadual e jovens de projetos sociais apoiados por Bases Comunit\u00e1rias de Seguran\u00e7a (BCS). <\/p>\n<p><!--more--><\/p>\n<p>O Governo do Estado preparou uma programa\u00e7\u00e3o diversificada para agradar aos baianos e ao 1,5 milh\u00e3o de turistas que s\u00e3o esperados na capital baiana no Carnaval. Al\u00e9m de artistas como Ivete Sangalo, Leo Santana, Anitta e Luiz Caldas, que v\u00e3o animar a pipoca na Barra-Ondina e no Campo Grande, o Carnaval do Pel\u00f4 vai contar com 171 shows e performances art\u00edsticas em palcos montados nos largos do Pelourinho, do Pedro Archanjo, Tereza Batista e Quincas Berro D&#8217;\u00c1gua.<\/p>\n<p>Outros setores de servi\u00e7os essenciais receber\u00e3o aten\u00e7\u00e3o no Carnaval e estar\u00e3o \u00e0 disposi\u00e7\u00e3o do foli\u00e3o durante todos os dias da festa. Na sa\u00fade, os principais hospitais da cidade, o Geral do Estado (HGE), Roberto Santos (HGRS), Ernesto Sim\u00f5es (HGES) e Menandro de Faria (HGMF), ter\u00e3o o plant\u00e3o refor\u00e7ado. As unidades estar\u00e3o prontas para receber ocorr\u00eancias de maior gravidade. Dois postos de testagem para a detec\u00e7\u00e3o de HIV\/Aids, s\u00edfilis e hepatites virais estar\u00e3o montados em Ondina e na Barra. <\/p>\n<p>Na seguran\u00e7a p\u00fablica, a novidade \u00e9 a participa\u00e7\u00e3o do monitoramento das rus e circuitos em tempo real por profissionais do Centro de Opera\u00e7\u00f5es e Intelig\u00eancia &#8211; 2 de Julho, onde trabalhar\u00e3o 500 profissionais, em esquema de plant\u00e3o, acompanhando por 250 c\u00e2meras tudo que acontece na cidade. Nos 46 portais de abordagem, a inova\u00e7\u00e3o do Carnaval 2017 s\u00e3o as c\u00e2meras acopladas \u00e0s estruturas, para acompanhar melhor a entrada e sa\u00edda dos circuitos. Ao todo, s\u00e3o mais de 25 mil profissionais entre policiais civis, militares, t\u00e9cnicos e bombeiros militares v\u00e3o atuar no Carnaval em Salvador e em mais 31 munic\u00edpios do estado.  <\/p>\n<p><strong>Carnaval no interior<\/strong><\/p>\n<p>E n\u00e3o \u00e9 apenas na capital, onde o fluxo de pessoas ser\u00e1 maior, que tem festa. A folia est\u00e1 garantida em 23 cidades do interior baiano. O tradicional Carnaval de Maragojipe, que re\u00fane cerca de 80 mil pessoas na cidade, recebe apoio da Secretaria de Cultura, al\u00e9m de munic\u00edpios apoiados pela Bahiatursa, entre eles Madre de Deus, Juazeiro, S\u00e3o F\u00e9lix do Coribe, Vera Cruz, Paratinga, Porto Seguro, Ilh\u00e9us, Itabuna e Marau.    <\/p>\n","protected":false},"excerpt":{"rendered":"<p>&#8220;A nossa prioridade \u00e9 o Carnaval de rua, sem cordas. Por isso, o Governo do Estado mant\u00e9m o seu apoio n\u00e3o apenas aos blocos hist\u00f3ricos e tradicionais, como os blocos afro, mas tamb\u00e9m vamos manter o apoio ao Carnaval sem cordas, o Carnaval democr\u00e1tico. Ressaltando que conseguimos articular o apoio de empresas privadas, que v\u00e3o [&hellip;]<\/p>\n","protected":false},"author":2,"featured_media":0,"comment_status":"open","ping_status":"open","sticky":false,"template":"","format":"standard","meta":{"_links_to":"","_links_to_target":""},"categories":[29],"tags":[],"_links":{"self":[{"href":"https:\/\/www.r2cpress.com.br\/v1\/wp-json\/wp\/v2\/posts\/106866"}],"collection":[{"href":"https:\/\/www.r2cpress.com.br\/v1\/wp-json\/wp\/v2\/posts"}],"about":[{"href":"https:\/\/www.r2cpress.com.br\/v1\/wp-json\/wp\/v2\/types\/post"}],"author":[{"embeddable":true,"href":"https:\/\/www.r2cpress.com.br\/v1\/wp-json\/wp\/v2\/users\/2"}],"replies":[{"embeddable":true,"href":"https:\/\/www.r2cpress.com.br\/v1\/wp-json\/wp\/v2\/comments?post=106866"}],"version-history":[{"count":3,"href":"https:\/\/www.r2cpress.com.br\/v1\/wp-json\/wp\/v2\/posts\/106866\/revisions"}],"predecessor-version":[{"id":106871,"href":"https:\/\/www.r2cpress.com.br\/v1\/wp-json\/wp\/v2\/posts\/106866\/revisions\/106871"}],"wp:attachment":[{"href":"https:\/\/www.r2cpress.com.br\/v1\/wp-json\/wp\/v2\/media?parent=106866"}],"wp:term":[{"taxonomy":"category","embeddable":true,"href":"https:\/\/www.r2cpress.com.br\/v1\/wp-json\/wp\/v2\/categories?post=106866"},{"taxonomy":"post_tag","embeddable":true,"href":"https:\/\/www.r2cpress.com.br\/v1\/wp-json\/wp\/v2\/tags?post=106866"}],"curies":[{"name":"wp","href":"https:\/\/api.w.org\/{rel}","templated":true}]}}