{"id":106876,"date":"2017-02-14T23:56:26","date_gmt":"2017-02-15T02:56:26","guid":{"rendered":"http:\/\/www.r2cpress.com.br\/v1\/?p=106876"},"modified":"2017-02-14T23:56:26","modified_gmt":"2017-02-15T02:56:26","slug":"ordenacao-presbiteral-do-frei-giovanni","status":"publish","type":"post","link":"https:\/\/www.r2cpress.com.br\/v1\/2017\/02\/14\/ordenacao-presbiteral-do-frei-giovanni\/","title":{"rendered":"Ordena\u00e7\u00e3o Presbiteral do Frei Giovanni"},"content":{"rendered":"<p>Na manh\u00e3 deste domingo (12), aconteceu a Ordena\u00e7\u00e3o Presbiteral do Frei Giovanni Barbosa Messias, O.F.M. Cap. A celebra\u00e7\u00e3o foi presidida pelo Bispo Diocesano Dom Mauro Montagnoli e contou com a presen\u00e7a de padres, seminaristas, di\u00e1conos (tempor\u00e1rios e permanentes), religiosos e religiosas das dioceses de Ilh\u00e9us, Itabuna, Cama\u00e7ari, Salvador, Vit\u00f3ria da Conquista, Aracaju e os frades capuchinhos do Regional Nordeste III da CNBB que compreende os Estados da Bahia e de Sergipe.<\/p>\n<div style=\"width: 613px\" class=\"wp-caption aligncenter\"><img loading=\"lazy\" class=\"\" src=\"https:\/\/lh3.googleusercontent.com\/JtyikGwFbLHSSiHb9VnietM0_5VkO4FYtn2-RkOnPCcp05QDOJpW6ALKpqxQgYG416EAU7SxfsKW3uDMqMSvIEnAm-Oh3LcOekrPsXBVT3GqWkWw6cGYNcEY8BdeRr5nijlKb0XDQ7S6j9Qhibnpf99E-VMZthOxHEm0RyLN7AWHlE5gFa8xzwiB_C5D3qiTwOJPQDFRuZFrVafcRL8XN5D933jo1MaeDSsF_wKiWspjmFzQnDbe64g1T4ilifKPQoLMAdzwwIXkxoMrJdFL-f3XNe-SrXtBrH8_q245O_iQgvdKcPgqn3bwq0XGgCDxtqukuJaNWuVGZsdvu_1pkIYm5EXRyQRZj7YTDKFanHDHOsew7ZSLTMga-GPnAFUlZL3n3d2fRkOJfVGADpJYLff_zC0DshrGyRIcZI0FFE3GIx61O5kDGr3D8ir_zcOV4HCVjPt-JMNbeQYjOveWRCwDfUaQCBAaknomxnMlNyDeyk-4N4DtzIhIPT-8E1Xt83w1R_rQroS4TRjX5ECjXZXAlUAQoxPTYKhWvqpCW6q1_fzotRCF0n6GEBQvuNAGOtHz_Pgr8Ky9wNdDqbcTWjUL-Te2wH72FTaFyjAUQrAQa1fqh3J8Tg=w391-h275-no\" width=\"603\" height=\"424\" \/><p class=\"wp-caption-text\">\u00a0 \u00a0 \u00a0 \u00a0 \u00a0 \u00a0 \u00a0 \u00a0 \u00a0 \u00a0 \u00a0 \u00a0 \u00a0 \u00a0 \u00a0 \u00a0 \u00a0 \u00a0 \u00a0 \u00a0 \u00a0 \u00a0 \u00a0 \u00a0 \u00a0 \u00a0 \u00a0 <strong><span style=\"color: #ff0000;\">MOMENTOS<\/span><\/strong> \u00a0 \u00a0 \u00a0 \u00a0 \u00a0 \u00a0 \u00a0 \u00a0 \u00a0 \u00a0 \u00a0 \u00a0 \u00a0 \u00a0 \u00a0 \u00a0 \u00a0 \u00a0 \u00a0 \u00a0 \u00a0 \u00a0 \u00a0 \u00a0 \u00a0 \u00a0<\/p><\/div>\n<p>A catedral de S\u00e3o Sebasti\u00e3o esteve lotada com grande n\u00famero de fieis de v\u00e1rias cidades circunvizinhas e de Salvador. A Celebra\u00e7\u00e3o Eucar\u00edstica teve o seu inicio pontualmente \u00e0s 10h00. Tudo foi realizado conforme o Ritual Romano: homilia, prop\u00f3sito do eleito, interroga\u00e7\u00e3o, canto da ladainha, imposi\u00e7\u00e3o das m\u00e3os feita pelo bispo e os padres, prece de Ordena\u00e7\u00e3o, imposi\u00e7\u00e3o das vestes, un\u00e7\u00e3o da m\u00e3o com o \u00f3leo do Crisma, entrega do P\u00e3o e do Vinho e abra\u00e7o de acolhida do bispo, padres e da fam\u00edlia.<\/p>\n<p><!--more--><\/p>\n<p>Ao final da celebra\u00e7\u00e3o, frei Giovanni agradeceu a todos que participaram deste momento t\u00e3o importante na sua vida e por aqueles que ajudaram durante a sua caminhada vocacional, que come\u00e7ou aos 11 anos de idade como coroinha ali mesmo na Par\u00f3quia S\u00e3o Jorge e catedral diocesana. Lembrando disse: \u201cQuando aqui iniciei como coroinha, lembro-me que foi no Domingo de Ramos em que o Bispo Dom Mauro precisou de algu\u00e9m, para ficar com a mitra e logo me apresentei todo nervoso e ele apenas me disse: &#8211; Fique calmo, na hora em que eu precisar lhe chamo; \u00e9 muito f\u00e1cil. \u2013<\/p>\n<p>Depois continuou: \u201cImaginei muito como seria esse momento de t\u00e3o grande gra\u00e7a recebida em minha vida. Eu sonhava, rezava e colocava sempre nas m\u00e3os de Deus. O momento chegou e aqui estou! Feliz por ser sacerdote da santa Igreja. Tantos amigos, irm\u00e3os, aqui neste mesmo lugar onde iniciei como coroinha, mostrando a cada dia o gosto pelas coisas do altar. Tantas vezes tive medo de n\u00e3o corresponder \u00e0 altura este chamado. Hoje eu agrade\u00e7o ao Senhor pelo dom da minha voca\u00e7\u00e3o!\u201d.<\/p>\n<p>Filho de Get\u00falio Alves Messias e de Valmira Barbosa Messias, Giovanni Barbosa Messias \u00e9 natural de Ilh\u00e9us, nascido em 03de dezembro de 1986. Seu Lema de Ordena\u00e7\u00e3o \u00e9: \u201cMiserando atque eligendo, isto \u00e9, Por miseric\u00f3rdia o elegeu\u201d. Foi um momento de muita alegria e emo\u00e7\u00e3o, em que os presentes aproveitaram a oportunidade para celebrar, festejar e agradecer a Deus pela presen\u00e7a de mais um sacerdote e pastor para o rebanho de Cristo. A anima\u00e7\u00e3o foi do Minist\u00e9rio de M\u00fasica &#8220;Servir e Adorar&#8221; da Par\u00f3quia S\u00e3o Jo\u00e3o Batista no Pontal em Ilh\u00e9us.<\/p>\n<p>Padre Frei Giovanni, agora vai estar em Salvador servindo como Reitor do Santu\u00e1rio da Imaculada Concei\u00e7\u00e3o da Mae de Deus na Igreja que \u00e9 dedicada a Beata Irm\u00e3 Dulce naquela Arquidiocese.<\/p>\n<p>&#8212;<br \/>\nTexto de Paulo Costa, PASCOM \u2013 Diocese de Ilh\u00e9us<br \/>\nValdeni Elias \u2013 Portal Cat\u00f3lico de Itabuna.<\/p>\n","protected":false},"excerpt":{"rendered":"<p>Na manh\u00e3 deste domingo (12), aconteceu a Ordena\u00e7\u00e3o Presbiteral do Frei Giovanni Barbosa Messias, O.F.M. Cap. A celebra\u00e7\u00e3o foi presidida pelo Bispo Diocesano Dom Mauro Montagnoli e contou com a presen\u00e7a de padres, seminaristas, di\u00e1conos (tempor\u00e1rios e permanentes), religiosos e religiosas das dioceses de Ilh\u00e9us, Itabuna, Cama\u00e7ari, Salvador, Vit\u00f3ria da Conquista, Aracaju e os frades [&hellip;]<\/p>\n","protected":false},"author":2,"featured_media":0,"comment_status":"open","ping_status":"open","sticky":false,"template":"","format":"standard","meta":{"_links_to":"","_links_to_target":""},"categories":[14],"tags":[],"_links":{"self":[{"href":"https:\/\/www.r2cpress.com.br\/v1\/wp-json\/wp\/v2\/posts\/106876"}],"collection":[{"href":"https:\/\/www.r2cpress.com.br\/v1\/wp-json\/wp\/v2\/posts"}],"about":[{"href":"https:\/\/www.r2cpress.com.br\/v1\/wp-json\/wp\/v2\/types\/post"}],"author":[{"embeddable":true,"href":"https:\/\/www.r2cpress.com.br\/v1\/wp-json\/wp\/v2\/users\/2"}],"replies":[{"embeddable":true,"href":"https:\/\/www.r2cpress.com.br\/v1\/wp-json\/wp\/v2\/comments?post=106876"}],"version-history":[{"count":4,"href":"https:\/\/www.r2cpress.com.br\/v1\/wp-json\/wp\/v2\/posts\/106876\/revisions"}],"predecessor-version":[{"id":106880,"href":"https:\/\/www.r2cpress.com.br\/v1\/wp-json\/wp\/v2\/posts\/106876\/revisions\/106880"}],"wp:attachment":[{"href":"https:\/\/www.r2cpress.com.br\/v1\/wp-json\/wp\/v2\/media?parent=106876"}],"wp:term":[{"taxonomy":"category","embeddable":true,"href":"https:\/\/www.r2cpress.com.br\/v1\/wp-json\/wp\/v2\/categories?post=106876"},{"taxonomy":"post_tag","embeddable":true,"href":"https:\/\/www.r2cpress.com.br\/v1\/wp-json\/wp\/v2\/tags?post=106876"}],"curies":[{"name":"wp","href":"https:\/\/api.w.org\/{rel}","templated":true}]}}