{"id":106943,"date":"2017-02-16T16:55:30","date_gmt":"2017-02-16T19:55:30","guid":{"rendered":"http:\/\/www.r2cpress.com.br\/v1\/?p=106943"},"modified":"2017-02-16T16:55:30","modified_gmt":"2017-02-16T19:55:30","slug":"umas-e-outras-inusitadas-da-cidade-xxiii","status":"publish","type":"post","link":"https:\/\/www.r2cpress.com.br\/v1\/2017\/02\/16\/umas-e-outras-inusitadas-da-cidade-xxiii\/","title":{"rendered":"UMAS E OUTRAS INUSITADAS DA CIDADE (XXIII)"},"content":{"rendered":"<h2 style=\"text-align: center;\"><span style=\"color: #000000;\"><strong>(NOTAS DE BELMONTE &#8211; \u2018BEBEL\u2019 PARA OS MAIS CHEGADOS)<\/strong><\/span><\/h2>\n<p><img loading=\"lazy\" class=\"alignleft size-full\" src=\"http:\/\/www.r2cpress.com.br\/v1\/wp-content\/uploads\/HECKEL-NOVA.jpg\" width=\"300\" height=\"129\" \/>Procurando algo um tanto inabitual para sequenciar esta s\u00e9rie, mergulhei no passado e trouxe \u00e0 tona Manoel Mendes Bandeira, ou simplesmente Salvinho Bandeira como era conhecido na cidade, ou ainda Seu Salvinho, como os mais novos o reverenciavam, um aficionado pelo Integralismo, movimento que se inseriu na hist\u00f3ria pol\u00edtica de Bebel atrav\u00e9s da A\u00e7\u00e3o Integralista Brasileira \u2013AIB.<\/p>\n<p>O prest\u00edgio e a alcunha lhe renderam o mimo da charada \u201cNa cozinha tem tempero; na sala de visita, vinho, e no mastro, o s\u00edmbolo da p\u00e1tria. Duas e uma\u201d. Oriundo de Santo Amaro da Purifica\u00e7\u00e3o onde nasceu, Seu Salvinho chegou a Belmonte (j\u00e1 n\u00e3o est\u00e1 neste plano) no in\u00edcio do s\u00e9culo XX em tenra idade juntamente com os irm\u00e3os Jo\u00e3o, Godofredo, Francisco, Pedro e Adolfo (este aportara em Canavieiras); todos constitu\u00edram fam\u00edlias e deixaram in\u00fameros descendentes. A t\u00edtulo de curiosidade tem-se que o visconde Francisco Ferreira Bandeira, seu pai, era dono de escravos e, verdade ou n\u00e3o, teve 116 filhos.<\/p>\n<p><!--more--><\/p>\n<p>Com o tempo j\u00e1 um belmontense por ado\u00e7\u00e3o, tornou-se fazendeiro de cacau no Jequitinhonha, delegado, agente do antigo Instituto de aposentadoria dos comerci\u00e1rios, vereador e foi, por ser um ferrenho partid\u00e1rio do integralismo, preso algumas vezes por diverg\u00eancias pol\u00edticas.\u00a0 Contraiu matrim\u00f4nio com dona Romana Ant\u00f4nio Sampaio e, ao nomear Plinio e Pliniana, dois dos 14 filhos da prole, em homenagem ao escritor e jornalista Plinio Salgado, mentor principal da A\u00e7\u00e3o Integralista no pa\u00eds, evidenciava toda a paix\u00e3o por esta organiza\u00e7\u00e3o. Lembrando: \u201cAs Plinianas\u201d era como se chamava a ala jovem feminina integralista. O fato dos filhos, no momento de se recolherem para dormir serem obrigados a cantar o \u201cAvante! \u201d, hino integralista, e, em seguida, o Hino Nacional brasileiro, se converte em outra prova desse apaixonamento. Mas como todo ser humano, Seu Salvinho possu\u00eda l\u00e1 suas arestas e, tido como levado da breca, n\u00e3o titubeou \u2013numa \u00e9poca de sociedade \u201ccareta\u201d, tradicionalista\u2013 em se relacionar com a cunhada Donatilha Sampaio (conhecida como dona Didi), gerando da\u00ed um casal de herdeiros.<\/p>\n<p>Como a flama se dividia com o futebol, presidiu a Liga belmontense deste esporte e o Belmonte (hom\u00f4nimo da cidade), clube do cora\u00e7\u00e3o e ardoroso torcedor e que lhe fomentaria mais um caso fora de s\u00e9rie na sua trajet\u00f3ria de vida. Ocorreu que em 23\/08\/1953, num cl\u00e1ssico da cidade, este time abateu o seu rival Am\u00e9rica por 3 a 1 sagrando-se campe\u00e3o e, como um filho havia nascido neste dia, olha s\u00f3 o que o homem fez! Registrou-o como Belmonte, nascendo assim o cidad\u00e3o Manoel Belmonte Sampaio Bandeira, hoje morador da capital paulista. Os de conviv\u00eancia mais ami\u00fade com ele afirmavam que a entusi\u00e1stica torcida tinha tudo a ver com o verde predominante da camisa desta agremia\u00e7\u00e3o, combinando com a da do uniforme (usavam gorro tamb\u00e9m verde) dos integralistas, que em raz\u00e3o disso eram chamados de \u201ccamisas-verdes\u201d.<\/p>\n<p>Na minha inf\u00e2ncia em Bebel, por vezes as constantes conversas ouvidas, mesmo sem interesse e sem entender bulhufas, me impuseram gravar na mem\u00f3ria o \u201cDeus, P\u00e1tria e Fam\u00edlia\u201d, e o \u201cAnau\u00ea\u201d, respectivos lema e sauda\u00e7\u00e3o do integralismo.\u00a0 De ideias controversas esta doutrina preconizava, entre outros aspectos ser t\u00e3o contr\u00e1rio ao Comunismo, como ao Capitalismo. A implantada no Brasil fundamentou-se de algum modo no fascismo italiano e no nazismo alem\u00e3o, num tempo em que se difundia na Europa os ditames que a riqueza de uma na\u00e7\u00e3o e o bem-estar de um povo requeriam um Estado dotado de extremados poderes. O nacionalismo foi a filosofia mais abra\u00e7ada pelos segmentos brasileiros, mas em v\u00e1rios tra\u00e7os se diferenciaram dos das origens como a forte liga\u00e7\u00e3o com a Igreja Cat\u00f3lica, e como o de n\u00e3o aceitar, na maioria deles, o antissemitismo. Por falar em nacionalismo e o relacionarmos com o atual cen\u00e1rio pol\u00edtico-social-econ\u00f4mico brasileiro em que se tem no governo republicano dois poderes \u2013Executivo e Congresso Nacional\u00ad\u2013 desacreditados, uma parte da grande m\u00eddia fazendo pol\u00edtica, uma Justi\u00e7a for\u00e7ando tirar a venda de um dos seus simb\u00f3licos olhos, e o Ex\u00e9rcito a atuar fora de suas fun\u00e7\u00f5es, o relacionamento nos faz crer resultar numa diminui\u00e7\u00e3o acentuada \u00a0\u00a0do sentimento de brasilidade.<\/p>\n<p>Em tempo: Este XXIII escrito contou com a boa vontade do amigo conterr\u00e2neo S\u00e1lvio Bandeira, filho do aludido integralista, ratificando e complementando informa\u00e7\u00f5es pelo telefone.<\/p>\n<p>Heckel Janu\u00e1rio<\/p>\n<p>&#8212;<br \/>\n<strong>Para ler a XXII\u00aa PARTE clique<\/strong> <a href=\"http:\/\/www.r2cpress.com.br\/v1\/2016\/06\/21\/heckel-januario-em-umas-e-outras-inusitadas-da-cidade-xxii\/\" target=\"_news\"><b>AQUI.<\/b><\/a><\/p>\n","protected":false},"excerpt":{"rendered":"<p>(NOTAS DE BELMONTE &#8211; \u2018BEBEL\u2019 PARA OS MAIS CHEGADOS) Procurando algo um tanto inabitual para sequenciar esta s\u00e9rie, mergulhei no passado e trouxe \u00e0 tona Manoel Mendes Bandeira, ou simplesmente Salvinho Bandeira como era conhecido na cidade, ou ainda Seu Salvinho, como os mais novos o reverenciavam, um aficionado pelo Integralismo, movimento que se inseriu [&hellip;]<\/p>\n","protected":false},"author":2,"featured_media":0,"comment_status":"open","ping_status":"open","sticky":false,"template":"","format":"standard","meta":{"_links_to":"","_links_to_target":""},"categories":[10],"tags":[],"_links":{"self":[{"href":"https:\/\/www.r2cpress.com.br\/v1\/wp-json\/wp\/v2\/posts\/106943"}],"collection":[{"href":"https:\/\/www.r2cpress.com.br\/v1\/wp-json\/wp\/v2\/posts"}],"about":[{"href":"https:\/\/www.r2cpress.com.br\/v1\/wp-json\/wp\/v2\/types\/post"}],"author":[{"embeddable":true,"href":"https:\/\/www.r2cpress.com.br\/v1\/wp-json\/wp\/v2\/users\/2"}],"replies":[{"embeddable":true,"href":"https:\/\/www.r2cpress.com.br\/v1\/wp-json\/wp\/v2\/comments?post=106943"}],"version-history":[{"count":2,"href":"https:\/\/www.r2cpress.com.br\/v1\/wp-json\/wp\/v2\/posts\/106943\/revisions"}],"predecessor-version":[{"id":106945,"href":"https:\/\/www.r2cpress.com.br\/v1\/wp-json\/wp\/v2\/posts\/106943\/revisions\/106945"}],"wp:attachment":[{"href":"https:\/\/www.r2cpress.com.br\/v1\/wp-json\/wp\/v2\/media?parent=106943"}],"wp:term":[{"taxonomy":"category","embeddable":true,"href":"https:\/\/www.r2cpress.com.br\/v1\/wp-json\/wp\/v2\/categories?post=106943"},{"taxonomy":"post_tag","embeddable":true,"href":"https:\/\/www.r2cpress.com.br\/v1\/wp-json\/wp\/v2\/tags?post=106943"}],"curies":[{"name":"wp","href":"https:\/\/api.w.org\/{rel}","templated":true}]}}