{"id":106965,"date":"2017-02-17T20:00:39","date_gmt":"2017-02-17T23:00:39","guid":{"rendered":"http:\/\/www.r2cpress.com.br\/v1\/?p=106965"},"modified":"2017-02-17T14:41:18","modified_gmt":"2017-02-17T17:41:18","slug":"do-fundo-do-bau-de-jose-leite-274","status":"publish","type":"post","link":"https:\/\/www.r2cpress.com.br\/v1\/2017\/02\/17\/do-fundo-do-bau-de-jose-leite-274\/","title":{"rendered":"DO FUNDO DO BA\u00da DE JOS\u00c9 LEITE."},"content":{"rendered":"<p><center><img loading=\"lazy\" src=\"http:\/\/www.r2cpress.com.br\/v1\/wp-content\/uploads\/Novo-visual-do-Bau_400L21.jpg\" width=\"400\" height=\"320\" class=\"aligncenter size-full\" \/><br \/>\n<strong>1)\tJOS\u00c9 LEITE NO CARNAVAL ANTECIPADO DE ILH\u00c9US.<br \/>\n2)\tAS FOTOS DESTAQUES DA SEMANA.<\/strong><\/center><\/p>\n<p><!--more--><\/p>\n<p><b><center>**********************************************************************************<\/center><\/b><\/p>\n<p>\t<b><center> 1) JOS\u00c9 LEITE NO CARNAVAL ANTECIPADO DE ILH\u00c9US. <\/center><\/b><\/p>\n<p>Come\u00e7a nessa sexta feira (17-02-2017) e at\u00e9 domingo ILH\u00c9US \u00e9 s\u00f3 alegria. No primeiro dia, JOS\u00c9 LEITE vai s\u00f3 observar. No segundo dia, s\u00e1bado, desfila com a NEGA MALUCA e no domingo sai mascarado com sua M\u00c1SCARA DE BORRACHA adquirida h\u00e1 45 anos atr\u00e1s. <\/p>\n<div id=\"attachment_106966\" style=\"width: 460px\" class=\"wp-caption aligncenter\"><a href=\"http:\/\/www.r2cpress.com.br\/v1\/wp-content\/uploads\/2017\/02\/1-4.jpg\"><img aria-describedby=\"caption-attachment-106966\" loading=\"lazy\" src=\"http:\/\/www.r2cpress.com.br\/v1\/wp-content\/uploads\/2017\/02\/1-4.jpg\" alt=\"\" width=\"450\" height=\"600\" class=\"size-full wp-image-106966\" srcset=\"https:\/\/www.r2cpress.com.br\/v1\/wp-content\/uploads\/2017\/02\/1-4.jpg 450w, https:\/\/www.r2cpress.com.br\/v1\/wp-content\/uploads\/2017\/02\/1-4-225x300.jpg 225w\" sizes=\"(max-width: 450px) 100vw, 450px\" \/><\/a><p id=\"caption-attachment-106966\" class=\"wp-caption-text\"><i>JOS\u00c9 LEITE e a NEGA MALUCA. <\/i><\/p><\/div>\n<div id=\"attachment_106967\" style=\"width: 441px\" class=\"wp-caption aligncenter\"><a href=\"http:\/\/www.r2cpress.com.br\/v1\/wp-content\/uploads\/2017\/02\/2-1.jpg\"><img aria-describedby=\"caption-attachment-106967\" loading=\"lazy\" src=\"http:\/\/www.r2cpress.com.br\/v1\/wp-content\/uploads\/2017\/02\/2-1.jpg\" alt=\"\" width=\"431\" height=\"600\" class=\"size-full wp-image-106967\" srcset=\"https:\/\/www.r2cpress.com.br\/v1\/wp-content\/uploads\/2017\/02\/2-1.jpg 431w, https:\/\/www.r2cpress.com.br\/v1\/wp-content\/uploads\/2017\/02\/2-1-216x300.jpg 216w\" sizes=\"(max-width: 431px) 100vw, 431px\" \/><\/a><p id=\"caption-attachment-106967\" class=\"wp-caption-text\"><i>JOS\u00c9 LEITE (mascarado) h\u00e1 45 anos atr\u00e1s (1972) no Carnaval de Rua em ILH\u00c9US. Foto clicada no Obelisco de ILH\u00c9US na Av. 2 de Julho por RAILDO NASCIMENTO. <\/i><\/p><\/div>\n<p>\t<b><center> 2) AS FOTOS DESTAQUES DA SEMANA. <\/center><\/b><\/p>\n<div style=\"width: 471px\" class=\"wp-caption aligncenter\"><img loading=\"lazy\" src=\"https:\/\/lh3.googleusercontent.com\/J5KyKkxMAPsqhgYDcskx301vm7IWvMNOgTZr3cR3mCfwcTRLyyQgKWCUJQXWFOPJp0HDV2E_B84ZzIct5x2NLmndnh8yeuoKOfe48qXJXCMm9dWCZd9b7jYlKyNwsuSMsD85BgR9NhXUbbiCWKbCPZezZaG8DgW8K9ja3Eegw8VqPANiuR5xWplmBmUgbOgaIm1gT7ABuMTwia8qcUtK3LjhXRhKHn9H8lQnJGjsF7MHQxfmIDVYgFHjq3gaI9WmqiG2Fux9vmBuBsLtZd4rgFlGfpF83GNimeh2HmeDj2CE8JB5HeL-imX5wZy7pqbeRCglSUImLKlr_o7-mRkxuLzwthqgA2qDXBC1qXFzrHkhgkKrSRFz7YiPPLFsqm4JEamY0qJt0ERPhUH0arirneBcQ8Epp0Ay6B8npvbPDX2_puCFs02KW91cKMhribnuHYjakHf3BjtqTTZziYJ7MFOu_Sa-Bjg3y5aATtv8UiExDDW1rNnxkbTbh40j3-q5Y8FR2iLyQ6b1laaXp7LYdKzHxKufRxc14aCesPOxRlgtkBMDpGtaDx60nqmf7rURUfTUuzE8hA6Z1bClE0i-QC2e3DtPlkgY_d4UMnTyXrJw6mPKYkCGJQ=w461-h500-no\" width=\"461\" height=\"500\" class=\"size-full\" \/><p class=\"wp-caption-text\"><i>Foto da Praia da AVENIDA SOARES LOPES. Essa foto saiu no Jornal DI\u00c1RIO DA TARDE de ILH\u00c9US na edi\u00e7\u00e3o de 07-01-1972. <\/i><\/p><\/div>\n<div style=\"width: 610px\" class=\"wp-caption aligncenter\"><img loading=\"lazy\" src=\"https:\/\/lh3.googleusercontent.com\/mGkKweWBKe_eNjtrCaXwk9UJmE2r53ccx8PS5t_qs03KGYnIOdxj8_bB88bLCpGfjnP_X8mhWLrUpF-ngBvGeVi-wNJOjbh4qyOfRAFXUWdvsNuIy-VdK8z7ikVsMzOCxg3ssTJuybsMjKGWK0nZVExuv9k7vtrgmHSpEX9UTv7pjKF7UwKCfZfAETZ3od2DeHMVHUOMAUEKeuQmEnBscqW3hLMY9GgWXYpu_vfAXuMD8Nv2aJyBdhELMOC-31XoLF-oZrjxW9t2YMMAa-kHRlqOfYrXWZEwFNaSIKnDIu35YtumVwteHsnT0J7tWCsC0fyTZyW5TGGsxCo0mjaZkQsIBlEIwSzo8FkK8-Uj2zQhyjTO5NMJT34xo2_R0_ksBQucljRSdn8BNLCUaCMs7W8cpCPiuqL0X2C79h-Im2U5aM6WBSi5pSJsfrqo8wUA8Qza6JrgPlBrA09DsDCi3BLi87rlPV-V6ZIP0NYKTUSawEK_kEvEW5aZx2GjqOR4KdmKwhWUICP2KlpYEDgxrns_iMQGV7rNb1_fX9byoLhWjLlGxL_8l0bH7ProtBWgjq3LEQ1rErA6p22d6Z9g7mkusqyMovokVCrsu1aKEVU9Us0Jfb6trg=w600-h406-no\" width=\"600\" height=\"406\" class=\"size-full\" \/><p class=\"wp-caption-text\"><i>Nesse Carnaval Antecipado e no Oficial, JOS\u00c9 LEITE estar\u00e1 recebendo amigos no seu recando de lazer. MAS SE BEBER VAI DE TAXI, PORQUE AS BLITZ PODEM TE PEGAR. <\/i><\/p><\/div>\n<div style=\"width: 610px\" class=\"wp-caption aligncenter\"><img loading=\"lazy\" src=\"https:\/\/lh3.googleusercontent.com\/UfpFYrEzNsdIy7cM4fPG5FoWr8KPCIdG5ncD2v9HtN4f9uomypWCe0GzicaejvT57tEZgpsWVpvl3N5lct_qFneyuZE7iQc8O-HxBQOzlo4nXjbbAyaZKT66-fieytYlO_4jyfRo3B0bkZzmvreOVVEbicPMwWVVQTVHFeKO1ghF-I3_NggqnKsmEkDLokb2kayO4yLXGZoHFJ9n571Pw6k2tK7H9oYKYRffIQit7JCuo-aOBqNM14tIdHDxlmmcwvRIhND8myD6nep_bqk0BrONKNmQnsdPLo9YNStqF-KN189MWVxs0AzSC9FDYMnWhI5jdSmd8IO2kCku7VrUiGzWBNON_dQqXUt5MysPbk-TjfRI9n4QFegWyuat1vUSR7I7FdhwplqgXebLZavbZM6vPdeKQzlwegruNukowl4LIXVE1yfBMAFKS_z4gBaTDKxiMjhOWqLmDtR4o6WLoGcQogFqSYUsyRIrqLZ_ga6fCE5V-R1M_qjjeTGuj8RBT62AgjaMUUkLEuKcNPntJ6UFB5ExhZsCU8krTm9yUEFR5Qn1aw5ESWBQ7kEifX8K6bDVcj0pxdzVWHTSnfYICxbO4FN44BNFSmcPEVW8tXjs1UT6IsPICQ=w600-h500-no\" width=\"600\" height=\"500\" class=\"size-full\" \/><p class=\"wp-caption-text\"><i>PARAB\u00c9NS para o amigo e irm\u00e3o Ma\u00e7om JOS\u00c9 LUCAS DE CARVALHO (foto) que no \u00faltimo m\u00eas de Janeiro comemorou 90 ANOS com sa\u00fade e muita alegria. <\/i><\/p><\/div>\n<div style=\"width: 610px\" class=\"wp-caption aligncenter\"><img loading=\"lazy\" src=\"https:\/\/lh3.googleusercontent.com\/SJ7zUHrfCSY9jUz2t3eL4Qt2ZobK8rAufITQebO-pSRQ6JY1GklSzAVfRoLe5lQoktwMCIOCc0_2qen_jAtWiFiqTwdxZYSYyGOSEYUfAb0xeKZGq1Ks-CgPtigXlRu_lKn87QjVMhaQ5Z3XndPK1_xUEvkfgVjTlSIq_eTmNv9eL1dY_ELWHTrYJslmSdziE96eQjOVyw9lP-C9RoW1zyCQqUtMl-4UjsI1pTCAZD8Dacsij3Hot3DthERrXKrf02YuPMELaTlqxwRrsoEY6WbSv0ag_ougGxgDRD6BoVPYZtMeXCYPorS84UX1Kj-L-DdtHnF832Xf5-pDrclXy_oScWf6axnOctfdnW9vjgcJP7L1MdahT8T-3AYnFkDfMAaZLH26eXjqZb77gyclfXAEtNrIR9Loc9ZfTII70SuddFp3j6YeXh5tl2rWQGLcYxCRtzp7OitBVh1mg9agxfYBOIZCenT0Nrj__gk0V96IWd3cMCZ87WmxM8yrjst2MrJGmUXgXJyr379MMrpWHBn43ammInauTx-mYslMXTgmtrhECMiJ7MNG4Ov5CZ2BpuQPFkWby4GP3AQ0dsAw4GivUVj7wpHU7jLFsDyphl5KsNtcdBxoUA=w600-h500-no\" width=\"600\" height=\"500\" class=\"size-full\" \/><p class=\"wp-caption-text\"><i>Outro amigo que aniversariou no \u00faltimo domingo (12-02-2017) foi GUSTAVO KRUSCHEWSKY, grande devoto do PADRE C\u00cdCERO, j\u00e1 viajou duas vezes para JUAZEIRO DO NORTE acompanhado de JOS\u00c9 LEITE. PARAB\u00c9NS AMIG\u00c3O! <\/i><\/p><\/div>\n<div style=\"width: 435px\" class=\"wp-caption aligncenter\"><img loading=\"lazy\" src=\"https:\/\/lh3.googleusercontent.com\/tMuFCBA6QrmlzVv_gtTpAJ2ED6YztDDFhPfbP197X8JMkNHx-5DgAcJOlcUWmNaB-RUBOFQx_RuzqcTHODPcRODQi8zB19IsPN8NVlsHdtXnKpSamMmi-0fOohhW5hdjV1H2ea1lmu-54ELlvmOo7XHLZCL8KL727MvMWB4ad-_kMteVxsW9ihrv3-FbuWzfRUovYtYOD-x_mFu1kj2lipXE23rPmtApzWW8ZwE6SoD5V0ovDRAnllD3qZXZhO4ZolYwU8Oq6Sjjkc8YCrd4CMPGBJpExzS5XOuMG4SxhxHOZDaIRTiAT2PM51yiVg8ls94qH-dG-pC22ppASGJR5BOgzToGiNvtZnK1EBiNUPhoO8E2lLQNP1G2tet5TyrZrEUiQMX9py6eDRivKiZfoA6TG-e02LEwgWoxOIzpTYgj5H7oCwhF-v5L-mHBMpT59JXGu1ZVWGXoTgOOkH4KjV6hRd-eWhEuanf6ynZ2g7HuCCzUnNmKUP_GWxbU4AgIXeHQqMXS0yswF8rRLp5-rG4A74SFCQyETx1lmvFnBk9eKv00PUatgXXIV64v4f9SHM0_Cm9xJWJx9f_8xZ__p1oVnGZfo3piTi2vVyoiQ_dTcD-uSSkFNQ=w425-h500-no\" width=\"425\" height=\"500\" class=\"size-full\" \/><p class=\"wp-caption-text\"><i>Quarenta e oito anos de uma AMIZADE SINCERA, JOS\u00c9 LEITE DE SOUZA e QUINTO DE SOUZA! <\/i><\/p><\/div>\n<div style=\"width: 610px\" class=\"wp-caption aligncenter\"><img loading=\"lazy\" src=\"https:\/\/lh3.googleusercontent.com\/Yoyw0GOLgKMpqxXD0e1aclnOCtMJOoHf95Ale8zOKJ0HHo2Dz6iHkzKMwWxiGTCpqPFv4ynbhMls4VtHbRAlq_Y9h340v9LEbiktmNUGB3OklO0w5DTES5mfYBnpcNI0AL02Icbfu8wKmYP0WHGO9N7qVBXnhxxvzET281AvI06cwLW_dZbquE6cZwT3Dyl-9qaEDWRXO6rHSSf0AcKvtolGEZbWJM8etBX0FB5lVgHVGvs_9RRcPVXP6B39ssL-Nz4x1FH7IraFkwZZoqNfZcU7HmFgVD1-arr007lA563w345MH8x6w-P-ZKIA88qVGabBnMmQXGl429-er7INSptN4jZkpi4Xkzvw6OuTBPyO97NjHbxO7kdapN6dlSJfATTuUrpCjA2eUwgNNZlu6Y0CEDkYjL6Kuo9pvQ_deoSvXqHsG875VFN6xCl1HZjmVYbzxXlKjHcBc5ajAeVPRMeHiVSaAWbUd7pCrLOt9QbWhhW5g8gptLmZznLvevP8eHwrAFdiGpYaR-qQfi1ZMMyeuVR1d500oiqgi9bS5AtkMfuGsHjI037D9waBpzRrG-UW-KEhb6Ve8D-gCGmYoPGhoSH91vFNZf92YhlB-hVBdoPC8SgNmw=w600-h404-no\" width=\"600\" height=\"404\" class=\"size-full\" \/><p class=\"wp-caption-text\"><i>Comemora\u00e7\u00e3o dos 5 aninhos de ZEZINHO (JOS\u00c9 LEITE DE SOUZA FILHO) no S\u00cdTIO ALOHA. Na foto: JOS\u00c9 LEITE com os amigos, FRANCISQUINHO, o saudoso PALITO e BODE. (Foto: 12-04-1999). <\/i><\/p><\/div>\n<div style=\"width: 610px\" class=\"wp-caption aligncenter\"><img loading=\"lazy\" src=\"https:\/\/lh3.googleusercontent.com\/88VeW5mOT77rnlqIhpOzlvF6nbNsaGP_27KYxCyDQXcCRilJfk-zb0WBx0Rgs-eBjMZtio1cEBuBYc622_NkraBNbtB_9rhhqeEtZfhpPTdaBymG5NttAB9wnctF5_2s-_Jq9GWjoUU-h9pgUmwXC10IF1oazO4wIYBj5N1XJ6QPLqndvYYuuZhrG8JU8Z1V5JH59ILviZiqz2ENuq4VZ1XLb9ZkrvzACT_uE9heIiL77IFxxNRk1lLro8Z3CwBEh5l7INQm1sNAkAuhJumpny0XBide3aTtrsZ0d_gKI8KPrqME8WhOqj596P2npdzVLdUKPk3isNevJPy5f2eaBGTCVvFSvySzquJByEP7R0D7MBCVnx7YOLbrUl0F8yrtQ293m3eksTMVCo0erSm3MpXqx7gXsuNS8Thy9CHEaE4GGNb8VC7xd79Wb-XLlBCyqa6c_WfsQi7vsrNVZ0Nxk7Rl2hzU_IdwwzpRHEvW-UswZbpGxUtZKqKLwlbtsX7bTNZeFsgq1UEF7ZFm_yB9PXMRfJ3BM0G9VmA8Z2__lbrAeo9n9ye8VQiJypuC0xS4NWh3pLMnnwY8XUWWmbQgJRFfmS7xnG93G5UacY_KbyeQWL7ok4LxBQ=w600-h423-no\" width=\"600\" height=\"423\" class=\"size-full\" \/><p class=\"wp-caption-text\"><i>PARAB\u00c9NS para a querida amiga TAMIRES ANDRADE SANTOS que no \u00faltimo final de semana (10-02-2017) se formou em DIREITO. TE DESEJO UM FUTURO BRILHANTE AMIGA! <\/i><\/p><\/div>\n<div style=\"width: 610px\" class=\"wp-caption aligncenter\"><img loading=\"lazy\" src=\"https:\/\/lh3.googleusercontent.com\/911yUIJtnZw2zk5e0tUL3uG6fRwtgaGASr9Yh1qkRjxgPh-9sOwK-6bCqBsso866GfM5fpjsKg7iD7VqsT3vnDHvnutP9a1GYz_qlcgQZ1AuhHks2ShDpZ6_wUckTftSudkRMe53HFpgsXBEkJcWFWgUfUk0yFa4LyYxNx_BUKM5S9bmlU6Kv55FzcrFbj-oip-rTTErZVmhK_ch9ZQVQXRGv-FfXBarbDfOeuzd_iJFGLttpVh0WwBIIMkaZpEXWQA1cNFF95NFHeWcU93LzJHDVcOZIjcfc-ePhfmlBo8WkIuWXvEdZ59BfpUHfg6snmszhfMOTylveLlJ_C_JUensegI5ySCbFKgP4fZumkAjjsN_oGJmgdsUokoQcpm_c7yGbHBg93pKprFZjhcmVFik3vCOGggz2eQSv4njtIySmv-VtAN5Xzjv9QazymQSqlxEIAATUWkBTc5HaW0qmiYB1kfv69pa8_L3sm8o491T5-YNJUSdbrxYubjk9awIWpHyy_dMl9XZksC6fSUEzxtklh3Uueih0VVtwiqf0hKEpL1CEPYtwZcfjKEnM_zS5xxjup5WtjRQcvdvhGOZylrN8-NiGhLTY3iWkCNRxxuWy4acpQ=w600-h403-no\" width=\"600\" height=\"403\" class=\"size-full\" \/><p class=\"wp-caption-text\"><i>QUEM SE LEMBRA? JOS\u00c9 LEITE e seu conterr\u00e2neo Cearense FALC\u00c3O.<br \/>\n(Foto de 20 anos atr\u00e1s 1997). <\/i><br \/><\/p><\/div>\n<div style=\"width: 610px\" class=\"wp-caption aligncenter\"><img loading=\"lazy\" src=\"https:\/\/lh3.googleusercontent.com\/91qQHXShW0zopN7UcIj4uUHdaO-9labO12_Qrfpb7wrCQeELTvRTJk2RGRJ6ry1gAqhpEy-IUa7r4z_KFq1Y3Clb_s33ncLm4QqFu_MC-Qg65U27Uokb0wCttXmfSwoTnwZ1TN1pH9AVaHGTddW21NKmRyDoiGQOvRz5dJRq7FM-5Y-c1QC9GGOZxA0pQ-2QMmco78dpZi0s0ZhwOw6eJ7D1x9LEd-OU7yNqDWLNhCIDzLZhbfISF4_DLD1RshE-tHKgrGslo4EzWSaL9EDMMq0syHhpzAjbhXsIfC7FFuska5IDh-UMDbtcdHKyGifkoyD4OJFJN90bA8iqf2VGU2SVysy_s5MhMkbKqLEIbCMNDwiJiE7k_wrB2auwQFKQuyIIUH0yYk7TYgG8qzrBoU8Pa9VhN5IotcivHTxCvJja2kBHIOe9sQPtMsrIz6-cyuEM_F_B0blQnC6DLhI7kwJSMQ5ljD8akXMtfMSuN7DUlB8ojDMnbOPlPPzViFgmmGdXdwkM_oZ8Qoqa2EHYJeEK66qDYwC6HhH-NlhgJXol2LenjWen4GP05YoJHeIZ5ZqxDrD38IycA78sx0C1Ik8gUgW3Wa4ie-DiNrTSSOm9oyq_RVnbKw=w600-h500-no\" width=\"600\" height=\"500\" class=\"size-full\" \/><p class=\"wp-caption-text\"><i>PARAB\u00c9NS para nova Diretoria da CDL de ILH\u00c9US. A elei\u00e7\u00e3o foi no \u00faltimo dia 09-02-2017. <\/i><\/p><\/div>\n<div style=\"width: 610px\" class=\"wp-caption aligncenter\"><img loading=\"lazy\" src=\"https:\/\/lh3.googleusercontent.com\/lQ2aCy0RZvENnVrIQJckb1poHgVY37NHCNLZKMCPhK1GTSCdmEoUUAwFbXhSvyE1wk7T8dG1cABhnIIjjlSPIy0sAw-M8AnBO7n5QKApSMIBHJXJHHUoKK1zO_tad8hVt3lEox2woEKwUcaNTqDAxMDKfAzq0NWgIBIYeqOBMi34m90JXeYHu449dhQiL1GzlBpvo1O8UTVMmprQ-Gt-flZFMoyVLg6vhnMRoMgntECzn820fRqhC7e865AL3HCNwt3c7ch6TYe6cCCt4HRbDAotInAWEuIW9fBrXhy0dG2T3AKnEqbypqpEe1MtACWj1y5zX9K5WHIZkGSWx_vGyD8vZ9Eshhx4YJpOSiZO5_24ZDPeYLOFvrs2R7NXTxvcb_ADZsB25zgjOGnHgkdcPn2x0dlxekv3PVh-AgMlQusx63SO5RFWqtoSODTEZm8G9_21BMir9zOTdnMxvtEka1v33s3a2UChZ2SZfzbSOpOiLBNJqOvzCb3Y5iQVGoPKurQpes62S_zNb_tPPXTKdjDrfBgenVdYHowGn6rG4SIuWvg0C_ClzUX1t-8U1Sea_wkWzyKCVCy7Sgh53VUpojyykmOnhLU5aW4frLuxhI-5IxH0HDe8KA=w600-h500-no\" width=\"600\" height=\"500\" class=\"size-full\" \/><p class=\"wp-caption-text\"><i>PARAB\u00c9NS para os Companheiros Lojistas. Na foto: CLOVIS JUNIOR (Presidente da CDL eleito), ladeado pelos diretores PAULO GANEN e VALDERICO JUNIOR. (Foto: 09-02-2017). <\/i><\/p><\/div>\n<div style=\"width: 610px\" class=\"wp-caption aligncenter\"><img loading=\"lazy\" src=\"https:\/\/lh3.googleusercontent.com\/mNv2rdNc4I7FLUoLNSEGPJexq-7aCScE2ZA8j8cMzPGx9FgwWQorn5y3UzkNocDASOOVd53Xcqp8nAhLWmhcr722B5LJLyDeCAuRQ39UnRKIGjbD24nA8YSjnTqSkITTFbDyCZM5fDPQuyZqncdHnwOzgWMmoM2uL3SBYPaWPgViMWzPV6YP7N5G1koqGiTDlfpEvRUYKH5iqd0V_ghLc5_df4_ZnsKy8ieF1Mp1XmEd5RjIGgnV_95bUUgXMHK0WLnzUuzdHgv_wJbFtCQCntWwLFVh-0Z56tttZUrRv6XLgBLSoM6QgWJtkSMucD-PRTCBJKuG3bpNZVG__tTjT2FwehbGjvxvo3FKf4I1PS4YQKosvtVXyQXJTlhdGZRlkoM6HYuaI4GRCAT956yZwg1g1-bhwPhgxSvWULIwhDjpd2CDaxoKWMa70SAqgRbP1bmgkP1T8olpm9NUA3IQu2wmY_UgaIvGG9kqjlgWW0lwJ9yjv7TA8XKt0FMMgk3UR0dEOSSh_vTZZTKah0uW_22_sp0DJti85rOzM8r4AGjfSqoPJUlGJKa8rZbA-UCTUNNPdxi2_GuQ4xaeJVYGRhWwEz3frpfzOG3VUDlYXkD1aZQFCbxZnw=w600-h500-no\" width=\"600\" height=\"500\" class=\"size-full\" \/><p class=\"wp-caption-text\"><i>O nome era: \u201cREUNI\u00c3O CONVERSA FORA\u201d acontecia sempre aos s\u00e1bados a tarde numa das CABANAS da PRAIA DO SUL. HOJE S\u00d3 SAUDADES! Na foto: JOS\u00c9 LEITE, GIVALDO e os saudosos JOSU\u00c9 e GILSON. (Foto: 2006). <\/i><\/p><\/div>\n<div style=\"width: 310px\" class=\"wp-caption aligncenter\"><img loading=\"lazy\" src=\"https:\/\/lh3.googleusercontent.com\/WgxYjGOQqHkkqmOymEYPK3gtfG80T3MVj23MFZ1xojaqdHyS-EBvI76MivjIQ7RpfmD3r8MJK-hG_T1p7T5Y248mpDGjqX9uszBWn3fEMJ5u8QHadH-rJ_VGZNQZfQa9MsKBz5SX3DXSvDDVcJadbUkUlb1IkptfA6LJQMJ2aq5cGsKSnPaC9QsTSGuf-Z9_zuzY5UPLy14m2_J_EpZXfhG3IUVx8aO4_TyvRQeYR8Xr_sHuyrvZ3IVh7ALeB70gSMVeoubPJn6tyfT2_hKCBOyuX_I4ttXRRljwH2RBZji_TgES3KXM0s4xv92RCX7uRFEgToqVaN9hUVJrI16OSTDnlsaZW5iyy_s5gwcEIbEtly7UqTbOErr8Mln-ysyOiafNzgnvpc9iglhx3Wlz66tCh0EervcYS9sFw8ZvHmoLFvNw1594KQ9hPvdEHLmspgYquuLdn0AnfovyVqbH3YifDqzXOVGgGcUfQ_G9MWphFWIoQsZKMygaOxAtuEj--XjRniIH5fFWV5LH1-lFKwgvkJlkH7prXPFItstI9sKDB78RCtg5S8ilIhIdAKRWbe7imXo_VjUeXdj9pjgY2MCFKngh35P4p_MwX5rjiVJECkuYXDjHDQ=w300-h199-no\" width=\"300\" height=\"199\" class=\"size-full\" \/><p class=\"wp-caption-text\"><i>Muito triste com o falecimento do amigo JOS\u00c9 ADERVAN DE OLIVEIRA no \u00faltimo domingo (12-02-2017), propriet\u00e1rio do JORNAL \u201cAGORA\u201d editado na vizinha cidade de ITABUNA, mas conhecido regionalmente. Na \u00e9poca que o Jornal Ilheense DI\u00c1RIO DA TARDE deixou de circular, na d\u00e9cada de 1990, JOS\u00c9 LEITE mantinha uma COLUNA SEMANAL (COM\u00c9RCIO LOJISTA), naquele Jornal. JOS\u00c9 LEITE falou com JOS\u00c9 ADERVAN que abriu as portas do JORNAL AGORA e a Coluna saiu por mais de tr\u00eas anos naquele Jornal. JOS\u00c9 ADERVAN foi um grande EDITOR e um grande divulgador sempre reivindicando as necessidades de ITABUNA, ILH\u00c9US e REGI\u00c3O.<br \/>\nDESCANSE EM PAZ AMIGO! <\/i><br \/><\/p><\/div>\n<p><b><center> E NO MAIS&#8230; <\/center><\/b><\/p>\n<div style=\"width: 610px\" class=\"wp-caption aligncenter\"><img loading=\"lazy\" src=\"https:\/\/lh3.googleusercontent.com\/PPsEzxWpCf2KFpvF5Zm72BlXDdlCUE5wd3itifglBUBl1otuGiTxZC_dQ95cUcwrIsh0zK44Mo24d9_sAGutXrma-p2cwLARVq7ENgr6_3KsVpdbJoSr11RseiX3_sXp8Cawtn8MHRJB7fXHH-rR-7zp6cXjz3HXwJjTRk4B7pLPkDnjUM6VrjUu_F06s7H_k9iRTQ3ZfAnA6xtvOYREWjN4DSzq6RTCKvqT41HvPh_y5-nk2C8mmO_gmUm_ITwlmbH-LS3JMA0fbeR7-j7OH7Xu23Fb4AdP8Tf1OxhHFT25xYI2c8OfubhTKhcXOtSPlJJuNsrKIlukACCUygn0qZBnSezFiVE1hsy1dKL1azqAe2jYvotHfrYCEdvrNSqdg4SJaEPIDTbgok7r50iNr-uD6Sj532QLieNixu5Sjt48GpfSLI2_ZtEptCp9pB4XuNKDNG4EiTBWH4DJXLERV5swfdXio4fsap6sNe6WELH0DaOsF6FmIFdQhCZ9Y8VGE1fiqa177elteidZlOORhNtB6cDe-yX85oEGKrPpIwASbF9YPucIt_tZoyDq6h3t7mpTBQp2-MuT_3s60XahfnxkRedB-HupOtVPszqzcdKdZ5dfQ5kyuw=w600-h500-no\" width=\"600\" height=\"500\" class=\"size-full\" \/><p class=\"wp-caption-text\"><i>Sombra e \u00e1gua fresca para o amigo Coronel GERALDO DIAS DE ANDRADE, curtindo uma rede na ESTA\u00c7\u00c3O HIDROMINERAL DO CALDAS em BARBALHA-CEAR\u00c1. Foto clicada por JOS\u00c9 LEITE em 05-06-2016. <\/i><\/p><\/div>\n<p>&#8212;<br \/>\n<span style=\"color: blue;\"><b>Para ver o BA\u00da da semana passada clique<\/b><a href=\"http:\/\/www.r2cpress.com.br\/v1\/2017\/02\/10\/do-fundo-do-bau-de-jose-leite-273\/\" target=\"_news\"><b> AQUI.<\/b><\/a><\/span><\/p>\n<p>&#8212;<br \/>\nTexto e fotos: Jos\u00e9 Leite de Souza<br \/>\njleitesouza@hotmail.com<br \/>\n(73) 3634-3134<\/p>\n","protected":false},"excerpt":{"rendered":"<p>1) JOS\u00c9 LEITE NO CARNAVAL ANTECIPADO DE ILH\u00c9US. 2) AS FOTOS DESTAQUES DA SEMANA.<\/p>\n","protected":false},"author":2,"featured_media":0,"comment_status":"open","ping_status":"open","sticky":false,"template":"","format":"standard","meta":{"_links_to":"","_links_to_target":""},"categories":[10],"tags":[],"_links":{"self":[{"href":"https:\/\/www.r2cpress.com.br\/v1\/wp-json\/wp\/v2\/posts\/106965"}],"collection":[{"href":"https:\/\/www.r2cpress.com.br\/v1\/wp-json\/wp\/v2\/posts"}],"about":[{"href":"https:\/\/www.r2cpress.com.br\/v1\/wp-json\/wp\/v2\/types\/post"}],"author":[{"embeddable":true,"href":"https:\/\/www.r2cpress.com.br\/v1\/wp-json\/wp\/v2\/users\/2"}],"replies":[{"embeddable":true,"href":"https:\/\/www.r2cpress.com.br\/v1\/wp-json\/wp\/v2\/comments?post=106965"}],"version-history":[{"count":3,"href":"https:\/\/www.r2cpress.com.br\/v1\/wp-json\/wp\/v2\/posts\/106965\/revisions"}],"predecessor-version":[{"id":106972,"href":"https:\/\/www.r2cpress.com.br\/v1\/wp-json\/wp\/v2\/posts\/106965\/revisions\/106972"}],"wp:attachment":[{"href":"https:\/\/www.r2cpress.com.br\/v1\/wp-json\/wp\/v2\/media?parent=106965"}],"wp:term":[{"taxonomy":"category","embeddable":true,"href":"https:\/\/www.r2cpress.com.br\/v1\/wp-json\/wp\/v2\/categories?post=106965"},{"taxonomy":"post_tag","embeddable":true,"href":"https:\/\/www.r2cpress.com.br\/v1\/wp-json\/wp\/v2\/tags?post=106965"}],"curies":[{"name":"wp","href":"https:\/\/api.w.org\/{rel}","templated":true}]}}