{"id":106973,"date":"2017-02-17T20:38:46","date_gmt":"2017-02-17T23:38:46","guid":{"rendered":"http:\/\/www.r2cpress.com.br\/v1\/?p=106973"},"modified":"2017-02-17T20:38:46","modified_gmt":"2017-02-17T23:38:46","slug":"governo-podera-participar-de-leilao-do-hospital-espanhol-diz-rui-costa","status":"publish","type":"post","link":"https:\/\/www.r2cpress.com.br\/v1\/2017\/02\/17\/governo-podera-participar-de-leilao-do-hospital-espanhol-diz-rui-costa\/","title":{"rendered":"Governo poder\u00e1 participar de leil\u00e3o do Hospital Espanhol, diz Rui Costa"},"content":{"rendered":"<p><div id=\"attachment_106982\" style=\"width: 320px\" class=\"wp-caption alignleft\"><a href=\"http:\/\/www.r2cpress.com.br\/v1\/wp-content\/uploads\/2017\/02\/BY-Carol-Garcia-GOVBA_.jpg\"><img aria-describedby=\"caption-attachment-106982\" loading=\"lazy\" src=\"http:\/\/www.r2cpress.com.br\/v1\/wp-content\/uploads\/2017\/02\/BY-Carol-Garcia-GOVBA_.jpg\" alt=\"\" width=\"310\" height=\"207\" class=\"size-full wp-image-106982\" srcset=\"https:\/\/www.r2cpress.com.br\/v1\/wp-content\/uploads\/2017\/02\/BY-Carol-Garcia-GOVBA_.jpg 310w, https:\/\/www.r2cpress.com.br\/v1\/wp-content\/uploads\/2017\/02\/BY-Carol-Garcia-GOVBA_-300x200.jpg 300w\" sizes=\"(max-width: 310px) 100vw, 310px\" \/><\/a><p id=\"caption-attachment-106982\" class=\"wp-caption-text\">BY Carol Garcia GOVBA_<\/p><\/div>O Governo do Estado avalia a possibilidade de adquirir o Hospital Espanhol de Salvador \u2013 fechado desde setembro de 2014, para transform\u00e1-lo em um hospital de refer\u00eancia do servidor p\u00fablico, sob a administra\u00e7\u00e3o do Planserv \u2013 o plano de sa\u00fade do funcionalismo  estadual. De acordo com o governador Rui Costa, a aquisi\u00e7\u00e3o vai depender das condi\u00e7\u00f5es em que a unidade for a leil\u00e3o judicial. No in\u00edcio de dezembro do ano passado, a Justi\u00e7a do Trabalho determinou a venda do im\u00f3vel para o pagamento das d\u00edvidas trabalhistas.  <\/p>\n<p>&#8220;A melhor solu\u00e7\u00e3o para o Espanhol \u00e9 a justi\u00e7a fazer o mais r\u00e1pido poss\u00edvel o leil\u00e3o. O Governo do Estado avalia seriamente a possibilidade de participar do leil\u00e3o. Se as condi\u00e7\u00f5es forem vi\u00e1veis, n\u00f3s podemos participar e arrematar o hospital. Ali precisa continuar sendo hospital servindo aos baianos&#8221;, afirmou Rui em entrevista \u00e0 R\u00e1dio Metr\u00f3pole, lembrando que a Justi\u00e7a j\u00e1 decretou a fal\u00eancia da institui\u00e7\u00e3o ap\u00f3s pedidos do governo baiano e da Caixa Econ\u00f4mica Federal. <\/p>\n<p>&#8220;N\u00e3o nos interessa injetar mais recursos p\u00fablicos no hospital&#8221;, destacou Rui, lembrando que o Estado, na gest\u00e3o do ex-governador Jaques Wagner e atual secret\u00e1rio de Desenvolvimento Econ\u00f4mico (SDE), liberou, em 2013, financiamentos da ordem de R$ 53 milh\u00f5es  por meio da Ag\u00eancia de Fomento do Estado da Bahia (Desenbahia), com o objetivo de ajudar a recupera\u00e7\u00e3o financeira da institui\u00e7\u00e3o, localizada na Barra, o que n\u00e3o se concretizou. Na \u00e9poca, a Caixa Econ\u00f4mica tamb\u00e9m liberou financiamento da ordem de R$ 56 milh\u00f5es. <\/p>\n<p>&#8220;Infelizmente, o hospital continuou, antes e depois deste empr\u00e9stimo, com grave problema de gest\u00e3o&#8221;, acrescentou Rui. &#8220;Hoje, o problema est\u00e1 mais grave do que antes. Al\u00e9m das d\u00edvidas trabalhistas, tem o empr\u00e9stimo tomado junto ao governo e \u00e0 Caixa. S\u00f3 de d\u00edvida trabalhista, j\u00e1 passa dos R$ 150 milh\u00f5es&#8221;, ressaltou o governador.  <\/p>\n<p>Na \u00e9poca da crise financeira do hospital, o ent\u00e3o governador Jaques Wagner assinou um decreto declarando os im\u00f3veis pertencentes \u00e0 Real Sociedade Espanhola de Benefic\u00eancia, que administra o Hospital Espanhol, bens de utilidade p\u00fablica, para impedir a venda da unidade. A medida foi adotada para evitar a especula\u00e7\u00e3o imobili\u00e1ria e o desvio de sua finalidade, quando se cogitava inclusive abrigar uma empresa hoteleira, tendo em vista a sua localiza\u00e7\u00e3o privilegiada, em frente \u00e0 orla da Barra.<\/p>\n","protected":false},"excerpt":{"rendered":"<p>O Governo do Estado avalia a possibilidade de adquirir o Hospital Espanhol de Salvador \u2013 fechado desde setembro de 2014, para transform\u00e1-lo em um hospital de refer\u00eancia do servidor p\u00fablico, sob a administra\u00e7\u00e3o do Planserv \u2013 o plano de sa\u00fade do funcionalismo estadual. De acordo com o governador Rui Costa, a aquisi\u00e7\u00e3o vai depender das [&hellip;]<\/p>\n","protected":false},"author":2,"featured_media":0,"comment_status":"open","ping_status":"open","sticky":false,"template":"","format":"standard","meta":{"_links_to":"","_links_to_target":""},"categories":[29,24],"tags":[],"_links":{"self":[{"href":"https:\/\/www.r2cpress.com.br\/v1\/wp-json\/wp\/v2\/posts\/106973"}],"collection":[{"href":"https:\/\/www.r2cpress.com.br\/v1\/wp-json\/wp\/v2\/posts"}],"about":[{"href":"https:\/\/www.r2cpress.com.br\/v1\/wp-json\/wp\/v2\/types\/post"}],"author":[{"embeddable":true,"href":"https:\/\/www.r2cpress.com.br\/v1\/wp-json\/wp\/v2\/users\/2"}],"replies":[{"embeddable":true,"href":"https:\/\/www.r2cpress.com.br\/v1\/wp-json\/wp\/v2\/comments?post=106973"}],"version-history":[{"count":2,"href":"https:\/\/www.r2cpress.com.br\/v1\/wp-json\/wp\/v2\/posts\/106973\/revisions"}],"predecessor-version":[{"id":106984,"href":"https:\/\/www.r2cpress.com.br\/v1\/wp-json\/wp\/v2\/posts\/106973\/revisions\/106984"}],"wp:attachment":[{"href":"https:\/\/www.r2cpress.com.br\/v1\/wp-json\/wp\/v2\/media?parent=106973"}],"wp:term":[{"taxonomy":"category","embeddable":true,"href":"https:\/\/www.r2cpress.com.br\/v1\/wp-json\/wp\/v2\/categories?post=106973"},{"taxonomy":"post_tag","embeddable":true,"href":"https:\/\/www.r2cpress.com.br\/v1\/wp-json\/wp\/v2\/tags?post=106973"}],"curies":[{"name":"wp","href":"https:\/\/api.w.org\/{rel}","templated":true}]}}