{"id":107020,"date":"2017-02-18T19:57:17","date_gmt":"2017-02-18T22:57:17","guid":{"rendered":"http:\/\/www.r2cpress.com.br\/v1\/?p=107020"},"modified":"2017-02-18T19:57:55","modified_gmt":"2017-02-18T22:57:55","slug":"107020","status":"publish","type":"post","link":"https:\/\/www.r2cpress.com.br\/v1\/2017\/02\/18\/107020\/","title":{"rendered":"REVIVENDO"},"content":{"rendered":"<h2 class=\"PostHeaderIcon-wrapper\" style=\"text-align: center;\"><span class=\"PostHeader\"><a title=\"Permanent Link to Alfredo Amorim da Silveira em: \u201c10TAQUES\u201d.\" href=\"http:\/\/www.r2cpress.com.br\/v1\/2011\/05\/17\/alfredo-amorim-da-silveira-em-10taques-11\/\" rel=\"bookmark\">Alfredo Amorim da Silveira em: \u201c10TAQUES\u201d.<\/a><\/span><\/h2>\n<div class=\"PostMetadataHeader\">\n<div class=\"PostHeaderIcons metadata-icons\"><img loading=\"lazy\" src=\"http:\/\/www.r2cpress.com.br\/v1\/wp-content\/themes\/r2cpress2010b\/images\/PostDateIcon.png\" alt=\"PostDateIcon\" width=\"18\" height=\"19\" \/> 17\/maio\/2011 . 18:44 | Autor: <a title=\"Autor\" href=\"http:\/\/www.r2cpress.com.br\/v1\/2011\/05\/17\/alfredo-amorim-da-silveira-em-10taques-11\/#\">Roberto Rabat Chame .&#8217;.<\/a> | <a href=\"http:\/\/www.r2cpress.com.br\/v1\/2011\/05\/17\/alfredo-amorim-da-silveira-em-10taques-11\/#respond\">Nenhum coment\u00e1rio \u00bb<\/a> | <img loading=\"lazy\" src=\"http:\/\/www.r2cpress.com.br\/v1\/wp-content\/themes\/r2cpress2010b\/images\/PostEditIcon.png\" alt=\"PostEditIcon\" width=\"14\" height=\"14\" \/> <a class=\"post-edit-link\" href=\"http:\/\/www.r2cpress.com.br\/v1\/wp-admin\/post.php?post=15430&amp;action=edit\">Editar<\/a><\/div>\n<\/div>\n<div class=\"PostContent\">\n<p><strong><em>Bar\u00e3o de Popoff<\/em><\/strong><\/p>\n<div id=\"attachment_15431\" class=\"wp-caption aligncenter\"><a href=\"http:\/\/www.r2cpress.com.br\/v1\/wp-content\/uploads\/bar%C3%A3o-de-popof.jpg\"><img loading=\"lazy\" class=\"size-medium wp-image-15431\" title=\"bar\u00e3o de popof\" src=\"http:\/\/www.r2cpress.com.br\/v1\/wp-content\/uploads\/bar%C3%A3o-de-popof-300x198.jpg\" sizes=\"(max-width: 300px) 100vw, 300px\" srcset=\"http:\/\/www.r2cpress.com.br\/v1\/wp-content\/uploads\/bar\u00e3o-de-popof-300x198.jpg 300w, http:\/\/www.r2cpress.com.br\/v1\/wp-content\/uploads\/bar\u00e3o-de-popof.jpg 680w\" alt=\"\" width=\"300\" height=\"198\" \/><\/a><\/p>\n<p class=\"wp-caption-text\">Clique para AMPLIAR<\/p>\n<\/div>\n<p><img loading=\"lazy\" class=\"alignleft\" src=\"http:\/\/www.r2cpress.com.br\/v1\/wp-content\/uploads\/alfredo-amorim-nova.jpg\" alt=\"\" width=\"300\" height=\"105\" \/>N\u00e3o \u00e9 sempre que temos a oportunidade de juntar o passado com o presente. Desta vez estou aqui para fazer uma homenagem a uma grande figura de Ilh\u00e9us, descendente de uma das fam\u00edlias mais tradicionais desta cidade, e tamb\u00e9m contar, em parte, como foi a emigra\u00e7\u00e3o dos alem\u00e3es para esta terra querida de todos n\u00f3s.<\/p>\n<p>Os Krushewsky vieram para Ilh\u00e9us entre 1822 e 1823, trazidos por Pedro Weyll (Holand\u00eas) e seu s\u00f3cio (?) Saueracker. Junto com os Kruschewsky vieram tamb\u00e9m para Ilh\u00e9us os alem\u00e3es, Sellmann, Schaun, Meffe, Lafit, Ninck, Hohlenwerger, Prezewodowski, Berbert, Steiger.<\/p>\n<p>Estabeleceram-se em uma Sesmaria em terrenos \u00e0 margem esquerda do rio Cachoeira adquirida em 1818 por Pedro Weyll e seu s\u00f3cio, onde fundaram um pequeno n\u00facleo chamado de Col\u00f4nia de S\u00e3o Jorge da Cachoeira de Itabuna. Estes alem\u00e3es tinham profiss\u00e3o de ferreiros, padeiros, relojoeiros, alfaiates, carpinas, maquinistas, etc.<\/p>\n<p>Uma segunda leva de colonos chegou de Rotterdam na galera hamburguesa Anna Luiza em 1823. Por imprevid\u00eancia de Saueracker, s\u00f3cio de Pedro Weyll, que n\u00e3o providenciou com anteced\u00eancia abrigo, ferramentas e instrumentos agr\u00edcolas para o trabalho, passaram os emigrantes por muitas necessidades muitos se retirando para a vila de Ilh\u00e9us, sendo amparados pela C\u00e2mara Municipal, para n\u00e3o morrerem de fome, sendo tamb\u00e9m amparados pelo Imperador D. Pedro I, que era protetor dos imigrantes alem\u00e3es no Brasil.<\/p>\n<p>Muitos deles se deram bem na pol\u00edtica, na administra\u00e7\u00e3o p\u00fablica, na advocacia, na imprensa, nas letras, nas armas, na agricultura e na ind\u00fastria.<\/p>\n<p>Bem, terminado aqui as explica\u00e7\u00f5es da descend\u00eancia do <strong><em>Bar\u00e3o de Popoff<\/em><\/strong>, vamos agora contar a sua hist\u00f3ria.<\/p>\n<p><!--more--><\/p>\n<p>Raimundo Kruschewsky Ribeiro, seu nome de registro, que muitos n\u00e3o sabem, nasceu em Ilh\u00e9us em 3 de agosto de 1925, filho de Jaime Gomes Ribeiro e Arcelina Kruschewsky Ribeiro, casou-se em 30 de abril de 1961 na Fazenda Barbosa, de seu tio Ubaldo Kruschewsky, no Rio do Bra\u00e7o, com Denise (Costa) de Oliveira Ribeiro (Denise foi minha professora no Col\u00e9gio Rui Barbosa em 1957) com quem teve dois filhos; Mauro de Oliveira Ribeiro e Luiza de Oliveira Ribeiro.<\/p>\n<p>O Bar\u00e3o era funcion\u00e1rio do Banco do Brasil onde trabalhou de 1945 a 1975. Trabalhou na ag\u00eancia do Rio de Janeiro e, como dizia ele, em adi\u00e7\u00e3o nas ag\u00eancias das cidades de Corumb\u00e1 (MS), Foz do Igua\u00e7u (PR), Ara\u00e7ua\u00ed (MG) e aposentou-se quando trabalhava na ag\u00eancia de Ilh\u00e9us.<\/p>\n<p>Fazendo uma viagem tur\u00edstica \u00e0 Europa com casais de amigos e jovens de Ilh\u00e9us, o Bar\u00e3o se empolgou com o trabalho de assist\u00eancia que prestou aos jovens e resolveu virar guia de turismo, criando grupos de jovens para visitar a Disneyl\u00e2ndia, pela ag\u00eancia Belair Viagens, do Rio de Janeiro, de 1976 a 1984 e depois pela Espa\u00e7o Turismo de Eduardo Gedeon, de quem se tornou\u00a0 grande amigo, de 1984 at\u00e9 2001,\u00a0 quando resolveu parar por causa do ataque \u00e0s torres g\u00eameas em 11 de setembro de 2001 e por alguns problemas de sa\u00fade.<\/p>\n<p>Popoff \u00e9, e ser\u00e1 sempre um grande gozador e bom vivam, com sua maneira aut\u00eantica de se vestir, sempre fazendo grandes goza\u00e7\u00f5es e aprontes com seus amigos, e at\u00e9 com ele mesmo.<\/p>\n<p>Surgiu o seu apelido <strong><em>\u201cBar\u00e3o de Popoff\u201d <\/em><\/strong>em duas partes distintas de sua vida, a primeira foi a cria\u00e7\u00e3o de <strong><em>Popoff, <\/em><\/strong>depois \u00e9 que foi acessentado o <strong><em>Bar\u00e3o.<\/em><\/strong><\/p>\n<p>Trabalhava\u00a0 Raimundo Kruschewsky Ribeiro na ag\u00eancia do Banco do Brasil do Rio de Janeiro quando foi transferido para a ag\u00eancia de Corumb\u00e1 (MS). A ag\u00eancia central do Banco do Brasil mandou um \u201cTELEX\u201d para a ag\u00eancia de Corumb\u00e1 avisando da chegada do funcion\u00e1rio Raimundo Kruschewsky Ribeiro, quando Raimundo chegou na ag\u00eancia de Corumb\u00e1 e se apresentou todos acharam estranho, pensavam que chegaria uma pessoa loira de olhos azuis, descendente de russo,<strong><em> Kruschewsky!<\/em><\/strong>, foi quando lhe perguntaram, por brincadeira, se ele era o <strong><em>Popoff, <\/em><\/strong>e deu no que deu.<\/p>\n<p>Quando veio para a ag\u00eancia do Banco do Brasil de Ilh\u00e9us, mais ou menos em 1958, para trabalhar no plano de Recupera\u00e7\u00e3o da Lavoura Cacaueira, seu grande amigo, Carlinhos Chimbica (Oliveira), por goza\u00e7\u00e3o come\u00e7ou a falar que <strong><em>Popof<\/em><\/strong>f era nome de nobre e que ele era o <strong><em>Bar\u00e3o de Popoff, <\/em><\/strong>como ficou conhecido at\u00e9 hoje.<\/p>\n<p>Outro caso engra\u00e7ado do Bar\u00e3o foi na ag\u00eancia do Banco do Brasil aqui de Ilh\u00e9us. Chegou um novo gerente na ag\u00eancia disposto a acabar com os funcion\u00e1rios que enrolavam mais do que trabalhavam, <strong><em>os tortos<\/em><\/strong>, o gerente fez uma reuni\u00e3o avisando que ia consertar todos os tortos que tinham na ag\u00eancia, o Bar\u00e3o ent\u00e3o lhe disse que tinha um torto na ag\u00eancia, que ele, o gerente, n\u00e3o ia dar jeito. O gerente ent\u00e3o lhe disse para mandar o tal torto falar com ele. Quando o tal torto chegou a gerencia o gerente come\u00e7ou a rir, sem entender o funcion\u00e1rio perdeu as estribeiras pensando que era por causa do seu problema na coluna, era Ant\u00f4nio Bacil, que tinha um problema s\u00e9rio na coluna e por isso tinha o corpo torto. Final da hist\u00f3ria o Bar\u00e3o continuou <strong><em>torto.<\/em><\/strong><\/p>\n<p>Bar\u00e3o, repito aqui as palavras de Carlos Mascarenhas, gostar\u00edamos de v\u00ea-lo aqui, no R2, contando as suas hist\u00f3rias, tenho certeza que botaria Jorge Amado no chinelo.<\/p>\n<div class=\"PostContent\">| Postado em <a href=\"http:\/\/www.r2cpress.com.br\/v1\/category\/espaco-do-leitor\/\" rel=\"category tag\">Espa\u00e7o do Leitor<\/a><\/div>\n<div class=\"cleared\">\u00a0| | 1.592 visualiza\u00e7\u00f5es<\/div>\n<\/div>\n<p><!--more--><\/p>\n<p><!--more--><\/p>\n<p><!--more--><\/p>\n<p><!--more--><\/p>\n","protected":false},"excerpt":{"rendered":"<p>Alfredo Amorim da Silveira em: \u201c10TAQUES\u201d. 17\/maio\/2011 . 18:44 | Autor: Roberto Rabat Chame .&#8217;. | Nenhum coment\u00e1rio \u00bb | Editar Bar\u00e3o de Popoff Clique para AMPLIAR N\u00e3o \u00e9 sempre que temos a oportunidade de juntar o passado com o presente. Desta vez estou aqui para fazer uma homenagem a uma grande figura de Ilh\u00e9us, [&hellip;]<\/p>\n","protected":false},"author":2,"featured_media":0,"comment_status":"open","ping_status":"open","sticky":false,"template":"","format":"standard","meta":{"_links_to":"","_links_to_target":""},"categories":[10],"tags":[],"_links":{"self":[{"href":"https:\/\/www.r2cpress.com.br\/v1\/wp-json\/wp\/v2\/posts\/107020"}],"collection":[{"href":"https:\/\/www.r2cpress.com.br\/v1\/wp-json\/wp\/v2\/posts"}],"about":[{"href":"https:\/\/www.r2cpress.com.br\/v1\/wp-json\/wp\/v2\/types\/post"}],"author":[{"embeddable":true,"href":"https:\/\/www.r2cpress.com.br\/v1\/wp-json\/wp\/v2\/users\/2"}],"replies":[{"embeddable":true,"href":"https:\/\/www.r2cpress.com.br\/v1\/wp-json\/wp\/v2\/comments?post=107020"}],"version-history":[{"count":3,"href":"https:\/\/www.r2cpress.com.br\/v1\/wp-json\/wp\/v2\/posts\/107020\/revisions"}],"predecessor-version":[{"id":107023,"href":"https:\/\/www.r2cpress.com.br\/v1\/wp-json\/wp\/v2\/posts\/107020\/revisions\/107023"}],"wp:attachment":[{"href":"https:\/\/www.r2cpress.com.br\/v1\/wp-json\/wp\/v2\/media?parent=107020"}],"wp:term":[{"taxonomy":"category","embeddable":true,"href":"https:\/\/www.r2cpress.com.br\/v1\/wp-json\/wp\/v2\/categories?post=107020"},{"taxonomy":"post_tag","embeddable":true,"href":"https:\/\/www.r2cpress.com.br\/v1\/wp-json\/wp\/v2\/tags?post=107020"}],"curies":[{"name":"wp","href":"https:\/\/api.w.org\/{rel}","templated":true}]}}