{"id":107130,"date":"2017-02-22T13:07:51","date_gmt":"2017-02-22T16:07:51","guid":{"rendered":"http:\/\/www.r2cpress.com.br\/v1\/?p=107130"},"modified":"2017-02-22T13:07:51","modified_gmt":"2017-02-22T16:07:51","slug":"marinha-do-brasil-91","status":"publish","type":"post","link":"https:\/\/www.r2cpress.com.br\/v1\/2017\/02\/22\/marinha-do-brasil-91\/","title":{"rendered":"MARINHA DO BRASIL"},"content":{"rendered":"<p style=\"text-align: center;\"><strong>MARINHA ABRE CONCURSO COM 190 VAGAS PARA O COL\u00c9GIO NAVAL<\/strong><\/p>\n<p>\u00a0\u00a0\u00a0\u00a0\u00a0\u00a0\u00a0\u00a0\u00a0 Est\u00e3o abertas, at\u00e9 o dia 30 de mar\u00e7o de 2017, as inscri\u00e7\u00f5es para o Concurso P\u00fablico para o \u00a0ingresso de alunos no Col\u00e9gio Naval, da Marinha do Brasil, para o preenchimento de 190 vagas.<\/p>\n<p>Os principais requisitos s\u00e3o: ser do sexo masculino, ter 15 anos completos e menos de 18 anos de idade no primeiro dia do m\u00eas de janeiro de 2018 e ter conclu\u00eddo o 9\u00ba ano do Ensino Fundamental, ou estar em fase de conclus\u00e3o.<\/p>\n<p>As inscri\u00e7\u00f5es devem ser realizadas no site\u00a0 <a href=\"http:\/\/www.ingressonamarinha.mar.mil.br\/\">www.ingressonamarinha.mar.mil.br<\/a>.<\/p>\n<p>O valor da taxa de inscri\u00e7\u00e3o \u00e9 de R$65,00, havendo a possibilidade de isen\u00e7\u00e3o para candidatos oriundos de fam\u00edlia de baixa renda.<\/p>\n<p>O candidato ser\u00e1 submetido a provas de Matem\u00e1tica e Ingl\u00eas em primeira etapa e, se aprovado, a provas de Estudos Sociais, Ci\u00eancias, Portugu\u00eas e Reda\u00e7\u00e3o. Os classificados passar\u00e3o ainda por verifica\u00e7\u00e3o de inspe\u00e7\u00e3o de sa\u00fade, teste de aptid\u00e3o f\u00edsica, avalia\u00e7\u00e3o psicol\u00f3gica e verifica\u00e7\u00e3o de documentos.<\/p>\n<p>Os aprovados em todas as etapas do processo estudar\u00e3o no Col\u00e9gio Naval, localizado em Angra dos Reis-RJ, pelo per\u00edodo de tr\u00eas anos letivos, em regime de internato. Durante o curso ter\u00e3o a forma\u00e7\u00e3o de ensino m\u00e9dio e militar-naval. Al\u00e9m disso, ter\u00e3o direito a uniforme, alimenta\u00e7\u00e3o, vencimentos e assist\u00eancias m\u00e9dica, odontol\u00f3gica, psicol\u00f3gica, social e religiosa. Receber\u00e3o, tamb\u00e9m, uma bolsa-aux\u00edlio de R$1.010,00.<\/p>\n<p><strong>SERVI\u00c7O:<\/strong><\/p>\n<p><strong>Concurso P\u00fablico de Admiss\u00e3o ao Col\u00e9gio Naval 2017<\/strong><\/p>\n<p><strong>Inscri\u00e7\u00e3o:<\/strong> 22 de fevereiro a 31 de mar\u00e7o de 2017<\/p>\n<p><strong>Vagas<\/strong>: 190 vagas<\/p>\n<p><strong>Valor:<\/strong> R$ 65,00<\/p>\n<p><strong>Datas das provas:<\/strong> a serem definidas.<\/p>\n<p><strong>Informa\u00e7\u00f5es:<\/strong> <a href=\"http:\/\/www.ingressonamarinha.mar.mil.br\/\"><strong>www.ingressonamarinha.mar.mil.br<\/strong><\/a> ou (71) 3507-3825<\/p>\n","protected":false},"excerpt":{"rendered":"<p>MARINHA ABRE CONCURSO COM 190 VAGAS PARA O COL\u00c9GIO NAVAL \u00a0\u00a0\u00a0\u00a0\u00a0\u00a0\u00a0\u00a0\u00a0 Est\u00e3o abertas, at\u00e9 o dia 30 de mar\u00e7o de 2017, as inscri\u00e7\u00f5es para o Concurso P\u00fablico para o \u00a0ingresso de alunos no Col\u00e9gio Naval, da Marinha do Brasil, para o preenchimento de 190 vagas. Os principais requisitos s\u00e3o: ser do sexo masculino, ter 15 [&hellip;]<\/p>\n","protected":false},"author":2,"featured_media":0,"comment_status":"open","ping_status":"open","sticky":false,"template":"","format":"standard","meta":{"_links_to":"","_links_to_target":""},"categories":[18],"tags":[],"_links":{"self":[{"href":"https:\/\/www.r2cpress.com.br\/v1\/wp-json\/wp\/v2\/posts\/107130"}],"collection":[{"href":"https:\/\/www.r2cpress.com.br\/v1\/wp-json\/wp\/v2\/posts"}],"about":[{"href":"https:\/\/www.r2cpress.com.br\/v1\/wp-json\/wp\/v2\/types\/post"}],"author":[{"embeddable":true,"href":"https:\/\/www.r2cpress.com.br\/v1\/wp-json\/wp\/v2\/users\/2"}],"replies":[{"embeddable":true,"href":"https:\/\/www.r2cpress.com.br\/v1\/wp-json\/wp\/v2\/comments?post=107130"}],"version-history":[{"count":1,"href":"https:\/\/www.r2cpress.com.br\/v1\/wp-json\/wp\/v2\/posts\/107130\/revisions"}],"predecessor-version":[{"id":107131,"href":"https:\/\/www.r2cpress.com.br\/v1\/wp-json\/wp\/v2\/posts\/107130\/revisions\/107131"}],"wp:attachment":[{"href":"https:\/\/www.r2cpress.com.br\/v1\/wp-json\/wp\/v2\/media?parent=107130"}],"wp:term":[{"taxonomy":"category","embeddable":true,"href":"https:\/\/www.r2cpress.com.br\/v1\/wp-json\/wp\/v2\/categories?post=107130"},{"taxonomy":"post_tag","embeddable":true,"href":"https:\/\/www.r2cpress.com.br\/v1\/wp-json\/wp\/v2\/tags?post=107130"}],"curies":[{"name":"wp","href":"https:\/\/api.w.org\/{rel}","templated":true}]}}