{"id":107164,"date":"2017-02-24T20:00:41","date_gmt":"2017-02-24T23:00:41","guid":{"rendered":"http:\/\/www.r2cpress.com.br\/v1\/?p=107164"},"modified":"2017-02-24T01:29:56","modified_gmt":"2017-02-24T04:29:56","slug":"do-fundo-do-bau-de-jose-leite-especial-44","status":"publish","type":"post","link":"https:\/\/www.r2cpress.com.br\/v1\/2017\/02\/24\/do-fundo-do-bau-de-jose-leite-especial-44\/","title":{"rendered":"DO FUNDO DO BA\u00da DE JOS\u00c9 LEITE (ESPECIAL)"},"content":{"rendered":"<p><center><img loading=\"lazy\" src=\"http:\/\/www.r2cpress.com.br\/v1\/wp-content\/uploads\/BAU-NOVO-COM-400.jpg\" width=\"400\" height=\"291\" class=\"aligncenter size-full\" \/><strong>1)\tPARAB\u00c9NS A GLORIOSA POL\u00cdCIA MILITAR DA BAHIA.<br \/>\n2)\t1\u00ba ENCONTRO DOS FILHOS DO BAR\u00c3O DE POPOFF \u2013 2017.<br \/>\n3)\tAS FOTOS DESTAQUES DA SEMANA.<\/strong><\/center><!--more--><br \/>\n<center><b>************************************************************************<\/b><\/center><\/p>\n<p>\t<b><center> 1) PARAB\u00c9NS A GLORIOSA POL\u00cdCIA MILITAR DA BAHIA. <\/center><\/b><\/p>\n<p>A POL\u00cdCIA MILITAR DA BAHIA comemorou na \u00faltima sexta feira (17-02-2017) 192 ANOS DE EXIST\u00caNCIA. PARAB\u00c9NS PELOS BONS SERVI\u00c7OS PRESTADOS!<\/p>\n<p><center> <img loading=\"lazy\" src=\"https:\/\/lh3.googleusercontent.com\/yc5JgWnXoAjOpEzdsfCCkw_50ieFJv58bFv1nUJmr8D1BacTX9WjV9UcA1VrPpwjhfF5CfcGYfFz5YJcC5o5ezX5ZhYHFHfh5dj-VNxJpcu3VRR8BCZKR8bNgjChc1lOKrQ40vFTEimPEMVAPaGtl89oIF1b3vsf-LzTrmVOdWjMgkr0xkqYn-mmSG4k-zw3mTz2jz9PZPvzlhQvzyzTm8z1oRi3pq5O9cT0i5Kc95m-mvXleQvpWO03jtkJSgxvc-28zjX_ofLHTKPne2xpL7FNh_1gcu0zCHMPRFUdJha7a4mjWklp5X7QlzD0mZwcdI5sx0kZQMDjsC_-zUQsKqyPNYABiamU623JMkvIH5BGj63Jl_gIHtGEg7QB-D7GLDxWzHnW4Kpeu5F0CNJg4VQUixH8fza-H6QM2Srz-2Nq6poYYroHcelheWQC3FRiKWuS8UKf_Hjp_howIxaMf9kMbxl_7mOEycqqgwtNiR9xLSaNcpwbLISLAQBhRWertX9cmUMamOJ9eFonpsl5qUZk_EZbz1XFQ9Gy9OLo4Rlefr9sSIEBbp6Zt4xplVewueCMpg5QPtWIKsiuyKfOPe4C5QOG0-7jpJqha7iTUfVw2hKmmXKiqQ=w600-h500-no\" width=\"600\" height=\"500\" class=\"aligncenter size-full\" \/><\/center><\/p>\n<div style=\"width: 610px\" class=\"wp-caption aligncenter\"><img loading=\"lazy\" src=\"https:\/\/lh3.googleusercontent.com\/JkollOC53kXf79c4QGgAVMo0-at59wNN1MV7oF_XWwo9szLjjJxMxxkqcHuz94wb50pvCoVpBNCUPksvYdk3aCynvpLSJBeiTwJWhXZCZIX9n2-zA7JcClDu3SIqf_T8ZA_mee6H6HjQ1IxzOrnc4NalrlTHG3Co9jEAq9j-XISaj4dNmfo9st4liazGOKQgM6PsB4ZzoEyW_zioXDA6MjpC2HmHZX1I5xvJvzusTjVrwd6Hr9hnnjxSlweqPny4zYSnPCoWdnyCTOpkczkxV60WshmMeuE3UTqeEQgh0w3l2oCFZsc0xZutkC4RXTJbt3n74JPqxaz2GD_cX761Im19R0fgrGX0rQzrJbVL9LlffOheXblBqHgYYzIlpM1iqYrbb5TVFCMw5OdsCGmlUabHjjNq-WxdXE5UFkBIFKIzSjDvriix4qumUPKd2wZAcJB6QjoVMhv2fBqWnMUhJ-2arTvOoiF9VsGYtNFH1NEJuorPt0M8UMifPo-ef1ZR2kgcqXYMz19SVYXdWwBlJdHD9ml5R-IwPYsVNDrbMf1ihEegfwWce5YYQAsR4foQeLdS23CqKRM3AgpFcsvVFm8mB0w8PoSNOlI712KBgJmI3-wT-wOePA=w600-h500-no\" width=\"600\" height=\"500\" class=\"size-full\" \/><p class=\"wp-caption-text\"><i>O Coronel MARCELO LUIZ BRAND\u00c3O TEIXEIRA (Comandante do Comando de Policiamento da Regi\u00e3o Sul, CPR-SUL) e JOS\u00c9 LEITE DE SOUZA.<br \/>\n(Foto: 15-02-2017). <\/i><br \/><\/p><\/div>\n<div style=\"width: 610px\" class=\"wp-caption aligncenter\"><img loading=\"lazy\" src=\"https:\/\/lh3.googleusercontent.com\/KUEgZppDxSE1P__aVcGFPXGUypVVTq7tBvjf--0EfOlkPKjsVRUFij8bvYo4K7iIPuAyCgUFdYGidFxNwJ57YZSVU5lhEVuRyJtRBu6PoPAXoh_ycJ4xomq7Vrx7i3tlDi7_UosEctFv6QR6460Khgxl6k9QJljpNV_aNrzQyqnPaTk8EcmFTiTSlM_nQ2fs9hRNMCeSBYQXaSRedJjB2JlADDKBHXhwSqzx65xfPbGX1vR9Nqw-dESoBIbFkiEJqIaCe2EvNk2OFUaNCXL5orgv88jzcDZdhfYSNV7p9FU_DlbGV6Z6gUpEYu2fE-znl-xxdXq027A5nL-8OyJ0TGffWBqeFsVbRp6Zn8y9vh36ljnLD8prMp3KNeqEZW2ui1aqWJUyzw-g-5qm8_HY8_8KyucXCCVnO3vCEpySmXlmW1ZcIMQT1oDpjQ8m2kiF1aS7BfR_manuVvrQUr2t3fKsKPb9-wg-eiJYGfRPLOeboeQ9gUFf_dBSx-XulSRLLdbjamt8F_LMDBu-ODNAmTtKaZzk-Z7MoFUMUViWoS3Z8PGBnYz62Ra6Ec8cDc4vzRAJfLPtdZqbphrx4Na5d-0p8bPERRTFFvEnw7uQ9y1UY5rEUYX36Q=w600-h500-no\" width=\"600\" height=\"500\" class=\"size-full\" \/><p class=\"wp-caption-text\"><i>Na foto, da direita para a esquerda: Coronel TEIXEIRA, JOS\u00c9 LEITE e o Tenente Coronel IDILCEU BASTOS (Subcomandante do CPR-SUL). (Foto: 15-02-2017). <\/i><\/p><\/div>\n<div style=\"width: 610px\" class=\"wp-caption aligncenter\"><img loading=\"lazy\" src=\"https:\/\/lh3.googleusercontent.com\/s7BUXy_kOVd9gOZnrXNhrgldH0w63g9cucnYqPsieVz93rMYxFrnkGdxkNWYGlU0infYpq_O8FQjEgzqTNpFyMbPOvgdR6PsvVE8Lxzht-Z8NVcJqicHmV18JkuG04EqTj31ao-8D4wAbY5Rz42Gp2DbGpf6FZPYsK_FkEzAXU7qcP9sG3BnanmK3dIk2PGZTKBSCgo2iM6J6ChAOl9UF4VtYG5m24utxqvRxBlLzy8UIeoVoj5KMBw1Q7IXlRLerFB6OjeRVtX6VfdKceq0YoMFrmkbeyffd1yHcu7lyOqNbidGOOiTSlZ5RhW_OlT8Db6orqo_-AVMO-WyOoJIEJADpqqS8HK3VvuPN17s6rDP43v5CSP_b15DzrzPHONBaIafmxr_xB2LFGMLdrVj_VYShs81-cOeqY_rXNbFPxEkvQ_QpwsjY5v9DlV_I2pSEgcmc1hK9Ac-TWCGt6H3Nmp0vpjP4oOdgZSBWdR2ArOC5UfYelxOKhBrPjf9Ts-xCKBF_Yff5Gaka2iQNy9lq41fE_9JVuJSVmz_IIJMgXgQpJKT-IPGlkZXxT4SBX2jIJyMNoQqn5Phs-6cQSKoHIRd171f5MvU1BLen2flMfChWGzFZ3bomA=w600-h500-no\" width=\"600\" height=\"500\" class=\"size-full\" \/><p class=\"wp-caption-text\"><i>Da esquerda para direita: Tenente Coronel DI\u00d3GENES C\u00c2MARA (Comandante da Companhia Rodovi\u00e1ria), Major WASHINGTON FONSECA (Coordenador de Opera\u00e7\u00f5es, CPR-SUL), Tenente Coronel IDILCEU BASTOS, JOS\u00c9 LEITE, Coronel TEIXEIRA e o Capit\u00e3o ROBSON FARIAS SILVA (Comandante da 68\u00aa Companhia Independente da PM, sediada no Centro de ILH\u00c9US).<br \/>\nTODOS EMPENHADOS PELO BEM ESTAR E A SEGURAN\u00c7A DOS BAIANOS. PARAB\u00c9NS! (Foto: 15-02-2017). <\/i><br \/><\/p><\/div>\n<p>\t<b><center> 2) PRIMEIRO ENCONTRO DOS FILHOS DE POPOFF \u2013 2017. <\/center><\/b><\/p>\n<div style=\"width: 610px\" class=\"wp-caption aligncenter\"><img loading=\"lazy\" src=\"https:\/\/lh3.googleusercontent.com\/Sqyo_eZ8puS2atLpp-wV_3_SXaeqzNgtI_ptdBXDj8g6yCFLOZpGUJGuA4jEI9PeynQG4Jsp_3dDE6s7QzsDBxltyFMPS2XdNjPET5KGi04GDiceHHcYZOrJEQDu4n9J8MGfi7NW6bYd6mQkgzPY88ZhJqrWYeC0SX_aUReyxks8b207t1J3i-rj1Dg-TfCBIlRzdZLBlLJe7bv697jx2LC4wS4PKMcdapCqH7MU3_6lYfOIJSaB4WaMNVhatCO-qSeqyIBRwCrtr4urJsr1nxUUViEN1PDVHNpJz7r1HEE2-Z7F9N8o-z803lfkgtPIKLA1RBfP-CjNWif_6DdwVbktGnxFy7RAkUrRRDj_QUDRluqD5vcCi-T3wZACfJBXYQxsdU9SsSUq-PK5t8edLS7herNrVKZ8WUPHGH1iGE8JktOhnWtOgdWYbW4bWJpcYowk-k4nhJp_4cfkypHX362Z66WeZBbVOoDz3DYbaP-AUpUJLkTWDX8ZOe1pzCnfyqyDrZBuEb5laRZYO6fWO_ueVFODHD_6XD3bA3dPupT7xTvLehZkcHBdKJZ5_k-x2m8n5eDXbB1V8lslYMIr01O2sJtwhKCZvoNSp-IYO_fkPAt_Fi_RJw=w600-h500-no\" width=\"600\" height=\"500\" class=\"size-full\" \/><p class=\"wp-caption-text\"><i>Aconteceu no \u00faltimo s\u00e1bado de Carnaval Antecipado de ILH\u00c9US (18-02-2017) no CLUBE SOCIAL DE ILH\u00c9US as partir das 13 horas, O 1\u00ba ENCONTRO DOS FILHOS DO BAR\u00c3O DE POPOFF 2017. <\/i><\/p><\/div>\n<div style=\"width: 610px\" class=\"wp-caption aligncenter\"><img loading=\"lazy\" src=\"https:\/\/lh3.googleusercontent.com\/6eyfg9zpbaski0CBSDFsyg71KHyg5FlTolEpsLT9IKBm9aJhAr1eM7WWauCEFOaNV03avjbvRc0wwKM0oFbkYuPrWtyk9BYccFksVdElBuCygS0XVpG14ZZ_yt4AgbNFxU43_fZChSqJKJ5YDcbXDmoWqTnh-p4Kh1Yye4vRNFNZYVaI18hAmS8MkxNUzLEf4VJMGkZM9llXOxnfIhycZTcvoewrLb7Q1YV4zJNfs4eRokRnCpmsEqKn8VZ8OpfuWf66x2kjAq1ulHyRVQZrdqFV6Si1hNDhWe0qg_8HUf3PbUtbiaFyyZsNKe_94mOp3-mhDuJjgaPWOxW8VVNSIhKb6MgjS5QLkNb88JoZHgek28kDFtzY-yNoBEbiGR5664dcPssdNvMOq9MD4cUS9a7yKoETDPDSZPBxD4EwOiX42a4RaW4d9bh8t_atnE9kbS9gXF7iOeWHRXLJfl3_QqXGkJ_aDNBNBzTYj-3SQqN8FlT8oZYl4tcyDe_K7cLT1CRqfkZoxz1W0AjlIWBEiRpLxiOkc9CNpfmFKjjRt5cjNCnlGYyJd3uvrh81CAMQpcDCTVz4Z26tvVKEHb7AoFa-zzRyag3zb8ipTmKbkbk2SgePZ0AsXw=w600-h500-no\" width=\"600\" height=\"500\" class=\"size-full\" \/><p class=\"wp-caption-text\"><i>JOS\u00c9 LEITE e DENISE KRUSCHEWSKY, esposa do saudoso POPOFF, no CLUBE SOCIAL DE ILH\u00c9US. (18-02-2017). <\/i><\/p><\/div>\n<div style=\"width: 610px\" class=\"wp-caption aligncenter\"><img loading=\"lazy\" src=\"https:\/\/lh3.googleusercontent.com\/2-HQuJxfmkJdEYXd37FXNQD_vXdIWMLjaxCxPEalaVQcuq0kMypl073-yzAzxO8gzN2GzPsDyRmpL88D9Ufcsw9rpRbaKoZeVZ8jn5Xz0_LjjIOAFBpYj28LRwK4k994wVt2L3AwOZwokshRFkzhzMYm0P-JXU_wkB39cRAftfNteDGvXlVG5_FwLR1yfjnJBtQZj9m8exbEpj-PKwxCmix75xO899-UvKc1FFhKD65YHmc59JrSwY2CmiCJpS0vbcfnm1Zj1qNuvE4xmFFX7V9aicjeHwyyVkK1AMo3sOk7mUJhdMN7XVB4_vxL0thUXYroyaNrcgqRU5WDdf4trQzhcqcLGs1-wTGMEqNyxxg2-0TQiHHwrwZ1Fd09dQ0L3knJi57r-qQfrrxJKF_MX4sTejCbEf7UNvTrgEixicqXv52aOtht1SRqRxwb9J6WsrKx-IojwwFellpsovAG5q9_zqXna2AlQrpcnlWx0SiTQxQi5ha-V5tDacQORegUNTiC_99WLW71TG-bZsa0jrzxER6jBOtWQJiyvYbUBKwm-3E7cfT5ry8GwdDy1jDjwq3XtnkdpjHCCOkh0tXDChw94E6hMJeDm7apdGxBr3UgQne75dRSeA=w600-h500-no\" width=\"600\" height=\"500\" class=\"size-full\" \/><p class=\"wp-caption-text\"><i>JOS\u00c9 LEITE, MAURO (filho de POPOFF) E OUTRO AMIGO. A festa foi s\u00f3 alegria, do jeito que POPOFF gostava. <\/i><\/p><\/div>\n<div style=\"width: 610px\" class=\"wp-caption aligncenter\"><img loading=\"lazy\" src=\"https:\/\/lh3.googleusercontent.com\/Au1yWC_tmY1b8oaMChdfEWqqbKx4tPmDyW6BPXkwwplKG0k9tQAdWbDKDyjVG5VkoZxk5p3BylWfiiy4n9guAntS9i1XPaNlchsKALv4dwtF98AGCabFe6-WOUdoIRhEUgk29pnmmtR3LosZ3O0WVCsewkZFpkEQA7r7NaeC0kBTrpw5bcz2W4_A-m2rSJD2m4G6wT9UMKJmMV9rtoKt38EnM1PRWdq8Ge5xOJrUzyjBCWQqoageQyQFjcWXqx_PhcthXECbQTNknsDhaExbpL03OZflgQNp24YIH1QdWv_oruP-GG1dY0p1sAUhZ5YpEsnI-zLMPQCgg0MyI1Ng0XX0_aJuhK_qdLzUeOpFeEt3K1SPKOaTR22enLqxi8lcyO-9HJG845d5UmR_JwMTeGrkaweAi9MqwB_Zy4dPOyqfZBSKt0Zz8rfSDmIKFe0TRJ_evuGceB0NKTPyrRU9Bs81gWJ3C8gX72JS-zUFoQosV6t8P_ltA1E-ENVDKnwktqt9IvWiVK8a7Gl3XrgXN-8mL1Nilqc49tj6jZ97Vr-Eojag72OAgqeUuttnLk24IppKMs0sKOf_LiAK_-PIPbxUkmEd2M7knqqzwqAcej4MQI3JwKjt4A=w600-h500-no\" width=\"600\" height=\"500\" class=\"size-full\" \/><p class=\"wp-caption-text\"><i>AMIGOS DE POPOFF. Destaque para EDMUNDO FREITAS (camisa aberta), um dos mais alegres da festa. <\/i><\/p><\/div>\n<div style=\"width: 610px\" class=\"wp-caption aligncenter\"><img loading=\"lazy\" src=\"https:\/\/lh3.googleusercontent.com\/P9KIq59vWsRpA9G1VGqdDYYIKmWZkxWXsc8ZuwGSWraeQkCBDcBHvvUSkdc-KY11bo7vVDN-_K7EuG8MqD8gituTJmdIlUj_zwzctqkrBRzc8HPNpXlLa9y80u29UrhmaYmZ6fnlFB7LMynI5tFyTLa9lOY1iOwXLs2N5-YLzec3jHvKY5nOjMYfu6ymV_L_qz-VfKQakUvFa1AFYpNzYyAi5GSvxnGp2VdASgAVV1c14g_iC4pGrQfoU9KCVRdX-NFbbDZmuVhxkLMPLw2mdPpAEIyKb1jBE3i6c-lk8x9tXI9Pfd8gg03qNzXU-eObd4FHK0jkRWnZxdq6vjKHBMyW14VKmQrWIDTzLLMb9R_-uUun5LhBT7k7Hg_MIWoXd3z1fYKqkFET_4QLeZ8Zrewdxn7k3p4XDUPioy4W_6CReCkHiEsmMDMr_McJR81aZ_mnY0W7jngee2uWVA3TPxmW6FmzMjYOQzXKsLLaXDkh1u_cx-IQQI694MWhRSTOsRo5GmMRw_lostUrJzRL0xvqkqiM0RStkVRIjL_dI4bgrI-2v6erhieZxIgdlg8uRmjd0-2PkpsEmYHd-n65wqjtU4alYD7DoqTCtwEXL6nYVbJQOI9_ig=w600-h500-no\" width=\"600\" height=\"500\" class=\"size-full\" \/><p class=\"wp-caption-text\"><i>Na foto, Dr. ANT\u00d4NIO RABAT, RUI DI\u00d3GENES, JOS\u00c9 LEITE E RENATO DINIZ. <\/i><\/p><\/div>\n<div style=\"width: 610px\" class=\"wp-caption aligncenter\"><img loading=\"lazy\" src=\"https:\/\/lh3.googleusercontent.com\/j2Xdd_YB3ui33c-K6xBcK8dmi1c4IgBOGiCaZ4Rz-hjcLEaf22mRFFASgs_Y8dVdaLAoV2ehTzsyvFopWqG4FxsuwDhL35VFtaIY_unIEMryvPSV3noYWxh9Xr2nTUCPJK6p_sZQeI6j_kImLhIWLsWlZ3sdm1MNtPzyNaFzaJJ-DgUXUFsWbAW4U-ik-kPdesAOyrFCIERhYQKR1u6TLmKMT9TwbySaS6qaCzWM29kKqUYAon7yuhBXoiwUJ0F5VTTpSkoQtmQ5DVaFuJY7W-bc7EX4GpjesT5TpgNEnLKQ4HbGxO7RRCzdgZqvYt5uWnLpywmZ6cNYh3nRx4fWaJi-zkzrQgltlxzo29n1lgIDCEeEWRwLmgtSwno4FNU8b6KDV_2JDvn12rJ-uUAwq8ex1nmmCiXriNOMw5d8rL_FBdNa7uqKdbl8C5GF_FX0im_eHB4xLsCzWQaq0wbL6Rfs2ifuj4m_1aqj21qh3HjAxA0nSfLcswHu4vL06j54EoOEac0zrA8mKYSW87VUDqryXuVo9muFetQ96mDNDiKaNwoTAueFNsQ5itmfKDQTbpdzthX_pOy7gR1RxYyFoMtynUBmjhr-yE5DZYa2hkR5lwXDedsIlw=w600-h500-no\" width=\"600\" height=\"500\" class=\"size-full\" \/><p class=\"wp-caption-text\"><i>Os \u201cFILHOS\u201d de POPOFF prometem que no pr\u00f3ximo CARNAVAL 2018 v\u00e3o desfilar na AVENIDA. <\/i><\/p><\/div>\n<div style=\"width: 610px\" class=\"wp-caption aligncenter\"><img loading=\"lazy\" src=\"https:\/\/lh3.googleusercontent.com\/PH2hsGESxX4vDDU12ZnVYlQOPgWyWWpg7VBrQ-QOJgaaPzUwneGSMOde-gKx-Wc-Eqzt1CWr__ZZj9IpENzYa8CdzlRbROW9zYiS10PFOkqQtSrLgLRY_5i7n2KUPaOP1hGX3y6aX2Rd-ugMl8PNbZuNiInrr7EaeFoKK0USrCNedk-MuKgGq_aB01lH1CgteZKWRn9ahefuoWzwAO3bl7VJ6TxCen3lV4-Kbb3eKQZZFeB2VfHnkdufLFs6Kln46VSSGsEqEAl-5Hxq5ZJFgGN30LZlFPvzCnCy_00kFvhF6aYY4ixV_WvpL1TpjsdK8kyQlMK0GGkB8kXJy8bH7pLgoKmd03mMmmIzejggzSCq4cK7Mis3mxm4c6KUw110olCt1g4sfJvbMiyGk3fGCHuguYRVrb4zTOkCnd7jLJGnFMTbKc8QdMKG-ea_rd1WxwOuRAU9iIIujnnkc8IEg2meWqAhd3-109h5nINw4xh8m4wHlvbV9PbVHO1_WPq-N61w3Y1l7-MKB09Tdts3KWe0vTd7QstqAQGyeTeGcrKJDrJM8bnTEjQLp5H80rIHDLI7Osj5fO4C25s1lOb_fFUfuABfR5EdI1FYp0bajrbD_2pX2EUKfA=w600-h500-no\" width=\"600\" height=\"500\" class=\"size-full\" \/><p class=\"wp-caption-text\"><i>\u00c1rea externa do CLUBE SOCIAL DE ILH\u00c9US completamente LOTADA, foram quase 200 pessoas presentes no 1\u00ba ENCONTRO DOS \u201cFILHOS\u201d DE POPOFF. <\/i><\/p><\/div>\n<p>\t<b><center> 3) AS FOTOS DESTAQUES DA SEMANA. <\/center><\/b><\/p>\n<div style=\"width: 610px\" class=\"wp-caption aligncenter\"><img loading=\"lazy\" src=\"https:\/\/lh3.googleusercontent.com\/Cig2p0cxuQwJz1MAlpmn8KU6fY_geesHr4EHIxU7joD8m5gU_JXQPyaTb1O7rkBjVmOfaA4WKi33HIICUmJq3yFLObZsYcvfXB2D3Lfk94CUVMlXrOQCTtkgPmID19G_VLhxEkw65yBR_m7UEvzFu5nb83ZlxBVo1uSB5k6VaxQ89FV7itIOsBTFIpRTvNGOiuwp2pKr8aHsLjKvsxG4ui6l6ff4-ja2Tklo4A0lXSdjH-hekG5GYa29VA9r2XCd9_X5d29OguD0wpy2czLXLBQX2-YRPFIQq73Jjr_LCHABtEnHWsYkmlN2pK1WMHxjucqTFbsk_fmacupaYfonEruPdSYXJz-pnHYAao6ND1NP_TQhS9yZMxzj8mpSec28atCFy6xgxSxRzTR3gxtJfjBWc2SfEeVrb1kbQmNa5g1A0luEV-pUDpzt-gcc2dWC3ml4h0jg2xEdiqW9uobTU3FfwrNK7ibF5g1fc2z50kH08H-3oTAc_EXbtA9T5KJHffDiU139ntkH40v7Obz89xGV2WYyL-9GGMqTJZdgbnxCaLdokOUZafGHWsMBmvcfghC7Xww0LtjFPZrc54QgQznzs2C1-8rq05vt-2Fkl1ro2XTiFDVEVA=w600-h500-no\" width=\"600\" height=\"500\" class=\"size-full\" \/><p class=\"wp-caption-text\"><i>O CARNAVAL DOS RM acontece nesse s\u00e1bado (25-02-2017) no Largo da BARRAK\u00cdTICA a partir das 12 horas. O 13\u00baANO DE FOLIA DOS RM (ROLA MURCHA), ESSE VAI SER BOM! <\/i><\/p><\/div>\n<div style=\"width: 610px\" class=\"wp-caption aligncenter\"><img loading=\"lazy\" src=\"https:\/\/lh3.googleusercontent.com\/Yf-kL_M3Th1o--CqtD2NzjiA3Gl_FNutUHMVI9Pe0ZokbcTn4S2q2aEUZY2pnBHOKwiGrCgn6NKsb5yFuDBY7YSNOnBPInVUYQNiTqW6tFe3OVOfc1gi4Hr64kYMO4C7fMorjo-HUblqCPhf_ilmbm4L36Rw-dJ4qavcW7BPxbUJllCDurb1FSQTJBF0Gzts3KVhcwOJ0rERXvRYYBbnVAh71vpGv1IZJzcItMwQkb8QDDfujOy46lBgIHLMftI4OiFtnugHUeAq_GpKO1ggcWEbFk6ay7QbAnhiiHwjE4EMOa1lTG2DS-Puxo7PYRX334gve5t3hLP8duiFZ8LE0ElpSF49Lv_gmF3rNvMyuWO1xwPcdT6LTx5yblWesLF0SYNqUKeeM6jjWVyFlRhKKskVFRvS3ZN_AyyRcK7Bfw5b5qvKcSUacoOGELZ5I2oRczV8EUw07tFIBpcNZ0Ac6VJzQDi7JbJ-Wl6czBTjuhjsVFjzKObLlYlQh8bjogoa7-4kI79pSE1FU-dSYSFMaWPjagCjKgNcDgEu-NCOyHSAWKkhimTI3j5y-8ng8ZKXlCQSYch0KNZYECkIK5ktCCT73EG1zVR_JndgifKBLHhtKE-Qhq7HQQ=w600-h500-no\" width=\"600\" height=\"500\" class=\"size-full\" \/><p class=\"wp-caption-text\"><i>O homenageado desse ano pelos RM (ROLA MURCHA) \u00e9 o saudoso ALO\u00cdSIO SANTOS SILVA. ALO\u00cdSIO foi um grande RM de destaque. Na foto, ALO\u00cdSIO SANTOS e JOS\u00c9 LEITE. <\/i><\/p><\/div>\n<div style=\"width: 610px\" class=\"wp-caption aligncenter\"><img loading=\"lazy\" src=\"https:\/\/lh3.googleusercontent.com\/zQX5aTVxoWcIE22Ml2Oc27ADh1GpKlh9cfXGL1QaF2OQ40dxEzuX93yiqFoJvCK5v4_qFFbyW54URCat_IiCtnWZSmZow8Ofe9pV4T0mgKDS9fWkMriMtqKP5Fus8o5Uf1R_bxlLBrjgW24f7-2mk7utPQ_n184ld1-_xgRjhtDW7wme62tI5jCrYNXh-fax9Hlu7u7ku_3USBdQX6MZKplJdhEE-QVTODi4tQu_yt0z1beXVWRCsAinKMy4hxxnhPJNCr1rJZbmFj9IA2_ytQCj25vBporUn37GQUfoOo1537Nfp5axOa5N2UgQLsCuftBSpOIL14yNrXQ59Vld0G-XCr6B8KlWiJHGaCS5Yt1BBsyBnHO6-rqtk4OiuXeBtkIDL_b7n7b0Jc5tSD_KGi5uedVP5vLwulHZ6Xk0SSWgdOgTaay9bgvtFjn8LkE_sY3fmdfQjAouftQd28_X3D5IBntd-Laq9-JISsOF_MZJge0t-DiHI8BSkoGvefIhVsa0tm26Pv2kBCbcLtyMjdTMGPKpGaMpqmKDcxYG_PveMFJaJSAXYLTuuZUT4cePhBFOsRREscrtu9-p7jdJEg0eZ4Bj6pn1TzPbozGfKjWIG7UUG3eCnQ=w600-h500-no\" width=\"600\" height=\"500\" class=\"size-full\" \/><p class=\"wp-caption-text\"><i>Essa Rua (foto) est\u00e1 localizada no ALTO DA BOA VISTA (PACHECO), subindo a Rua ao lado do POSTO BRASIL na Avenida ITABUNA. \u00c9 a primeira Travessa do lado esquerdo. Algumas pessoas amigas t\u00eam resid\u00eancia nessa Rua, como o advogado EDUARDO MELO, Dr. ADALBERTO FIGUEIREDO (m\u00e9dico), Dr. ANT\u00d4NIO COSTA ZUGAIB (CEPLAC), EUJ\u00c1CIO SILVA (farmac\u00eautico) e outros conhecidos. (Foto: 12-02-2017). <\/i><\/p><\/div>\n<div style=\"width: 610px\" class=\"wp-caption aligncenter\"><img loading=\"lazy\" src=\"https:\/\/lh3.googleusercontent.com\/yp2XW60cWjSM1tuMw6oRreCJm1oRJXTPKpReO_niUmVsh1-ybYLFHZmMcnHwWzfrhcjcqePOqeplgB2ALbK5WMjoGUF36qQjilMzCy-EmcU_SHRDkl3xFRjRkFMMy6UICnEsoiqjMa37k94nM6QG9YL1iQIRk0_oQ4oiUqxiWQ0MTUDSsa1uJLkdvos4lLqlGRbjB4KbPCxx7hLiCl_M5gE7CdzmvkdOhR5dwqRQzY2GvAqmHzW9y33_5AbD4IlgzcpD-Y7xGPEsoDr2FmJkVQ3ciWZujDR1AMlPRtak7I8nDgHE_oMsWG8xfvesePogATErKHsnibZtgDUh1PDuJHZF5Wk6V4iZGggbOVjQ9nHEmVm66gYoYQyb4TPweksqTEiJ7tn2iNuzYrslMg3ywxwJl1LJjm2YO5LYAFu_57b9KHTYRNnTMYMxgRNMOrLb9O9ckdtj3FwUgdUABVuF7xGUUNac0750J_zdaOVB4UyVpk8vCykoyQgRJpHFU0jcmwxqY-CpeaA0erv3z9tN0xDExUPqzT6Qxwcr0tMFADECTNrgTizWNeooqbjNbXQHAl0eBr_qSHwmVmAtnYwAVdLL_X5cGWA4k6-UkQZKKJ3y8LOR6MCJhg=w600-h500-no\" width=\"600\" height=\"500\" class=\"size-full\" \/><p class=\"wp-caption-text\"><i>Numa conversa com o amigo e Vice Prefeito de ILH\u00c9US, JOS\u00c9 NAZAL para saber das possibilidades daquela Rua ser CAL\u00c7ADA com Paralelos ou Asfalto, ele respondeu: \u201cAQUELA RUA, AT\u00c9 O FINAL DESSE GOVERNO, RECEBER\u00c1 ESSE MELHORAMENTO, \u00c9 UMA QUEST\u00c3O DE HONRA POR TR\u00caS MOTIVOS: O PRIMEIRO, \u00c9 UMA DAS POUCAS RUAS SEM CAL\u00c7AMENTO; SEGUNDO, TODOS OS SEUS MORADORES CONTRIBUEM PAGANDO O IPTU, SENDO UMA OBRIGA\u00c7\u00c3O DA PREFEITURA FAZER O SERVI\u00c7O; E TERCEIRO, A RUA TEM O NOME DA MINHA SAUDOSA M\u00c3E.\u201d PARAB\u00c9NS JOS\u00c9 NAZAL, OS MORADORES V\u00c3O ESPERAR! (Foto: 12-02-2017). <\/i><\/p><\/div>\n<p><b><center> E NO MAIS&#8230; <\/center><\/b><\/p>\n<div style=\"width: 536px\" class=\"wp-caption aligncenter\"><img loading=\"lazy\" src=\"https:\/\/lh3.googleusercontent.com\/EgWAcXHgnBzONcvDcnUQBChcaS451kzSnnWZl8Lli-1yJP2likZ0HrQIuHWb3PfvdtFe3abD489Jzy60czGCTh8dLdKEd7XCOGkDD0VHZxFsPQPQ5UV06IYX6gzvi0ohaews-REIgqqrtwHqWTC2BitAJ7fX93Zz7MQXnDBARBVN_PYf29aDMdKqstKyYn0BnHXiELPAQg23JypvpcgbdKe9kcdjd2fV4jeXFpzpgLOnsK-Lg8iT-adeLU0vY5fpUPnyANlOzm6zLsM3QZZZ0KKqU9hHn4ts9Zl4DKsddJ0e8O6mKfO_9zgf21COB3Pv1xjr96hHIdcq_NwkE5L5A59ITmPepYRHnSKJhettbXMhnS11v88mpVzw5TFN-ZNwmuldCkJzf0g6CSKwNwIDTHpf9E4sjVM2ayDf5kiPk5bTqpMjZoXRVZmG3sD885u2ReJraJcseKWeVJuItAPWN57yiL6U7q9p2DioNLCZkmEPIleZdnn-Qev_rbGdhBtKAv7RmBrgSAjIJsYLrm8dtUsemO6fT4JJqiJkwtgU_kbXgKMEa6YaP4L5BckbtETCH_XhJ1erGctV55CBM6NsamLA69-a4y0QRpUU9x-MRtEhl6hftj4-3g=w526-h394-no\" width=\"526\" height=\"394\" class=\"size-full\" \/><p class=\"wp-caption-text\"><i>Nossa homenagem de hoje \u00e9 para o saudoso amigo POPOFF, foi um grande apaixonado por ILH\u00c9US, como JOS\u00c9 LEITE tamb\u00e9m \u00e9! <\/i><\/p><\/div>\n<p>&#8212;<br \/>\n<span style=\"color: blue;\"><b>Para ver o BA\u00da da semana passada clique<\/b><a href=\"http:\/\/www.r2cpress.com.br\/v1\/2017\/02\/17\/do-fundo-do-bau-de-jose-leite-274\/\" target=\"_news\"><b> AQUI.<\/b><\/a><\/span><\/p>\n<p>&#8212;<br \/>\nTexto e fotos: Jos\u00e9 Leite de Souza<br \/>\njleitesouza@hotmail.com<br \/>\n(73) 3634-3134<\/p>\n","protected":false},"excerpt":{"rendered":"<p>1) PARAB\u00c9NS A GLORIOSA POL\u00cdCIA MILITAR DA BAHIA. 2) 1\u00ba ENCONTRO DOS FILHOS DO BAR\u00c3O DE POPOFF \u2013 2017. 3) AS FOTOS DESTAQUES DA SEMANA.<\/p>\n","protected":false},"author":2,"featured_media":0,"comment_status":"open","ping_status":"open","sticky":false,"template":"","format":"standard","meta":{"_links_to":"","_links_to_target":""},"categories":[10],"tags":[],"_links":{"self":[{"href":"https:\/\/www.r2cpress.com.br\/v1\/wp-json\/wp\/v2\/posts\/107164"}],"collection":[{"href":"https:\/\/www.r2cpress.com.br\/v1\/wp-json\/wp\/v2\/posts"}],"about":[{"href":"https:\/\/www.r2cpress.com.br\/v1\/wp-json\/wp\/v2\/types\/post"}],"author":[{"embeddable":true,"href":"https:\/\/www.r2cpress.com.br\/v1\/wp-json\/wp\/v2\/users\/2"}],"replies":[{"embeddable":true,"href":"https:\/\/www.r2cpress.com.br\/v1\/wp-json\/wp\/v2\/comments?post=107164"}],"version-history":[{"count":5,"href":"https:\/\/www.r2cpress.com.br\/v1\/wp-json\/wp\/v2\/posts\/107164\/revisions"}],"predecessor-version":[{"id":107169,"href":"https:\/\/www.r2cpress.com.br\/v1\/wp-json\/wp\/v2\/posts\/107164\/revisions\/107169"}],"wp:attachment":[{"href":"https:\/\/www.r2cpress.com.br\/v1\/wp-json\/wp\/v2\/media?parent=107164"}],"wp:term":[{"taxonomy":"category","embeddable":true,"href":"https:\/\/www.r2cpress.com.br\/v1\/wp-json\/wp\/v2\/categories?post=107164"},{"taxonomy":"post_tag","embeddable":true,"href":"https:\/\/www.r2cpress.com.br\/v1\/wp-json\/wp\/v2\/tags?post=107164"}],"curies":[{"name":"wp","href":"https:\/\/api.w.org\/{rel}","templated":true}]}}