{"id":107170,"date":"2017-02-24T01:35:34","date_gmt":"2017-02-24T04:35:34","guid":{"rendered":"http:\/\/www.r2cpress.com.br\/v1\/?p=107170"},"modified":"2017-02-24T01:35:34","modified_gmt":"2017-02-24T04:35:34","slug":"no-gotas-de-paz-836","status":"publish","type":"post","link":"https:\/\/www.r2cpress.com.br\/v1\/2017\/02\/24\/no-gotas-de-paz-836\/","title":{"rendered":"No GOTAS DE PAZ"},"content":{"rendered":"<h1 class=\"entry-title post-title\" style=\"text-align: center;\"><span style=\"color: #0000ff;\"><strong>ORA\u00c7\u00c3O E A\u00c7\u00c3O<\/strong><\/span><\/h1>\n<div class=\"fb-quote fb_iframe_widget\"><\/div>\n<article>\n<div class=\"st-format-standard-holder\">H\u00e1 pessoas que dizem que oram o tempo todo pelo mundo. Pensam que orar \u00e9 o suficiente. Assim, apenas oram e sentem que cumpriram um dever, no comodismo do seu lar. Orar \u00e9 preciso, mas de a\u00e7\u00e3o tamb\u00e9m necessitamos. A ora\u00e7\u00e3o nos d\u00e1 for\u00e7a e coragem para agirmos.\u00a0 Deus espera de n\u00f3s a ora\u00e7\u00e3o e a a\u00e7\u00e3o. S\u00e3o muitos os necessitados de alimento para o corpo f\u00edsico e para a alma. Se pudermos ajudar, n\u00e3o nos escusemos de prestar o nosso aux\u00edlio. Estamos aqui, neste mundo, para nos ajudarmos uns aos outros e aprendermos que somos parte do Universo. Cada um de n\u00f3s \u00e9 uma pe\u00e7a dentro do Universo. Oremos e trabalhemos pelo bem comum. Coloquemos em pr\u00e1tica o nosso conhecimento e as nossas virtudes. Virtude sem a\u00e7\u00e3o perde o sentido e o valor. A a\u00e7\u00e3o e o trabalho de aux\u00edlio aos necessitados nos ajudam a crescer e a evoluir como esp\u00edritos que somos.\u00a0 Sigamos com \u00e2nimo, coragem, esperan\u00e7a e f\u00e9. Jesus est\u00e1 conosco!<\/div>\n<div class=\"st-format-standard-holder\"><em><strong><span style=\"color: #0000ff;\">https:\/\/www.gotasdepaz.com.br\/oracao-e-acao\/<\/span><\/strong><\/em><\/div>\n<div id=\"article\">\n<div class=\"clear\"><strong>\u00a0<\/strong><\/div>\n<\/div>\n<div id=\"post-after\"><strong>\u00a0<\/strong><\/div>\n<\/article>\n","protected":false},"excerpt":{"rendered":"<p>ORA\u00c7\u00c3O E A\u00c7\u00c3O H\u00e1 pessoas que dizem que oram o tempo todo pelo mundo. Pensam que orar \u00e9 o suficiente. Assim, apenas oram e sentem que cumpriram um dever, no comodismo do seu lar. Orar \u00e9 preciso, mas de a\u00e7\u00e3o tamb\u00e9m necessitamos. A ora\u00e7\u00e3o nos d\u00e1 for\u00e7a e coragem para agirmos.\u00a0 Deus espera de n\u00f3s [&hellip;]<\/p>\n","protected":false},"author":2,"featured_media":0,"comment_status":"open","ping_status":"open","sticky":false,"template":"","format":"standard","meta":{"_links_to":"","_links_to_target":""},"categories":[17],"tags":[],"_links":{"self":[{"href":"https:\/\/www.r2cpress.com.br\/v1\/wp-json\/wp\/v2\/posts\/107170"}],"collection":[{"href":"https:\/\/www.r2cpress.com.br\/v1\/wp-json\/wp\/v2\/posts"}],"about":[{"href":"https:\/\/www.r2cpress.com.br\/v1\/wp-json\/wp\/v2\/types\/post"}],"author":[{"embeddable":true,"href":"https:\/\/www.r2cpress.com.br\/v1\/wp-json\/wp\/v2\/users\/2"}],"replies":[{"embeddable":true,"href":"https:\/\/www.r2cpress.com.br\/v1\/wp-json\/wp\/v2\/comments?post=107170"}],"version-history":[{"count":1,"href":"https:\/\/www.r2cpress.com.br\/v1\/wp-json\/wp\/v2\/posts\/107170\/revisions"}],"predecessor-version":[{"id":107171,"href":"https:\/\/www.r2cpress.com.br\/v1\/wp-json\/wp\/v2\/posts\/107170\/revisions\/107171"}],"wp:attachment":[{"href":"https:\/\/www.r2cpress.com.br\/v1\/wp-json\/wp\/v2\/media?parent=107170"}],"wp:term":[{"taxonomy":"category","embeddable":true,"href":"https:\/\/www.r2cpress.com.br\/v1\/wp-json\/wp\/v2\/categories?post=107170"},{"taxonomy":"post_tag","embeddable":true,"href":"https:\/\/www.r2cpress.com.br\/v1\/wp-json\/wp\/v2\/tags?post=107170"}],"curies":[{"name":"wp","href":"https:\/\/api.w.org\/{rel}","templated":true}]}}