{"id":107172,"date":"2017-02-24T14:17:11","date_gmt":"2017-02-24T17:17:11","guid":{"rendered":"http:\/\/www.r2cpress.com.br\/v1\/?p=107172"},"modified":"2017-02-24T14:21:33","modified_gmt":"2017-02-24T17:21:33","slug":"projeto-ambiental-sera-implantado-em-escolas-rurais-de-ilheus","status":"publish","type":"post","link":"https:\/\/www.r2cpress.com.br\/v1\/2017\/02\/24\/projeto-ambiental-sera-implantado-em-escolas-rurais-de-ilheus\/","title":{"rendered":"Projeto ambiental ser\u00e1 implantado  em escolas rurais de Ilh\u00e9us"},"content":{"rendered":"<p><div id=\"attachment_107174\" style=\"width: 320px\" class=\"wp-caption alignleft\"><a href=\"http:\/\/www.r2cpress.com.br\/v1\/wp-content\/uploads\/2017\/02\/Projeto-ambiental-ser\u00e1-implantado-em-escolas-da-zona-rural-de-Ilh\u00e9us.jpeg\"><img aria-describedby=\"caption-attachment-107174\" loading=\"lazy\" src=\"http:\/\/www.r2cpress.com.br\/v1\/wp-content\/uploads\/2017\/02\/Projeto-ambiental-ser\u00e1-implantado-em-escolas-da-zona-rural-de-Ilh\u00e9us.jpeg\" alt=\"\" width=\"310\" height=\"174\" class=\"size-full wp-image-107174\" srcset=\"https:\/\/www.r2cpress.com.br\/v1\/wp-content\/uploads\/2017\/02\/Projeto-ambiental-ser\u00e1-implantado-em-escolas-da-zona-rural-de-Ilh\u00e9us.jpeg 310w, https:\/\/www.r2cpress.com.br\/v1\/wp-content\/uploads\/2017\/02\/Projeto-ambiental-ser\u00e1-implantado-em-escolas-da-zona-rural-de-Ilh\u00e9us-300x168.jpeg 300w\" sizes=\"(max-width: 310px) 100vw, 310px\" \/><\/a><p id=\"caption-attachment-107174\" class=\"wp-caption-text\">Projeto ambiental ser\u00e1 implantado em escolas da zona rural de Ilh\u00e9us<\/p><\/div>Escolas da rede municipal de ensino de Ilh\u00e9us, situadas na zona rural, ser\u00e3o beneficiadas com a implanta\u00e7\u00e3o do Projeto Despertar, cujo objetivo  \u00e9 estimular pr\u00e1ticas de consci\u00eancia ambiental entre os estudantes dessas localidades. O conv\u00eanio que viabiliza essa a\u00e7\u00e3o foi assinado esta semana, em Salvador, pela secret\u00e1ria de Educa\u00e7\u00e3o, Eliane Oliveira, que representou o prefeito M\u00e1rio Alexandre, na sede do Servi\u00e7o Nacional de Aprendizagem Rural (Senar). O ato contou com a presen\u00e7a da deputada estadual \u00c2ngela Souza.<\/p>\n<p>Al\u00e9m do Senar e da secretaria municipal de Educa\u00e7\u00e3o, o projeto contar\u00e1 tamb\u00e9m com a participa\u00e7\u00e3o institucional do Sindicato Rural de Ilh\u00e9us. Segundo a secret\u00e1ria Eliane Oliveira, o Projeto Despertar \u00e9 de grande import\u00e2ncia para fortalecer a educa\u00e7\u00e3o dos jovens e crian\u00e7as nas escolas dos distritos, a respeito da preserva\u00e7\u00e3o dos nossos rios, manejo dos res\u00edduos s\u00f3lidos e cuidados com o meio ambiente.<\/p>\n<p>Na opini\u00e3o da deputada \u00c2ngela Sousa, a implanta\u00e7\u00e3o do projeto nas comunidades rurais de Ilh\u00e9us \u00e9 uma forma de conscientizar e promover a educa\u00e7\u00e3o voltada para a responsabilidade social. &#8220;Despertar esses jovens para a consci\u00eancia ambiental \u00e9 uma forma de estimular a preserva\u00e7\u00e3o das pr\u00f3prias comunidades rurais, visto que atrav\u00e9s de pesquisas e estudos, eles podem observar as problem\u00e1ticas ou potencialidades de cada ambiente visando sempre o fortalecimento da agricultura local&#8221;, pontuou.<\/p>\n","protected":false},"excerpt":{"rendered":"<p>Escolas da rede municipal de ensino de Ilh\u00e9us, situadas na zona rural, ser\u00e3o beneficiadas com a implanta\u00e7\u00e3o do Projeto Despertar, cujo objetivo \u00e9 estimular pr\u00e1ticas de consci\u00eancia ambiental entre os estudantes dessas localidades. O conv\u00eanio que viabiliza essa a\u00e7\u00e3o foi assinado esta semana, em Salvador, pela secret\u00e1ria de Educa\u00e7\u00e3o, Eliane Oliveira, que representou o prefeito [&hellip;]<\/p>\n","protected":false},"author":2,"featured_media":0,"comment_status":"open","ping_status":"open","sticky":false,"template":"","format":"standard","meta":{"_links_to":"","_links_to_target":""},"categories":[6,23],"tags":[],"_links":{"self":[{"href":"https:\/\/www.r2cpress.com.br\/v1\/wp-json\/wp\/v2\/posts\/107172"}],"collection":[{"href":"https:\/\/www.r2cpress.com.br\/v1\/wp-json\/wp\/v2\/posts"}],"about":[{"href":"https:\/\/www.r2cpress.com.br\/v1\/wp-json\/wp\/v2\/types\/post"}],"author":[{"embeddable":true,"href":"https:\/\/www.r2cpress.com.br\/v1\/wp-json\/wp\/v2\/users\/2"}],"replies":[{"embeddable":true,"href":"https:\/\/www.r2cpress.com.br\/v1\/wp-json\/wp\/v2\/comments?post=107172"}],"version-history":[{"count":3,"href":"https:\/\/www.r2cpress.com.br\/v1\/wp-json\/wp\/v2\/posts\/107172\/revisions"}],"predecessor-version":[{"id":107176,"href":"https:\/\/www.r2cpress.com.br\/v1\/wp-json\/wp\/v2\/posts\/107172\/revisions\/107176"}],"wp:attachment":[{"href":"https:\/\/www.r2cpress.com.br\/v1\/wp-json\/wp\/v2\/media?parent=107172"}],"wp:term":[{"taxonomy":"category","embeddable":true,"href":"https:\/\/www.r2cpress.com.br\/v1\/wp-json\/wp\/v2\/categories?post=107172"},{"taxonomy":"post_tag","embeddable":true,"href":"https:\/\/www.r2cpress.com.br\/v1\/wp-json\/wp\/v2\/tags?post=107172"}],"curies":[{"name":"wp","href":"https:\/\/api.w.org\/{rel}","templated":true}]}}