{"id":107190,"date":"2017-02-24T20:45:51","date_gmt":"2017-02-24T23:45:51","guid":{"rendered":"http:\/\/www.r2cpress.com.br\/v1\/?p=107190"},"modified":"2017-02-24T20:45:51","modified_gmt":"2017-02-24T23:45:51","slug":"opus-dei-114","status":"publish","type":"post","link":"https:\/\/www.r2cpress.com.br\/v1\/2017\/02\/24\/opus-dei-114\/","title":{"rendered":"OPUS DEI"},"content":{"rendered":"<table border=\"0\" width=\"100%\" cellspacing=\"0\" cellpadding=\"0\" align=\"center\" bgcolor=\"#ffffff\">\n<tbody>\n<tr>\n<td valign=\"middle\" bgcolor=\"#efede7\" width=\"100%\" height=\"70\">\n<table border=\"0\" width=\"92%\" cellspacing=\"0\" cellpadding=\"0\" align=\"center\" bgcolor=\"#efede7\">\n<tbody>\n<tr>\n<td align=\"left\" valign=\"middle\" bgcolor=\"#efede7\" width=\"60%\"><a href=\"http:\/\/opusdei.us7.list-manage.com\/track\/click?u=1af5d7b530cb590152589eba5&amp;id=ce503b4519&amp;e=f88f8593e5\" target=\"_blank\" rel=\"noreferrer\"><img src=\"http:\/\/odnmedia.s3.amazonaws.com\/static\/images\/newsletter\/logo.gif\" alt=\"Opus Dei\" border=\"0\" \/><\/a><\/td>\n<td bgcolor=\"#efede7\" width=\"4%\"><\/td>\n<td align=\"right\" valign=\"middle\" bgcolor=\"#efede7\" width=\"36%\"><a href=\"http:\/\/opusdei.us7.list-manage.com\/track\/click?u=1af5d7b530cb590152589eba5&amp;id=8a925876a6&amp;e=f88f8593e5\" target=\"_blank\" rel=\"noreferrer\"><img src=\"http:\/\/odnmedia.s3.amazonaws.com\/static\/images\/newsletter\/facebook.gif\" alt=\"facebook\" border=\"0\" \/><\/a> <a href=\"http:\/\/opusdei.us7.list-manage1.com\/track\/click?u=1af5d7b530cb590152589eba5&amp;id=b6f74da22c&amp;e=f88f8593e5\" target=\"_blank\" rel=\"noreferrer\"><img src=\"http:\/\/odnmedia.s3.amazonaws.com\/static\/images\/newsletter\/twitter.gif\" alt=\"twitter\" border=\"0\" \/><\/a> <a href=\"http:\/\/opusdei.us7.list-manage.com\/track\/click?u=1af5d7b530cb590152589eba5&amp;id=45835f512d&amp;e=f88f8593e5\" target=\"_blank\" rel=\"noreferrer\"><img src=\"http:\/\/odnmedia.s3.amazonaws.com\/static\/images\/newsletter\/youtube.gif\" alt=\"youtube\" border=\"0\" \/><\/a> <a href=\"http:\/\/opusdei.us7.list-manage.com\/track\/click?u=1af5d7b530cb590152589eba5&amp;id=24a8f8d817&amp;e=f88f8593e5\" target=\"_blank\" rel=\"noreferrer\"><img src=\"http:\/\/odnmedia.s3.amazonaws.com\/static\/images\/newsletter\/flickr.gif\" alt=\"flickr\" border=\"0\" \/><\/a><\/td>\n<\/tr>\n<\/tbody>\n<\/table>\n<\/td>\n<\/tr>\n<tr>\n<td valign=\"top\" width=\"100%\">\n<table border=\"0\" width=\"92%\" cellspacing=\"0\" cellpadding=\"0\" align=\"center\">\n<tbody>\n<tr>\n<td valign=\"top\" width=\"100%\"><i>24 de Fevereiro de 2017<\/i><\/td>\n<\/tr>\n<tr>\n<td height=\"29\"><\/td>\n<\/tr>\n<tr>\n<td valign=\"top\" width=\"100%\">\n<table border=\"0\" width=\"100%\" cellspacing=\"0\" cellpadding=\"0\">\n<tbody>\n<tr>\n<td align=\"right\" valign=\"top\" width=\"30%\"><a href=\"http:\/\/opusdei.us7.list-manage.com\/track\/click?u=1af5d7b530cb590152589eba5&amp;id=f214db549e&amp;e=f88f8593e5\" target=\"_blank\" rel=\"noreferrer\"><img src=\"http:\/\/odnmedia.s3.amazonaws.com\/image\/modelo-600x370-3_20170224155014474626.png\" alt=\"\" width=\"96\" border=\"0\" \/><\/a><\/td>\n<td width=\"4%\"><\/td>\n<td valign=\"top\" width=\"66%\">\n<table border=\"0\" width=\"100%\" cellspacing=\"0\" cellpadding=\"0\">\n<tbody>\n<tr>\n<td valign=\"top\"><a href=\"http:\/\/opusdei.us7.list-manage.com\/track\/click?u=1af5d7b530cb590152589eba5&amp;id=691fc2b8d8&amp;e=f88f8593e5\" target=\"_blank\" rel=\"noreferrer\"><b>PAPA<\/b><\/a><\/td>\n<\/tr>\n<tr>\n<td valign=\"top\"><a href=\"http:\/\/opusdei.us7.list-manage.com\/track\/click?u=1af5d7b530cb590152589eba5&amp;id=945cda659c&amp;e=f88f8593e5\" target=\"_blank\" rel=\"noreferrer\"><b>Mensagem do Papa para Quaresma 2017<\/b><\/a><\/td>\n<\/tr>\n<tr>\n<td valign=\"top\">Publicamos a seguir o texto integral da Mensagem do Papa Francisco para a Quaresma 2017, sobre o tema &#8220;A Palavra \u00e9 um dom. O outro \u00e9 um dom&#8221;:<\/td>\n<\/tr>\n<\/tbody>\n<\/table>\n<\/td>\n<\/tr>\n<\/tbody>\n<\/table>\n<\/td>\n<\/tr>\n<tr>\n<td height=\"18\"><\/td>\n<\/tr>\n<tr>\n<td valign=\"top\" width=\"100%\">\n<table border=\"0\" width=\"100%\" cellspacing=\"0\" cellpadding=\"0\">\n<tbody>\n<tr>\n<td align=\"right\" valign=\"top\" width=\"30%\"><a href=\"http:\/\/opusdei.us7.list-manage.com\/track\/click?u=1af5d7b530cb590152589eba5&amp;id=b595b92d8f&amp;e=f88f8593e5\" target=\"_blank\" rel=\"noreferrer\"><img src=\"http:\/\/odnmedia.s3.amazonaws.com\/image\/diaconos2017_20170222213019576545.jpg\" alt=\"\" width=\"96\" border=\"0\" \/><\/a><\/td>\n<td width=\"4%\"><\/td>\n<td valign=\"top\" width=\"66%\">\n<table border=\"0\" width=\"100%\" cellspacing=\"0\" cellpadding=\"0\">\n<tbody>\n<tr>\n<td valign=\"top\"><a href=\"http:\/\/opusdei.us7.list-manage.com\/track\/click?u=1af5d7b530cb590152589eba5&amp;id=5c36847031&amp;e=f88f8593e5\" target=\"_blank\" rel=\"noreferrer\"><b>OPUS DEI<\/b><\/a><\/td>\n<\/tr>\n<tr>\n<td valign=\"top\"><a href=\"http:\/\/opusdei.us7.list-manage2.com\/track\/click?u=1af5d7b530cb590152589eba5&amp;id=ad7730497c&amp;e=f88f8593e5\" target=\"_blank\" rel=\"noreferrer\"><b>Ordena\u00e7\u00e3o de dois novos di\u00e1conos<\/b><\/a><\/td>\n<\/tr>\n<tr>\n<td valign=\"top\">Dois membros da Prelazia receber\u00e3o o diaconato no pr\u00f3ximo s\u00e1bado, 25 de fevereiro \u00e0s 16 horas na Par\u00f3quia de S\u00e3o Josemaria (Roma). Ser\u00e3o ordenados por Dom Juan Ignacio Arrieta, secret\u00e1rio do Pontif\u00edcio Conselho para os Textos Legislativos.<\/td>\n<\/tr>\n<\/tbody>\n<\/table>\n<\/td>\n<\/tr>\n<\/tbody>\n<\/table>\n<\/td>\n<\/tr>\n<tr>\n<td height=\"18\"><\/td>\n<\/tr>\n<tr>\n<td valign=\"top\" width=\"100%\">\n<table border=\"0\" width=\"100%\" cellspacing=\"0\" cellpadding=\"0\">\n<tbody>\n<tr>\n<td align=\"right\" valign=\"top\" width=\"30%\"><a href=\"http:\/\/opusdei.us7.list-manage1.com\/track\/click?u=1af5d7b530cb590152589eba5&amp;id=764dc06fe0&amp;e=f88f8593e5\" target=\"_blank\" rel=\"noreferrer\"><img src=\"http:\/\/odnmedia.s3.amazonaws.com\/image\/26925283690_4d02220245_k_20170113120053062422.jpg\" alt=\"\" width=\"96\" border=\"0\" \/><\/a><\/td>\n<td width=\"4%\"><\/td>\n<td valign=\"top\" width=\"66%\">\n<table border=\"0\" width=\"100%\" cellspacing=\"0\" cellpadding=\"0\">\n<tbody>\n<tr>\n<td valign=\"top\"><a href=\"http:\/\/opusdei.us7.list-manage.com\/track\/click?u=1af5d7b530cb590152589eba5&amp;id=c22613a997&amp;e=f88f8593e5\" target=\"_blank\" rel=\"noreferrer\"><b>ENSAIOS SOBRE TEMAS VARIADOS<\/b><\/a><\/td>\n<\/tr>\n<tr>\n<td valign=\"top\"><a href=\"http:\/\/opusdei.us7.list-manage.com\/track\/click?u=1af5d7b530cb590152589eba5&amp;id=0441cc02eb&amp;e=f88f8593e5\" target=\"_blank\" rel=\"noreferrer\"><b>A alma dan\u00e7a: cansa\u00e7o e descanso (II)<\/b><\/a><\/td>\n<\/tr>\n<tr>\n<td valign=\"top\">Senso comum, bom humor e abertura aos outros: seguindo esta pauta abordamos, nesta segunda parte, alguns aspectos do descanso, t\u00e3o necess\u00e1rio em nossa vida como o trabalho.<\/td>\n<\/tr>\n<\/tbody>\n<\/table>\n<\/td>\n<\/tr>\n<\/tbody>\n<\/table>\n<\/td>\n<\/tr>\n<tr>\n<td height=\"18\"><\/td>\n<\/tr>\n<tr>\n<td valign=\"top\" width=\"100%\">\n<table border=\"0\" width=\"100%\" cellspacing=\"0\" cellpadding=\"0\">\n<tbody>\n<tr>\n<td align=\"right\" valign=\"top\" width=\"30%\"><a href=\"http:\/\/opusdei.us7.list-manage.com\/track\/click?u=1af5d7b530cb590152589eba5&amp;id=62530dc267&amp;e=f88f8593e5\" target=\"_blank\" rel=\"noreferrer\"><img src=\"https:\/\/img.youtube.com\/vi\/tDOepsVfveA\/mqdefault.jpg\" alt=\"\" width=\"96\" border=\"0\" \/><\/a><\/td>\n<td width=\"4%\"><\/td>\n<td valign=\"top\" width=\"66%\">\n<table border=\"0\" width=\"100%\" cellspacing=\"0\" cellpadding=\"0\">\n<tbody>\n<tr>\n<td valign=\"top\"><a href=\"http:\/\/opusdei.us7.list-manage1.com\/track\/click?u=1af5d7b530cb590152589eba5&amp;id=83daa2b2c1&amp;e=f88f8593e5\" target=\"_blank\" rel=\"noreferrer\"><b>AUDI\u00caNCIAS<\/b><\/a><\/td>\n<\/tr>\n<tr>\n<td valign=\"top\"><a href=\"http:\/\/opusdei.us7.list-manage1.com\/track\/click?u=1af5d7b530cb590152589eba5&amp;id=944920f0a3&amp;e=f88f8593e5\" target=\"_blank\" rel=\"noreferrer\"><b>&#8220;Romper a comunh\u00e3o com a natureza \u00e9 romper com Deus&#8221;<\/b><\/a><\/td>\n<\/tr>\n<tr>\n<td valign=\"top\">Continuando seu ciclo de catequeses sobre a esperan\u00e7a crist\u00e3, na Audi\u00eancia desta quarta-feira o Papa Francisco comentou sobre essa virtude e a cria\u00e7\u00e3o.<\/td>\n<\/tr>\n<\/tbody>\n<\/table>\n<\/td>\n<\/tr>\n<\/tbody>\n<\/table>\n<\/td>\n<\/tr>\n<tr>\n<td height=\"18\"><\/td>\n<\/tr>\n<tr>\n<td valign=\"top\" width=\"100%\">\n<table border=\"0\" width=\"100%\" cellspacing=\"0\" cellpadding=\"0\">\n<tbody>\n<tr>\n<td align=\"right\" valign=\"top\" width=\"30%\"><a href=\"http:\/\/opusdei.us7.list-manage.com\/track\/click?u=1af5d7b530cb590152589eba5&amp;id=a4ef2a3c5e&amp;e=f88f8593e5\" target=\"_blank\" rel=\"noreferrer\"><img src=\"http:\/\/odnmedia.s3.amazonaws.com\/image\/christ_templo.jpg\" alt=\"\" width=\"96\" border=\"0\" \/><\/a><\/td>\n<td width=\"4%\"><\/td>\n<td valign=\"top\" width=\"66%\">\n<table border=\"0\" width=\"100%\" cellspacing=\"0\" cellpadding=\"0\">\n<tbody>\n<tr>\n<td valign=\"top\"><a href=\"http:\/\/opusdei.us7.list-manage.com\/track\/click?u=1af5d7b530cb590152589eba5&amp;id=ac2de7950b&amp;e=f88f8593e5\" target=\"_blank\" rel=\"noreferrer\"><b>NOSSA SENHORA<\/b><\/a><\/td>\n<\/tr>\n<tr>\n<td valign=\"top\"><a href=\"http:\/\/opusdei.us7.list-manage.com\/track\/click?u=1af5d7b530cb590152589eba5&amp;id=cdf93bfba4&amp;e=f88f8593e5\" target=\"_blank\" rel=\"noreferrer\"><b>Vida de Maria (XII): Jesus entre os doutores<\/b><\/a><\/td>\n<\/tr>\n<tr>\n<td valign=\"top\">Que ang\u00fastia a da Virgem quando percebeu que o Menino tinha se perdido! Encontrou-O em Jerusal\u00e9m, como se contempla neste novo artigo sobre a vida de Nossa Senhora.<\/td>\n<\/tr>\n<\/tbody>\n<\/table>\n<\/td>\n<\/tr>\n<\/tbody>\n<\/table>\n<\/td>\n<\/tr>\n<tr>\n<td height=\"18\"><\/td>\n<\/tr>\n<tr>\n<td valign=\"top\" width=\"100%\">\n<table border=\"0\" width=\"100%\" cellspacing=\"0\" cellpadding=\"0\">\n<tbody>\n<tr>\n<td align=\"right\" valign=\"top\" width=\"30%\"><a href=\"http:\/\/opusdei.us7.list-manage2.com\/track\/click?u=1af5d7b530cb590152589eba5&amp;id=bffcca6fda&amp;e=f88f8593e5\" target=\"_blank\" rel=\"noreferrer\"><img src=\"http:\/\/odnmedia.s3.amazonaws.com\/image\/3476948921_9b6c2300db_b_20161007111937388295.jpg\" alt=\"\" width=\"96\" border=\"0\" \/><\/a><\/td>\n<td width=\"4%\"><\/td>\n<td valign=\"top\" width=\"66%\">\n<table border=\"0\" width=\"100%\" cellspacing=\"0\" cellpadding=\"0\">\n<tbody>\n<tr>\n<td valign=\"top\"><a href=\"http:\/\/opusdei.us7.list-manage.com\/track\/click?u=1af5d7b530cb590152589eba5&amp;id=059fde9696&amp;e=f88f8593e5\" target=\"_blank\" rel=\"noreferrer\"><b>ENSAIOS SOBRE TEMAS VARIADOS<\/b><\/a><\/td>\n<\/tr>\n<tr>\n<td valign=\"top\"><a href=\"http:\/\/opusdei.us7.list-manage1.com\/track\/click?u=1af5d7b530cb590152589eba5&amp;id=9bd2e0729c&amp;e=f88f8593e5\" target=\"_blank\" rel=\"noreferrer\"><b>O que ler?(II): Ficar com o melhor<\/b><\/a><\/td>\n<\/tr>\n<tr>\n<td valign=\"top\">Segunda parte do editorial sobre o desafio de ler. O di\u00e1logo com os livros e com outros leitores potencializa a experi\u00eancia da leitura: descobre horizontes, evita desenganos, e otimiza nosso tempo para ler, que sempre \u00e9 pouco.<\/td>\n<\/tr>\n<\/tbody>\n<\/table>\n<\/td>\n<\/tr>\n<\/tbody>\n<\/table>\n<\/td>\n<\/tr>\n<\/tbody>\n<\/table>\n<\/td>\n<\/tr>\n<\/tbody>\n<\/table>\n","protected":false},"excerpt":{"rendered":"<p>24 de Fevereiro de 2017 PAPA Mensagem do Papa para Quaresma 2017 Publicamos a seguir o texto integral da Mensagem do Papa Francisco para a Quaresma 2017, sobre o tema &#8220;A Palavra \u00e9 um dom. O outro \u00e9 um dom&#8221;: OPUS DEI Ordena\u00e7\u00e3o de dois novos di\u00e1conos Dois membros da Prelazia receber\u00e3o o diaconato no [&hellip;]<\/p>\n","protected":false},"author":2,"featured_media":0,"comment_status":"open","ping_status":"open","sticky":false,"template":"","format":"standard","meta":{"_links_to":"","_links_to_target":""},"categories":[28],"tags":[],"_links":{"self":[{"href":"https:\/\/www.r2cpress.com.br\/v1\/wp-json\/wp\/v2\/posts\/107190"}],"collection":[{"href":"https:\/\/www.r2cpress.com.br\/v1\/wp-json\/wp\/v2\/posts"}],"about":[{"href":"https:\/\/www.r2cpress.com.br\/v1\/wp-json\/wp\/v2\/types\/post"}],"author":[{"embeddable":true,"href":"https:\/\/www.r2cpress.com.br\/v1\/wp-json\/wp\/v2\/users\/2"}],"replies":[{"embeddable":true,"href":"https:\/\/www.r2cpress.com.br\/v1\/wp-json\/wp\/v2\/comments?post=107190"}],"version-history":[{"count":1,"href":"https:\/\/www.r2cpress.com.br\/v1\/wp-json\/wp\/v2\/posts\/107190\/revisions"}],"predecessor-version":[{"id":107191,"href":"https:\/\/www.r2cpress.com.br\/v1\/wp-json\/wp\/v2\/posts\/107190\/revisions\/107191"}],"wp:attachment":[{"href":"https:\/\/www.r2cpress.com.br\/v1\/wp-json\/wp\/v2\/media?parent=107190"}],"wp:term":[{"taxonomy":"category","embeddable":true,"href":"https:\/\/www.r2cpress.com.br\/v1\/wp-json\/wp\/v2\/categories?post=107190"},{"taxonomy":"post_tag","embeddable":true,"href":"https:\/\/www.r2cpress.com.br\/v1\/wp-json\/wp\/v2\/tags?post=107190"}],"curies":[{"name":"wp","href":"https:\/\/api.w.org\/{rel}","templated":true}]}}