{"id":107233,"date":"2017-02-28T12:20:34","date_gmt":"2017-02-28T15:20:34","guid":{"rendered":"http:\/\/www.r2cpress.com.br\/v1\/?p=107233"},"modified":"2017-02-28T12:20:34","modified_gmt":"2017-02-28T15:20:34","slug":"mao-de-obra-tem-que-ser-nossa-afirma-rui-em-negociacao-com-chineses-no-carnaval","status":"publish","type":"post","link":"https:\/\/www.r2cpress.com.br\/v1\/2017\/02\/28\/mao-de-obra-tem-que-ser-nossa-afirma-rui-em-negociacao-com-chineses-no-carnaval\/","title":{"rendered":"&#8220;M\u00e3o de obra tem que ser nossa&#8221;, afirma Rui em negocia\u00e7\u00e3o com chineses no Carnaval"},"content":{"rendered":"<div><\/div>\n<div>As empresas chinesas que est\u00e3o em negocia\u00e7\u00e3o com o Governo do Estado para investir em projetos estruturantes, como a Ferrovia de Integra\u00e7\u00e3o Oeste-Leste (Fiol) e o Porto Sul, ter\u00e3o que utilizar m\u00e3o de obra local durante a constru\u00e7\u00e3o dos equipamentos. Foi o que o governador Rui Costa reafirmou \u00e0 comitiva de executivos chineses durante a apresenta\u00e7\u00e3o do Carnaval da Bahia ao grupo, na noite de segunda-feira (27), no circuito Dod\u00f4 (Barra-Ondina). &#8220;No in\u00edcio da nossa conversa, j\u00e1 tinha dito a eles que o modelo utilizado na \u00c1frica, com 100% de aproveitamento da m\u00e3o de obra chinesa, n\u00e3o nos interessa&#8221;, disse Rui.<\/div>\n<div>\n<div id=\"attachment_107234\" style=\"width: 610px\" class=\"wp-caption aligncenter\"><a href=\"http:\/\/www.r2cpress.com.br\/v1\/wp-content\/uploads\/2017\/02\/Foto-Pedro-MoraesGOVBA.jpeg\"><img aria-describedby=\"caption-attachment-107234\" loading=\"lazy\" class=\"size-full wp-image-107234\" src=\"http:\/\/www.r2cpress.com.br\/v1\/wp-content\/uploads\/2017\/02\/Foto-Pedro-MoraesGOVBA.jpeg\" alt=\"\" width=\"600\" height=\"400\" srcset=\"https:\/\/www.r2cpress.com.br\/v1\/wp-content\/uploads\/2017\/02\/Foto-Pedro-MoraesGOVBA.jpeg 600w, https:\/\/www.r2cpress.com.br\/v1\/wp-content\/uploads\/2017\/02\/Foto-Pedro-MoraesGOVBA-300x200.jpeg 300w\" sizes=\"(max-width: 600px) 100vw, 600px\" \/><\/a><p id=\"caption-attachment-107234\" class=\"wp-caption-text\"><em><strong>Foto Pedro MoraesGOVBA<\/strong><\/em><\/p><\/div>\n<\/div>\n<div>Para o governador, &#8220;eles podem at\u00e9 trazer especialistas, porque t\u00eam tecnologia e conhecimento quem podem servir de aprendizado para nossos engenheiros e t\u00e9cnicos, mas a maior parte da m\u00e3o de obra tem que ser nossa&#8221;. Rui tamb\u00e9m informou que os empres\u00e1rios chineses est\u00e3o convictos de participar da licita\u00e7\u00e3o da Fiol, que o governo federal prev\u00ea lan\u00e7ar edital, &#8220;no mais tardar em julho deste ano&#8221;, para o trecho de Caetit\u00e9 at\u00e9 Ilh\u00e9us, e depois, do restante, at\u00e9 a divisa da Bahia. &#8220;At\u00e9 o fim deste ano, teremos o in\u00edcio das obras da Fiol e do porto&#8221;.<\/div>\n<div><\/div>\n<div>O governador informou ainda que est\u00e3o agendadas reuni\u00f5es no Rio de Janeiro, S\u00e3o Paulo e Salvador, inclusive para discutir a constru\u00e7\u00e3o da ponte Salvador-Itaparica, projeto em estudo aprofundado pelos chineses. No pr\u00f3ximo m\u00eas haver\u00e1 encontro com os s\u00f3cios da Bahia Minera\u00e7\u00e3o (Bamin), com os quais os chineses querem firmar parceria, &#8220;para bater o martelo sobre o Porto Su&#8221;.<\/div>\n<div><\/div>\n<div>Rui enfatizou que ao visitar a Bahia nos \u00faltimos dias, na \u00e1rea de instala\u00e7\u00e3o da Fiol e do porto, a comitiva confirmou o que o Governo do Estado tem informado. &#8220;N\u00e3o brincamos com a informa\u00e7\u00e3o. \u00c9 preciso ser r\u00edgido. Estamos um processo de aproxima\u00e7\u00e3o, onde se ganha mutuamente porque n\u00e3o se trata de doa\u00e7\u00e3o e de filantropia. Eles s\u00e3o hoje grandes empresas, com recursos do governo e do banco estatal, que t\u00eam interesse que as empresas fa\u00e7am neg\u00f3cios no exterior. Eles querem investir no Brasil e, por toda a interlocu\u00e7\u00e3o, t\u00eam decis\u00e3o de fazer neg\u00f3cios na Bahia&#8221;.<\/div>\n<div><\/div>\n<div>O Governo do Estado tem o metr\u00f4 de Salvador a seu favor para obter a confian\u00e7a dos chineses. \u00a0&#8220;Mobilidade que deu certo e \u00e9 refer\u00eancia no Brasil. Isso est\u00e1 nos empoderando, capacitando para ganhar confian\u00e7a no mercado e atrair muita gente. Por isso, a licita\u00e7\u00e3o do VLT tem muito interesse. Solidificamos uma imagem p\u00fablica de um estado organizado e s\u00e9rio&#8221;, completou.<\/div>\n<div id=\"Signature\"><\/div>\n","protected":false},"excerpt":{"rendered":"<p>As empresas chinesas que est\u00e3o em negocia\u00e7\u00e3o com o Governo do Estado para investir em projetos estruturantes, como a Ferrovia de Integra\u00e7\u00e3o Oeste-Leste (Fiol) e o Porto Sul, ter\u00e3o que utilizar m\u00e3o de obra local durante a constru\u00e7\u00e3o dos equipamentos. Foi o que o governador Rui Costa reafirmou \u00e0 comitiva de executivos chineses durante a [&hellip;]<\/p>\n","protected":false},"author":2,"featured_media":0,"comment_status":"open","ping_status":"open","sticky":false,"template":"","format":"standard","meta":{"_links_to":"","_links_to_target":""},"categories":[29],"tags":[],"_links":{"self":[{"href":"https:\/\/www.r2cpress.com.br\/v1\/wp-json\/wp\/v2\/posts\/107233"}],"collection":[{"href":"https:\/\/www.r2cpress.com.br\/v1\/wp-json\/wp\/v2\/posts"}],"about":[{"href":"https:\/\/www.r2cpress.com.br\/v1\/wp-json\/wp\/v2\/types\/post"}],"author":[{"embeddable":true,"href":"https:\/\/www.r2cpress.com.br\/v1\/wp-json\/wp\/v2\/users\/2"}],"replies":[{"embeddable":true,"href":"https:\/\/www.r2cpress.com.br\/v1\/wp-json\/wp\/v2\/comments?post=107233"}],"version-history":[{"count":1,"href":"https:\/\/www.r2cpress.com.br\/v1\/wp-json\/wp\/v2\/posts\/107233\/revisions"}],"predecessor-version":[{"id":107235,"href":"https:\/\/www.r2cpress.com.br\/v1\/wp-json\/wp\/v2\/posts\/107233\/revisions\/107235"}],"wp:attachment":[{"href":"https:\/\/www.r2cpress.com.br\/v1\/wp-json\/wp\/v2\/media?parent=107233"}],"wp:term":[{"taxonomy":"category","embeddable":true,"href":"https:\/\/www.r2cpress.com.br\/v1\/wp-json\/wp\/v2\/categories?post=107233"},{"taxonomy":"post_tag","embeddable":true,"href":"https:\/\/www.r2cpress.com.br\/v1\/wp-json\/wp\/v2\/tags?post=107233"}],"curies":[{"name":"wp","href":"https:\/\/api.w.org\/{rel}","templated":true}]}}