{"id":107289,"date":"2017-03-02T10:57:14","date_gmt":"2017-03-02T13:57:14","guid":{"rendered":"http:\/\/www.r2cpress.com.br\/v1\/?p=107289"},"modified":"2017-03-02T10:57:14","modified_gmt":"2017-03-02T13:57:14","slug":"marco-laranja","status":"publish","type":"post","link":"https:\/\/www.r2cpress.com.br\/v1\/2017\/03\/02\/marco-laranja\/","title":{"rendered":"MAR\u00c7O LARANJA"},"content":{"rendered":"<div id=\"attachment_107290\" style=\"width: 610px\" class=\"wp-caption aligncenter\"><a href=\"http:\/\/www.r2cpress.com.br\/v1\/wp-content\/uploads\/2017\/03\/67387a7a-f594-4843-a602-c54e2650f57b.jpg\"><img aria-describedby=\"caption-attachment-107290\" loading=\"lazy\" class=\"size-full wp-image-107290\" src=\"http:\/\/www.r2cpress.com.br\/v1\/wp-content\/uploads\/2017\/03\/67387a7a-f594-4843-a602-c54e2650f57b.jpg\" alt=\"\" width=\"600\" height=\"452\" srcset=\"https:\/\/www.r2cpress.com.br\/v1\/wp-content\/uploads\/2017\/03\/67387a7a-f594-4843-a602-c54e2650f57b.jpg 600w, https:\/\/www.r2cpress.com.br\/v1\/wp-content\/uploads\/2017\/03\/67387a7a-f594-4843-a602-c54e2650f57b-300x226.jpg 300w\" sizes=\"(max-width: 600px) 100vw, 600px\" \/><\/a><p id=\"caption-attachment-107290\" class=\"wp-caption-text\">ML<\/p><\/div>\n<p>A<span style=\"color: #ff6600;\"><strong> ONG ENAULTINHO ROCHA<\/strong><\/span> e o Grupo Doadores por Amor de Salvador lan\u00e7am a campanha <strong><span style=\"color: #ff6600;\">Mar\u00e7o Laranja<\/span><\/strong>, m\u00eas de conscientiza\u00e7\u00e3o de Doa\u00e7\u00e3o de Medula \u00d3ssea.<\/p>\n<div id=\"attachment_107291\" style=\"width: 610px\" class=\"wp-caption aligncenter\"><a href=\"http:\/\/www.r2cpress.com.br\/v1\/wp-content\/uploads\/2017\/03\/db6aabdf-53f0-4758-afa9-977aed9a1cfe.jpg\"><img aria-describedby=\"caption-attachment-107291\" loading=\"lazy\" class=\"size-full wp-image-107291\" src=\"http:\/\/www.r2cpress.com.br\/v1\/wp-content\/uploads\/2017\/03\/db6aabdf-53f0-4758-afa9-977aed9a1cfe.jpg\" alt=\"\" width=\"600\" height=\"338\" srcset=\"https:\/\/www.r2cpress.com.br\/v1\/wp-content\/uploads\/2017\/03\/db6aabdf-53f0-4758-afa9-977aed9a1cfe.jpg 600w, https:\/\/www.r2cpress.com.br\/v1\/wp-content\/uploads\/2017\/03\/db6aabdf-53f0-4758-afa9-977aed9a1cfe-300x169.jpg 300w\" sizes=\"(max-width: 600px) 100vw, 600px\" \/><\/a><p id=\"caption-attachment-107291\" class=\"wp-caption-text\">ML<\/p><\/div>\n<div id=\"attachment_107292\" style=\"width: 610px\" class=\"wp-caption aligncenter\"><a href=\"http:\/\/www.r2cpress.com.br\/v1\/wp-content\/uploads\/2017\/03\/3b2064d3-2fa3-4f58-858a-dbd6ab26d9f2.jpg\"><img aria-describedby=\"caption-attachment-107292\" loading=\"lazy\" class=\"size-full wp-image-107292\" src=\"http:\/\/www.r2cpress.com.br\/v1\/wp-content\/uploads\/2017\/03\/3b2064d3-2fa3-4f58-858a-dbd6ab26d9f2.jpg\" alt=\"\" width=\"600\" height=\"338\" srcset=\"https:\/\/www.r2cpress.com.br\/v1\/wp-content\/uploads\/2017\/03\/3b2064d3-2fa3-4f58-858a-dbd6ab26d9f2.jpg 600w, https:\/\/www.r2cpress.com.br\/v1\/wp-content\/uploads\/2017\/03\/3b2064d3-2fa3-4f58-858a-dbd6ab26d9f2-300x169.jpg 300w\" sizes=\"(max-width: 600px) 100vw, 600px\" \/><\/a><p id=\"caption-attachment-107292\" class=\"wp-caption-text\">ML<\/p><\/div>\n<p>Abertura oficial dia 4 de mar\u00e7o no Jardim de Al\u00e1 em Salvador. Por\u00e9m o presidente da ONG, com sua representante no rec\u00f4ncavo bahiano a Sra. Tia Adriana, promoveram o in\u00edcio em Santo Ant\u00f4nio de Jesus um dia de entrevistas mas r\u00e1dios d\u00e1 cidade chamando o poder municipal e demais \u00f3rg\u00e3os da cidade para o apoio e ades\u00e3o ao projeto que j\u00e1 conta com a participa\u00e7\u00e3o do col\u00e9gio Santo Ant\u00f4nio um verdadeiro parceiro d\u00e1 causa Medula .<\/p>\n","protected":false},"excerpt":{"rendered":"<p>A ONG ENAULTINHO ROCHA e o Grupo Doadores por Amor de Salvador lan\u00e7am a campanha Mar\u00e7o Laranja, m\u00eas de conscientiza\u00e7\u00e3o de Doa\u00e7\u00e3o de Medula \u00d3ssea. Abertura oficial dia 4 de mar\u00e7o no Jardim de Al\u00e1 em Salvador. Por\u00e9m o presidente da ONG, com sua representante no rec\u00f4ncavo bahiano a Sra. Tia Adriana, promoveram o in\u00edcio [&hellip;]<\/p>\n","protected":false},"author":2,"featured_media":0,"comment_status":"open","ping_status":"open","sticky":false,"template":"","format":"standard","meta":{"_links_to":"","_links_to_target":""},"categories":[10,24],"tags":[],"_links":{"self":[{"href":"https:\/\/www.r2cpress.com.br\/v1\/wp-json\/wp\/v2\/posts\/107289"}],"collection":[{"href":"https:\/\/www.r2cpress.com.br\/v1\/wp-json\/wp\/v2\/posts"}],"about":[{"href":"https:\/\/www.r2cpress.com.br\/v1\/wp-json\/wp\/v2\/types\/post"}],"author":[{"embeddable":true,"href":"https:\/\/www.r2cpress.com.br\/v1\/wp-json\/wp\/v2\/users\/2"}],"replies":[{"embeddable":true,"href":"https:\/\/www.r2cpress.com.br\/v1\/wp-json\/wp\/v2\/comments?post=107289"}],"version-history":[{"count":1,"href":"https:\/\/www.r2cpress.com.br\/v1\/wp-json\/wp\/v2\/posts\/107289\/revisions"}],"predecessor-version":[{"id":107293,"href":"https:\/\/www.r2cpress.com.br\/v1\/wp-json\/wp\/v2\/posts\/107289\/revisions\/107293"}],"wp:attachment":[{"href":"https:\/\/www.r2cpress.com.br\/v1\/wp-json\/wp\/v2\/media?parent=107289"}],"wp:term":[{"taxonomy":"category","embeddable":true,"href":"https:\/\/www.r2cpress.com.br\/v1\/wp-json\/wp\/v2\/categories?post=107289"},{"taxonomy":"post_tag","embeddable":true,"href":"https:\/\/www.r2cpress.com.br\/v1\/wp-json\/wp\/v2\/tags?post=107289"}],"curies":[{"name":"wp","href":"https:\/\/api.w.org\/{rel}","templated":true}]}}