{"id":107294,"date":"2017-02-28T23:51:10","date_gmt":"2017-03-01T02:51:10","guid":{"rendered":"http:\/\/www.r2cpress.com.br\/v1\/?p=107294"},"modified":"2017-03-02T13:54:40","modified_gmt":"2017-03-02T16:54:40","slug":"luiz-caldas-parabeniza-governo-do-estado-pelo-carnaval-sem-cordas","status":"publish","type":"post","link":"https:\/\/www.r2cpress.com.br\/v1\/2017\/02\/28\/luiz-caldas-parabeniza-governo-do-estado-pelo-carnaval-sem-cordas\/","title":{"rendered":"Luiz Caldas parabeniza Governo do Estado pelo Carnaval sem Cordas"},"content":{"rendered":"<div id=\"attachment_107295\" style=\"width: 320px\" class=\"wp-caption alignright\"><a href=\"http:\/\/www.r2cpress.com.br\/v1\/wp-content\/uploads\/2017\/03\/By-Amanda-Oliveira-GOVBA.jpg\"><img aria-describedby=\"caption-attachment-107295\" loading=\"lazy\" class=\"size-full wp-image-107295\" src=\"http:\/\/www.r2cpress.com.br\/v1\/wp-content\/uploads\/2017\/03\/By-Amanda-Oliveira-GOVBA.jpg\" alt=\"\" width=\"310\" height=\"206\" srcset=\"https:\/\/www.r2cpress.com.br\/v1\/wp-content\/uploads\/2017\/03\/By-Amanda-Oliveira-GOVBA.jpg 310w, https:\/\/www.r2cpress.com.br\/v1\/wp-content\/uploads\/2017\/03\/By-Amanda-Oliveira-GOVBA-300x199.jpg 300w\" sizes=\"(max-width: 310px) 100vw, 310px\" \/><\/a><p id=\"caption-attachment-107295\" class=\"wp-caption-text\"><em><strong>By Amanda Oliveira GOVBA<\/strong><\/em><\/p><\/div>\n<p id=\"story_title\">Uma multid\u00e3o de foli\u00f5es est\u00e1 atr\u00e1s do trio sem cordas do cantor Luiz Caldas, que saiu no final da tarde desta ter\u00e7a-feira (28), concretizando a promessa dele de levar alegria para o Carnaval da Bahia. &#8220;N\u00f3s, artistas do Ax\u00e9 Music, somos multiplicadores da alegria, e \u00e9 o que a gente vai fazer na avenida&#8221;, disse antes de entrar no circuito Campo Grande (Osmar).<br \/>\n<strong><br \/>\n<\/strong>Durante apresenta\u00e7\u00e3o no Campo Grande, o cantor parabenizou e agradeceu o Governo do Estado, por meio da Bahiatursa, pelo investimento em trios sem cordas no Carnaval, segundo ele, uma a\u00e7\u00e3o fundamental para a manuten\u00e7\u00e3o da folia, n\u00e3o s\u00f3 de Salvador, mas de toda a Bahia. &#8220;Sem esse apoio, o foli\u00e3o pipoca n\u00e3o estaria nas ruas se divertindo tanto. Parab\u00e9ns, Rui [Costa] por colaborar para fazer essa festa cada vez mais bonita, mais democr\u00e1tica&#8221;.<\/p>\n<p>E n\u00e3o \u00e9 apenas o foli\u00e3o que comemora a pipoca. Quem aproveita a festa para trabalhar e fazer um extra tamb\u00e9m aprova o desfile dos trios sem cordas, como a vendedora de bebidas Sheila de Souza. &#8220;Quando tem mais pipoca na rua, tem mais gente circulando nas cal\u00e7adas, tem mais clientes. Estou comemorando junto com a pipoca porque ficou muito melhor agora, e gostando muito do movimento&#8221;. Ela trabalha nas imedia\u00e7\u00f5es do Campo Grande desde quinta-feira (23).<\/p>\n","protected":false},"excerpt":{"rendered":"<p>Uma multid\u00e3o de foli\u00f5es est\u00e1 atr\u00e1s do trio sem cordas do cantor Luiz Caldas, que saiu no final da tarde desta ter\u00e7a-feira (28), concretizando a promessa dele de levar alegria para o Carnaval da Bahia. &#8220;N\u00f3s, artistas do Ax\u00e9 Music, somos multiplicadores da alegria, e \u00e9 o que a gente vai fazer na avenida&#8221;, disse [&hellip;]<\/p>\n","protected":false},"author":2,"featured_media":0,"comment_status":"open","ping_status":"open","sticky":false,"template":"","format":"standard","meta":{"_links_to":"","_links_to_target":""},"categories":[29],"tags":[],"_links":{"self":[{"href":"https:\/\/www.r2cpress.com.br\/v1\/wp-json\/wp\/v2\/posts\/107294"}],"collection":[{"href":"https:\/\/www.r2cpress.com.br\/v1\/wp-json\/wp\/v2\/posts"}],"about":[{"href":"https:\/\/www.r2cpress.com.br\/v1\/wp-json\/wp\/v2\/types\/post"}],"author":[{"embeddable":true,"href":"https:\/\/www.r2cpress.com.br\/v1\/wp-json\/wp\/v2\/users\/2"}],"replies":[{"embeddable":true,"href":"https:\/\/www.r2cpress.com.br\/v1\/wp-json\/wp\/v2\/comments?post=107294"}],"version-history":[{"count":1,"href":"https:\/\/www.r2cpress.com.br\/v1\/wp-json\/wp\/v2\/posts\/107294\/revisions"}],"predecessor-version":[{"id":107296,"href":"https:\/\/www.r2cpress.com.br\/v1\/wp-json\/wp\/v2\/posts\/107294\/revisions\/107296"}],"wp:attachment":[{"href":"https:\/\/www.r2cpress.com.br\/v1\/wp-json\/wp\/v2\/media?parent=107294"}],"wp:term":[{"taxonomy":"category","embeddable":true,"href":"https:\/\/www.r2cpress.com.br\/v1\/wp-json\/wp\/v2\/categories?post=107294"},{"taxonomy":"post_tag","embeddable":true,"href":"https:\/\/www.r2cpress.com.br\/v1\/wp-json\/wp\/v2\/tags?post=107294"}],"curies":[{"name":"wp","href":"https:\/\/api.w.org\/{rel}","templated":true}]}}