{"id":107401,"date":"2017-03-06T17:14:18","date_gmt":"2017-03-06T20:14:18","guid":{"rendered":"http:\/\/www.r2cpress.com.br\/v1\/?p=107401"},"modified":"2017-03-07T14:17:13","modified_gmt":"2017-03-07T17:17:13","slug":"marco-laranja-2","status":"publish","type":"post","link":"https:\/\/www.r2cpress.com.br\/v1\/2017\/03\/06\/marco-laranja-2\/","title":{"rendered":"Mar\u00e7o Laranja"},"content":{"rendered":"<h1 class=\"gm-email-title\" style=\"text-align: center;\">\u00a0<span style=\"color: #ff6600;\"><strong>M\u00eas da Conscientiza\u00e7\u00e3o da doa\u00e7\u00e3o de Medula<\/strong><\/span><\/h1>\n<p><strong>Mar\u00e7o Laranja<\/strong> &#8211; M\u00eas da Conscientiza\u00e7\u00e3o da doa\u00e7\u00e3o de Medula Foi no Jardim de Al\u00e1 em Salvador onde marcamos o evento realizado pelo grupo Doadores por Amor sobre a lideran\u00e7a de Ci\u00e7a Moraes e ONG Enaultinho Rocha\u00a0participando e representado por seu presidente Enault Freitas Filho e a Volunt\u00e1ria Jacque Portella. Depoimentos de Transplantados, doador Francisco Mendes e a m\u00e3e de Farley, de Ci\u00e7a Moraes, Enault Freitas, a m\u00e3e de Gustavo e tantos outros que demonstraram e demonstram um grande amor pela causa. Realizamos um caf\u00e9 da manh\u00e3 com m\u00fasica, mural de pacientes curados, falecidos, pacientes que esperam o seu doador e o pedido de todos para que os Doadores de Jaysi Vasconcelos de Caruaru &#8211; Pernambuco e o de Lara do RS,sensibilizem-se, abra o cora\u00e7\u00e3o pelo amor a vida e respondam ao chamado do REDOME e salve essas duas meninas!! Enault Freitas Filho &#8211; Presidente da ONG Enaultinho Rocha.<br \/>\nQUE DEUS NOS ABEN\u00c7OE !<\/p>\n<p><center><img loading=\"lazy\" class=\"aligncenter size-full\" src=\"https:\/\/lh3.googleusercontent.com\/kYHKZOMGImESJSCse1iYupjEq1ejvRJRm6NEtlWTiNTgrUDNZBHYr0Znxn_PRRj-zQLz4qW89aYL-NmbQ_uVWIb3j0diatcHKo9n8A8ZkoBxy7R1DcWI86r2H1j2VHIbNGGxWWTnx2in-Ry8f5NKNkA_x3ZPWoSXB-6E4BHqnquxAkimgj5tZRcjHC2oYl8KPrRaT5ddPUCQWi6hRivGs3g-ywksH4q0CAEpRX8XgKwTDTqQQn01Cy74ywco0mEq32SMvzw3dxHSVTUSmZkYS5nGDiUV2xcpjNhR9uO7TnGbpR3L_Zge1KcEefK09YtbWRiEbIF9BCaK6jeeFDX4CfBxgF11Oa4gy5mAXCWDoXLMIWT20a3SUqKZ7QOHQ6KUlPTXUsJ5KXyY0n4dqVS9-82pXltJ69dFXsv2WteJ6372PkxRLzoH3PHRSZT3g-Ck_x7MatbmZGHITK5jMgjA6boA1HC15YAq-FPQaQgD8cWsjEtRwrQQNKFEfJz_HIctlbIK65Dajd7KjprAtYNi2Zf_jE4eOjBMxSdo6qFK2hpUgtuwgyvzTVGuJ9L1KhmqHqhzth_A5zHnmEeup98eLEO20OffNFaMlZDhNWzX1MLBDxkiXrsM3Q=s600-no\" width=\"600\" height=\"600\" \/><strong>Enault Freitas Filho<br \/>\nPresidente da ONG Enaultinho Rocha<\/strong><\/center><\/p>\n","protected":false},"excerpt":{"rendered":"<p>\u00a0M\u00eas da Conscientiza\u00e7\u00e3o da doa\u00e7\u00e3o de Medula Mar\u00e7o Laranja &#8211; M\u00eas da Conscientiza\u00e7\u00e3o da doa\u00e7\u00e3o de Medula Foi no Jardim de Al\u00e1 em Salvador onde marcamos o evento realizado pelo grupo Doadores por Amor sobre a lideran\u00e7a de Ci\u00e7a Moraes e ONG Enaultinho Rocha\u00a0participando e representado por seu presidente Enault Freitas Filho e a Volunt\u00e1ria [&hellip;]<\/p>\n","protected":false},"author":2,"featured_media":0,"comment_status":"open","ping_status":"open","sticky":false,"template":"","format":"standard","meta":{"_links_to":"","_links_to_target":""},"categories":[10,24],"tags":[],"_links":{"self":[{"href":"https:\/\/www.r2cpress.com.br\/v1\/wp-json\/wp\/v2\/posts\/107401"}],"collection":[{"href":"https:\/\/www.r2cpress.com.br\/v1\/wp-json\/wp\/v2\/posts"}],"about":[{"href":"https:\/\/www.r2cpress.com.br\/v1\/wp-json\/wp\/v2\/types\/post"}],"author":[{"embeddable":true,"href":"https:\/\/www.r2cpress.com.br\/v1\/wp-json\/wp\/v2\/users\/2"}],"replies":[{"embeddable":true,"href":"https:\/\/www.r2cpress.com.br\/v1\/wp-json\/wp\/v2\/comments?post=107401"}],"version-history":[{"count":3,"href":"https:\/\/www.r2cpress.com.br\/v1\/wp-json\/wp\/v2\/posts\/107401\/revisions"}],"predecessor-version":[{"id":107417,"href":"https:\/\/www.r2cpress.com.br\/v1\/wp-json\/wp\/v2\/posts\/107401\/revisions\/107417"}],"wp:attachment":[{"href":"https:\/\/www.r2cpress.com.br\/v1\/wp-json\/wp\/v2\/media?parent=107401"}],"wp:term":[{"taxonomy":"category","embeddable":true,"href":"https:\/\/www.r2cpress.com.br\/v1\/wp-json\/wp\/v2\/categories?post=107401"},{"taxonomy":"post_tag","embeddable":true,"href":"https:\/\/www.r2cpress.com.br\/v1\/wp-json\/wp\/v2\/tags?post=107401"}],"curies":[{"name":"wp","href":"https:\/\/api.w.org\/{rel}","templated":true}]}}