{"id":107705,"date":"2017-03-16T22:21:42","date_gmt":"2017-03-17T01:21:42","guid":{"rendered":"http:\/\/www.r2cpress.com.br\/v1\/?p=107705"},"modified":"2017-03-16T22:21:42","modified_gmt":"2017-03-17T01:21:42","slug":"algumas-do-dia-41","status":"publish","type":"post","link":"https:\/\/www.r2cpress.com.br\/v1\/2017\/03\/16\/algumas-do-dia-41\/","title":{"rendered":"Algumas do dia"},"content":{"rendered":"<p style=\"text-align: left;\" align=\"center\"><strong>Pagamentos do abono salarial s\u00e3o liberados nesta quinta (16)<\/strong><\/p>\n<p>A Caixa Econ\u00f4mica Federal libera, nesta quinta-feira (16),\u00a0os pagamentos do abono salarial do Programa de Integra\u00e7\u00e3o Social (PIS) aos trabalhadores nascidos nos meses de maio e junho. O saque do benef\u00edcio pode ser feito nos canais de autoatendimento da Caixa, por meio do Cart\u00e3o do Cidad\u00e3o; em casas lot\u00e9ricas e correspondentes Caixa Aqui ou nas ag\u00eancias do banco. Para saber se tem direito a receber o benef\u00edcio, que \u00e9 de at\u00e9 um sal\u00e1rio-m\u00ednimo, o trabalhador pode consultar o site da Caixa ou ligar para o 0800 726 0207, op\u00e7\u00e3o 2.<\/p>\n<p align=\"right\"><b><a href=\"http:\/\/www.brasil.gov.br\/economia-e-emprego\/2017\/03\/pagamentos-do-abono-salarial-sao-liberados-nesta-quinta-16\" target=\"_blank\" rel=\"noreferrer\">LEIA MAIS<\/a><\/b><\/p>\n<p style=\"text-align: left;\" align=\"center\"><strong>Governo federal arrecada R$ 3,7 bi com\u00a0leil\u00e3o de quatro aeroportos<\/strong><\/p>\n<p>O governo federal arrecadou, nesta quinta-feira (16), R$ 3,72 bilh\u00f5es com o leil\u00e3o de quatro aeroportos.\u00a0O resultado foi melhor que o esperado, j\u00e1 que a previs\u00e3o inicial era de R$ 3,014 bilh\u00f5es. Agora, os terminais de Fortaleza (CE), Salvador (BA), Florian\u00f3polis (SC) e Porto Alegre (RS) ser\u00e3o operados pela iniciativa privada.\u00a0A expectativa \u00e9 de que as vencedoras do leil\u00e3o invistam R$ 6,6 bilh\u00f5es em projetos para melhorar os servi\u00e7os. Est\u00e3o previstas amplia\u00e7\u00f5es dos terminais de passageiros, dos p\u00e1tios de aeronaves e das pistas de pouso e decolagem.<\/p>\n<p align=\"right\"><b><a href=\"http:\/\/www.brasil.gov.br\/educacao\/2017\/03\/inscricoes-abertas-para-cursos-de-capacitacao-de-gestores-educacionais\" target=\"_blank\" rel=\"noreferrer\">LEIA MAIS<\/a><\/b><\/p>\n<p style=\"text-align: left;\" align=\"center\"><strong>Fibra \u00f3ptica leva acesso \u00e0 banda larga ao Xingu<\/strong><\/p>\n<p>A regi\u00e3o do Xingu (PA) vai receber 200 quil\u00f4metros de fibra \u00f3ptica que vai levar internet banda larga para 12 munic\u00edpios, beneficiando 600 mil pessoas.\u00a0A iniciativa, conhecida como projeto Xingu Conectado, foi apresentada nesta quarta-feira (15) aos prefeitos da regi\u00e3o.\u00a0As obras v\u00e3o custar R$ 14 milh\u00f5es e beneficiar a popula\u00e7\u00e3o dos munic\u00edpios de Altamira, Anapu, Brasil Novo, Gurup\u00e1, Medicil\u00e2ndia, Pacaj\u00e1, Placas, Porto de Moz, Senador Jos\u00e9 Porf\u00edrio, Uruar\u00e1, Vit\u00f3ria do Xingu e S\u00e3o F\u00e9lix do Xingu.\u00a0O projeto \u00e9 uma a\u00e7\u00e3o conjunta do governo federal, Telebras, Governo do Par\u00e1 e Empresa de Processamento de Dados do Par\u00e1 (Prodepa).<\/p>\n<p align=\"right\"><b><a href=\"http:\/\/www.brasil.gov.br\/ciencia-e-tecnologia\/2017\/03\/fibra-optica-leva-acesso-a-banda-larga-ao-xingu\" target=\"_blank\" rel=\"noreferrer\">LEIA MAIS<\/a><\/b><\/p>\n<p style=\"text-align: left;\" align=\"center\"><strong>RJ vai receber mais 1 milh\u00e3o de doses extras\u00a0da vacina contra febre amarela<\/strong><\/p>\n<p>O Estado do Rio de Janeiro vai receber, nesta quinta-feira (15), mais 1 milh\u00e3o de doses de vacinas contra a febre amarela. O quantitativo ser\u00e1 entregue \u00e0 Secretaria Estadual de Sa\u00fade do Rio de Janeiro (SES\/RJ), que far\u00e1 a distribui\u00e7\u00e3o para os munic\u00edpios. A prioridade \u00e9 imunizar a popula\u00e7\u00e3o residente ou que trabalha em \u00e1reas de mata e zonas rurais. No total, 14,95 milh\u00f5es de doses extras foram enviadas para cinco estados: Minas Gerais (6,5 milh\u00f5es), S\u00e3o Paulo (3,25 milh\u00f5es), Esp\u00edrito Santo (3,25 milh\u00f5es), Rio de Janeiro (1,05 milh\u00e3o) e Bahia (900 mil). O quantitativo \u00e9 um adicional \u00e0s doses de rotina do Calend\u00e1rio Nacional de Vacina\u00e7\u00e3o, enviadas mensalmente aos estados.<\/p>\n<p align=\"right\"><b><a href=\"http:\/\/www.brasil.gov.br\/saude\/2017\/03\/rio-vai-receber-mais-1-milhao-de-doses-extras-da-vacina-contra-febre-amarela\" target=\"_blank\" rel=\"noreferrer\">LEIA MAIS<\/a><\/b><\/p>\n<p style=\"text-align: left;\" align=\"center\"><strong>Inscri\u00e7\u00f5es abertas para cursos de capacita\u00e7\u00e3o de gestores educacionais<\/strong><\/p>\n<p>Est\u00e3o abertas as inscri\u00e7\u00f5es para o <a href=\"http:\/\/www.fnde.gov.br\/programas\/formacao-pela-escola\/formacao-pela-escola-cursos-ofertados\/formacao-pela-escola-cronograma\" target=\"_blank\" rel=\"noreferrer\">segundo per\u00edodo<\/a>\u00a0de 2017 dos cursos de capacita\u00e7\u00e3o a dist\u00e2ncia do programa Forma\u00e7\u00e3o pela Escola. As aulas s\u00e3o voltadas para gestores e t\u00e9cnicos educacionais das redes p\u00fablicas de ensino, conselheiros de controle social e cidad\u00e3os interessados em conhecer as a\u00e7\u00f5es e programas do Fundo Nacional de Desenvolvimento da Educa\u00e7\u00e3o (FNDE). Os candidatos devem procurar a coordena\u00e7\u00e3o do programa de seu estado para verificar a disponibilidade do curso. A rela\u00e7\u00e3o de coordena\u00e7\u00f5es e a ficha de inscri\u00e7\u00e3o est\u00e3o dispon\u00edveis no <a href=\"http:\/\/www.fnde.gov.br\/programas\/formacao-pela-escola\/formacao-pela-escola-consultas\" target=\"_blank\" rel=\"noreferrer\">portal do FNDE<\/a>. A capacita\u00e7\u00e3o, realizada por meio da plataforma de educa\u00e7\u00e3o <i>Moodle<\/i>, deve ser conclu\u00edda em at\u00e9 45 dias.<\/p>\n<p align=\"right\"><b><a href=\"http:\/\/www.brasil.gov.br\/educacao\/2017\/03\/inscricoes-abertas-para-cursos-de-capacitacao-de-gestores-educacionais\" target=\"_blank\" rel=\"noreferrer\">LEIA MAIS<\/a><\/b><\/p>\n","protected":false},"excerpt":{"rendered":"<p>Pagamentos do abono salarial s\u00e3o liberados nesta quinta (16) A Caixa Econ\u00f4mica Federal libera, nesta quinta-feira (16),\u00a0os pagamentos do abono salarial do Programa de Integra\u00e7\u00e3o Social (PIS) aos trabalhadores nascidos nos meses de maio e junho. O saque do benef\u00edcio pode ser feito nos canais de autoatendimento da Caixa, por meio do Cart\u00e3o do Cidad\u00e3o; [&hellip;]<\/p>\n","protected":false},"author":2,"featured_media":0,"comment_status":"open","ping_status":"open","sticky":false,"template":"","format":"standard","meta":{"_links_to":"","_links_to_target":""},"categories":[18,1],"tags":[],"_links":{"self":[{"href":"https:\/\/www.r2cpress.com.br\/v1\/wp-json\/wp\/v2\/posts\/107705"}],"collection":[{"href":"https:\/\/www.r2cpress.com.br\/v1\/wp-json\/wp\/v2\/posts"}],"about":[{"href":"https:\/\/www.r2cpress.com.br\/v1\/wp-json\/wp\/v2\/types\/post"}],"author":[{"embeddable":true,"href":"https:\/\/www.r2cpress.com.br\/v1\/wp-json\/wp\/v2\/users\/2"}],"replies":[{"embeddable":true,"href":"https:\/\/www.r2cpress.com.br\/v1\/wp-json\/wp\/v2\/comments?post=107705"}],"version-history":[{"count":1,"href":"https:\/\/www.r2cpress.com.br\/v1\/wp-json\/wp\/v2\/posts\/107705\/revisions"}],"predecessor-version":[{"id":107706,"href":"https:\/\/www.r2cpress.com.br\/v1\/wp-json\/wp\/v2\/posts\/107705\/revisions\/107706"}],"wp:attachment":[{"href":"https:\/\/www.r2cpress.com.br\/v1\/wp-json\/wp\/v2\/media?parent=107705"}],"wp:term":[{"taxonomy":"category","embeddable":true,"href":"https:\/\/www.r2cpress.com.br\/v1\/wp-json\/wp\/v2\/categories?post=107705"},{"taxonomy":"post_tag","embeddable":true,"href":"https:\/\/www.r2cpress.com.br\/v1\/wp-json\/wp\/v2\/tags?post=107705"}],"curies":[{"name":"wp","href":"https:\/\/api.w.org\/{rel}","templated":true}]}}