{"id":107739,"date":"2017-03-17T14:09:40","date_gmt":"2017-03-17T17:09:40","guid":{"rendered":"http:\/\/www.r2cpress.com.br\/v1\/?p=107739"},"modified":"2017-03-17T14:09:40","modified_gmt":"2017-03-17T17:09:40","slug":"prefeitura-de-ilheus-saude-bucal","status":"publish","type":"post","link":"https:\/\/www.r2cpress.com.br\/v1\/2017\/03\/17\/prefeitura-de-ilheus-saude-bucal\/","title":{"rendered":"PREFEITURA DE ILH\u00c9US \/ SA\u00daDE BUCAL"},"content":{"rendered":"<p><em><strong>A PREFEITURA DE ILH\u00c9US TRANSFORMA  O CENTRO ODONTOL\u00d3GICO NAPOLE\u00c3O MARQUES EM  CENTRO ESPECIALIZADO NAPOLE\u00c3O MARQUES .<\/strong><\/em><\/p>\n<p>Visando melhor atender a popula\u00e7\u00e3o de Ilh\u00e9us , o Centro de Especialidade Odontol\u00f3gica foi transferido da Av Soares Lopes para o antigo posto Napole\u00e3o Marques , dando uma melhor funcionalidade a este espa\u00e7o que n\u00e3o estava sendo bem aproveitado em sua finalidade . Os dentistas e os equipamentos odontol\u00f3gicos do antigo  Napole\u00e3o Marques est\u00e3o sendo distribu\u00eddos  pelos postos de saude de aten\u00e7\u00e3o b\u00e1sica que estavam prec\u00e1rios e est\u00e3o sendo reativados .Os postos da Urbis , Lions , Iguape e Bas\u00edlio ser\u00e3o contemplados . <\/p>\n<p>O nosso objetivo, diz a  Dr\u00aa Claudia Gregori,  \u00e9 organizar e reativar os postos de PSF ( Programa de Sa\u00fade da Fam\u00edlia ) , pois s\u00e3o postos mais acess\u00edveis \u00e0 popula\u00e7\u00e3o e que oferecem os tratamentos da aten\u00e7\u00e3o b\u00e1sica . Esses postos realizam tratamentos odontol\u00f3gicos  de clinica geral e encaminham para o CEO quando se torna necess\u00e1rio um tratamento especializado em Canal , cirurgia, gengiva, pacientes especiais  e radiografia , al\u00e9m disso ampliamos os atendimentos do CEO para os 3 turnos ( manh\u00e3 , tarde e noite ) e teremos um centro de refer\u00eancia em radiografia para os postos que n\u00e3o possuem aparelhos de Rx. Para l\u00e1 ser\u00e3o encaminhados os pacientes atendidos nos postos de sa\u00fade .<\/p>\n<p>Al\u00e9m disso ampliamos os atendimentos no  Ilh\u00e9us 2 , aumentando os hor\u00e1rios de atendimento reativamos o Lions que estava h\u00e1 muito tempo com somente 1 consult\u00f3rio funcionando , agora ser\u00e3o os 4, acrescentamos 1 consult\u00f3rio na Urbis  , com atendimento noturno , reativaremos o Iguape e o Basilio foi contemplado com 2 dentista e mais um equipamento  e dever\u00e1 receber uma melhoria da infraestrutura para podermos reativar esse PSF Ilh\u00e9us possui  11 postos do PSF , mas apenas 1 estava funcionando . A pedido do Secret\u00e1rio de Sa\u00fade , Osvaldo Dunkel , os mesmos dever\u00e3o ser reativados no menor espa\u00e7o de tempo  poss\u00edvel e nossas a\u00e7\u00f5es dever\u00e3o se mirar em atingir esse objetivo .<\/p>\n<p>&#8220;Temos a certeza de que reativando postos que atendam bem a Popula\u00e7\u00e3o na aten\u00e7\u00e3o b\u00e1sica  , com facilidade de acesso , aumentando os turnos ,cobrando dos servidores uma boa assist\u00eancia  e ampliando os tratamentos e servi\u00e7os especializados , estamos caminhando no  sentido certo&#8221;, finaliza  Dr\u00aa Cl\u00e1udia Gregori.<\/p>\n","protected":false},"excerpt":{"rendered":"<p>A PREFEITURA DE ILH\u00c9US TRANSFORMA O CENTRO ODONTOL\u00d3GICO NAPOLE\u00c3O MARQUES EM CENTRO ESPECIALIZADO NAPOLE\u00c3O MARQUES . Visando melhor atender a popula\u00e7\u00e3o de Ilh\u00e9us , o Centro de Especialidade Odontol\u00f3gica foi transferido da Av Soares Lopes para o antigo posto Napole\u00e3o Marques , dando uma melhor funcionalidade a este espa\u00e7o que n\u00e3o estava sendo bem aproveitado [&hellip;]<\/p>\n","protected":false},"author":2,"featured_media":0,"comment_status":"open","ping_status":"open","sticky":false,"template":"","format":"standard","meta":{"_links_to":"","_links_to_target":""},"categories":[23,24],"tags":[],"_links":{"self":[{"href":"https:\/\/www.r2cpress.com.br\/v1\/wp-json\/wp\/v2\/posts\/107739"}],"collection":[{"href":"https:\/\/www.r2cpress.com.br\/v1\/wp-json\/wp\/v2\/posts"}],"about":[{"href":"https:\/\/www.r2cpress.com.br\/v1\/wp-json\/wp\/v2\/types\/post"}],"author":[{"embeddable":true,"href":"https:\/\/www.r2cpress.com.br\/v1\/wp-json\/wp\/v2\/users\/2"}],"replies":[{"embeddable":true,"href":"https:\/\/www.r2cpress.com.br\/v1\/wp-json\/wp\/v2\/comments?post=107739"}],"version-history":[{"count":4,"href":"https:\/\/www.r2cpress.com.br\/v1\/wp-json\/wp\/v2\/posts\/107739\/revisions"}],"predecessor-version":[{"id":107743,"href":"https:\/\/www.r2cpress.com.br\/v1\/wp-json\/wp\/v2\/posts\/107739\/revisions\/107743"}],"wp:attachment":[{"href":"https:\/\/www.r2cpress.com.br\/v1\/wp-json\/wp\/v2\/media?parent=107739"}],"wp:term":[{"taxonomy":"category","embeddable":true,"href":"https:\/\/www.r2cpress.com.br\/v1\/wp-json\/wp\/v2\/categories?post=107739"},{"taxonomy":"post_tag","embeddable":true,"href":"https:\/\/www.r2cpress.com.br\/v1\/wp-json\/wp\/v2\/tags?post=107739"}],"curies":[{"name":"wp","href":"https:\/\/api.w.org\/{rel}","templated":true}]}}