{"id":107836,"date":"2017-03-20T15:03:21","date_gmt":"2017-03-20T18:03:21","guid":{"rendered":"http:\/\/www.r2cpress.com.br\/v1\/?p=107836"},"modified":"2017-03-20T15:03:21","modified_gmt":"2017-03-20T18:03:21","slug":"ilheus-vai-cadastrar-artistas-grupos-e-espacos-culturais-do-municipio","status":"publish","type":"post","link":"https:\/\/www.r2cpress.com.br\/v1\/2017\/03\/20\/ilheus-vai-cadastrar-artistas-grupos-e-espacos-culturais-do-municipio\/","title":{"rendered":"Ilh\u00e9us vai cadastrar artistas, grupos e espa\u00e7os culturais do munic\u00edpio"},"content":{"rendered":"<p><div id=\"attachment_107838\" style=\"width: 320px\" class=\"wp-caption alignleft\"><a href=\"http:\/\/www.r2cpress.com.br\/v1\/wp-content\/uploads\/2017\/03\/Ilh\u00e9us-vai-cadastrar-artistas-grupos-e-espa\u00e7os-culturais-do-munic\u00edpio-\u2013-Secom-Ilh\u00e9us.jpg\"><img aria-describedby=\"caption-attachment-107838\" loading=\"lazy\" src=\"http:\/\/www.r2cpress.com.br\/v1\/wp-content\/uploads\/2017\/03\/Ilh\u00e9us-vai-cadastrar-artistas-grupos-e-espa\u00e7os-culturais-do-munic\u00edpio-\u2013-Secom-Ilh\u00e9us.jpg\" alt=\"\" width=\"310\" height=\"211\" class=\"size-full wp-image-107838\" srcset=\"https:\/\/www.r2cpress.com.br\/v1\/wp-content\/uploads\/2017\/03\/Ilh\u00e9us-vai-cadastrar-artistas-grupos-e-espa\u00e7os-culturais-do-munic\u00edpio-\u2013-Secom-Ilh\u00e9us.jpg 310w, https:\/\/www.r2cpress.com.br\/v1\/wp-content\/uploads\/2017\/03\/Ilh\u00e9us-vai-cadastrar-artistas-grupos-e-espa\u00e7os-culturais-do-munic\u00edpio-\u2013-Secom-Ilh\u00e9us-300x204.jpg 300w\" sizes=\"(max-width: 310px) 100vw, 310px\" \/><\/a><p id=\"caption-attachment-107838\" class=\"wp-caption-text\">Ilh\u00e9us vai cadastrar artistas, grupos e espa\u00e7os culturais do munic\u00edpio \u2013 Secom Ilh\u00e9us<\/p><\/div>A secretaria municipal de Cultura (Secult) inicia, a partir desta quinta-feira, 23, o cadastramento de artistas, grupos e espa\u00e7os culturais de Ilh\u00e9us para inscrever no Cad Cultura. O objetivo \u00e9 mapear os fazedores de cultura e os locais onde as atividades art\u00edsticas acontecem. Podem se cadastrar, atrav\u00e9s do  www.nossaculturailheus.blogspot.com, no link Cad Cultura, atores, dan\u00e7arinos, escritores, poetas, cordelistas, ind\u00edgenas, artistas de circo, produtores culturais, cantores, compositores e os demais agentes culturais.<\/p>\n<p>De acordo com o especialista em Gest\u00e3o da Cultura, Pawlo Cidade, da Secult, o cadastramento do Cad Cultura se estende at\u00e9 o dia 5 de maio deste ano. O resultado ser\u00e1 apresentado na IV Confer\u00eancia de Cultura, que acontece no segundo semestre de 2017. Mesmo quem j\u00e1 tenha se cadastrado em outro momento deve atualizar os dados.<\/p>\n<p>O cadastramento acontece em duas etapas: a primeira, atrav\u00e9s de meio digital, e a segunda, in loco, nas comunidades e bairros onde desenvolvem a\u00e7\u00f5es ou residem artistas e fazedores de cultura. &#8220;O mapeamento vai permitir o cumprimento de algumas metas previstas no Plano Municipal de Cultura, a exemplo de cartografia da diversidade das express\u00f5es culturais no territ\u00f3rio ilheense&#8221;, ressaltou.<\/p>\n<p>Pawlo Cidade disse que &#8220;o mapeamento art\u00edstico e cultural tamb\u00e9m foi previsto no plano de governo do prefeito M\u00e1rio Alexandre, atrav\u00e9s da diretriz estrutural 9, al\u00ednea &#8220;a&#8221;, no horizonte dos 100 dias de gest\u00e3o. Conhecer o espa\u00e7o, as a\u00e7\u00f5es e os agentes s\u00e3o condi\u00e7\u00f5es indispens\u00e1veis para a cria\u00e7\u00e3o de plano de a\u00e7\u00e3o que contemple a diversidade cultural de Ilh\u00e9us. Conhecemos os grupos, as companhias e os artistas que est\u00e3o sempre nas redes sociais, na m\u00eddia, nos eventos, mas n\u00e3o a artes\u00e3 de Sambaituba, o grupo de teatro da igreja, a turma do curso de viol\u00e3o, de bateria, de maculel\u00ea, dentre outros. Queremos cadastrar todos e dar visibilidade \u00e0s suas a\u00e7\u00f5es&#8221;, salientou.<\/p>\n","protected":false},"excerpt":{"rendered":"<p>A secretaria municipal de Cultura (Secult) inicia, a partir desta quinta-feira, 23, o cadastramento de artistas, grupos e espa\u00e7os culturais de Ilh\u00e9us para inscrever no Cad Cultura. O objetivo \u00e9 mapear os fazedores de cultura e os locais onde as atividades art\u00edsticas acontecem. Podem se cadastrar, atrav\u00e9s do www.nossaculturailheus.blogspot.com, no link Cad Cultura, atores, dan\u00e7arinos, [&hellip;]<\/p>\n","protected":false},"author":2,"featured_media":0,"comment_status":"open","ping_status":"open","sticky":false,"template":"","format":"standard","meta":{"_links_to":"","_links_to_target":""},"categories":[5,23],"tags":[],"_links":{"self":[{"href":"https:\/\/www.r2cpress.com.br\/v1\/wp-json\/wp\/v2\/posts\/107836"}],"collection":[{"href":"https:\/\/www.r2cpress.com.br\/v1\/wp-json\/wp\/v2\/posts"}],"about":[{"href":"https:\/\/www.r2cpress.com.br\/v1\/wp-json\/wp\/v2\/types\/post"}],"author":[{"embeddable":true,"href":"https:\/\/www.r2cpress.com.br\/v1\/wp-json\/wp\/v2\/users\/2"}],"replies":[{"embeddable":true,"href":"https:\/\/www.r2cpress.com.br\/v1\/wp-json\/wp\/v2\/comments?post=107836"}],"version-history":[{"count":2,"href":"https:\/\/www.r2cpress.com.br\/v1\/wp-json\/wp\/v2\/posts\/107836\/revisions"}],"predecessor-version":[{"id":107839,"href":"https:\/\/www.r2cpress.com.br\/v1\/wp-json\/wp\/v2\/posts\/107836\/revisions\/107839"}],"wp:attachment":[{"href":"https:\/\/www.r2cpress.com.br\/v1\/wp-json\/wp\/v2\/media?parent=107836"}],"wp:term":[{"taxonomy":"category","embeddable":true,"href":"https:\/\/www.r2cpress.com.br\/v1\/wp-json\/wp\/v2\/categories?post=107836"},{"taxonomy":"post_tag","embeddable":true,"href":"https:\/\/www.r2cpress.com.br\/v1\/wp-json\/wp\/v2\/tags?post=107836"}],"curies":[{"name":"wp","href":"https:\/\/api.w.org\/{rel}","templated":true}]}}