{"id":107841,"date":"2017-03-20T18:38:54","date_gmt":"2017-03-20T21:38:54","guid":{"rendered":"http:\/\/www.r2cpress.com.br\/v1\/?p=107841"},"modified":"2017-03-20T18:38:54","modified_gmt":"2017-03-20T21:38:54","slug":"centro-especializado-odontologico-mantera-nome-de-napoleao-marques-em-ilheus","status":"publish","type":"post","link":"https:\/\/www.r2cpress.com.br\/v1\/2017\/03\/20\/centro-especializado-odontologico-mantera-nome-de-napoleao-marques-em-ilheus\/","title":{"rendered":"Centro Especializado Odontol\u00f3gico manter\u00e1  nome de Napole\u00e3o Marques, em Ilh\u00e9us"},"content":{"rendered":"<p>A Secretaria de Sa\u00fade do Munic\u00edpio (Sesau) de Ilh\u00e9us informa que o Centro Especializado Odontol\u00f3gico (CEO), atualmente instalado na Avenida Soares Lopes, ser\u00e1 transferido para o Centro Odontol\u00f3gico Napole\u00e3o Marques, localizado no bairro S\u00e3o Francisco, na zona sul da cidade. A gerente T\u00e9cnica e de Planejamento da Secretaria, Sonilda Mello, explica que Centro Especializado Odontol\u00f3gico continuar\u00e1 com o nome do falecido ortodentista Napole\u00e3o Marques. <div id=\"attachment_107842\" style=\"width: 610px\" class=\"wp-caption aligncenter\"><a href=\"http:\/\/www.r2cpress.com.br\/v1\/wp-content\/uploads\/2017\/03\/Centro-Odontol\u00f3gico-Napol\u00e9\u00e3o-Marques-Secom-Ilh\u00e9us.jpg\"><img aria-describedby=\"caption-attachment-107842\" loading=\"lazy\" src=\"http:\/\/www.r2cpress.com.br\/v1\/wp-content\/uploads\/2017\/03\/Centro-Odontol\u00f3gico-Napol\u00e9\u00e3o-Marques-Secom-Ilh\u00e9us.jpg\" alt=\"\" width=\"600\" height=\"400\" class=\"size-full wp-image-107842\" srcset=\"https:\/\/www.r2cpress.com.br\/v1\/wp-content\/uploads\/2017\/03\/Centro-Odontol\u00f3gico-Napol\u00e9\u00e3o-Marques-Secom-Ilh\u00e9us.jpg 600w, https:\/\/www.r2cpress.com.br\/v1\/wp-content\/uploads\/2017\/03\/Centro-Odontol\u00f3gico-Napol\u00e9\u00e3o-Marques-Secom-Ilh\u00e9us-300x200.jpg 300w\" sizes=\"(max-width: 600px) 100vw, 600px\" \/><\/a><p id=\"caption-attachment-107842\" class=\"wp-caption-text\">Centro Odontol\u00f3gico Napol\u00e9\u00e3o Marques &#8211; Secom Ilh\u00e9us<\/p><\/div> &#8220;N\u00f3s vamos apenas trocar o CEO de lugar, ou seja, ele vai sair da Avenida &#8211; porque o propriet\u00e1rio solicitou o im\u00f3vel &#8211; e ser\u00e1 instalado em im\u00f3vel pr\u00f3prio da Prefeitura, onde funciona o Centro Odontol\u00f3gico, que passar\u00e1 a ser denominado Centro Especializado Odontol\u00f3gico Napole\u00e3o Marques. N\u00e3o vai tirar, de jeito nenhum, o nome em homenagem a Napole\u00e3o Marques. Isso n\u00e3o procede&#8221;, ratificou Sonilda Mello.<\/p>\n<p>Segundo a gerente T\u00e9cnica e de Planejamento da Secretaria, Sonilda Mello, com essas mudan\u00e7as &#8220;n\u00f3s estamos mantendo o atendimento odontol\u00f3gico na zona sul e tamb\u00e9m ampliando para as unidades de sa\u00fade que ainda n\u00e3o possuem, como por exemplo, o Centro de Sa\u00fade do Hernani S\u00e1 (Urbis), tr\u00eas consult\u00f3rios no Nossa Senhora das Vit\u00f3rias, um no Centro de Sa\u00fade do Iguape, na zona norte. Ent\u00e3o, n\u00f3s estamos levando o atendimento odontol\u00f3gico para mais pr\u00f3ximo da popula\u00e7\u00e3o&#8221;, acrescentou.<\/p>\n<p>Por sua vez, a coordenadora de Sa\u00fade Bucal da Sesau, Cl\u00e1udia Gregori, declara que &#8220;o nosso objetivo \u00e9 organizar e reativar o atendimento odontol\u00f3gico nos postos de PSF (Programa de Sa\u00fade da Fam\u00edlia), pois s\u00e3o mais acess\u00edveis \u00e0 popula\u00e7\u00e3o e oferecem os tratamentos da aten\u00e7\u00e3o b\u00e1sica. Esses postos realizam tratamentos odontol\u00f3gicos de clinica geral e encaminham para o CEO quando se torna necess\u00e1rio um tratamento especializado em canal, cirurgia, gengiva, pacientes especiais e radiografia.&#8221;<\/p>\n<p>Ela acrescenta que, al\u00e9m disso, &#8220;ampliamos o atendimento do CEO &#8211; Centro Especializado Odontol\u00f3gico para os tr\u00eas turnos (manh\u00e3, tarde e noite) e teremos um centro de refer\u00eancia em radiografia para os postos que n\u00e3o possuem aparelhos de Raios-X. Para l\u00e1, ser\u00e3o encaminhados os pacientes atendidos nos postos de sa\u00fade&#8221;, acrescentou Cl\u00e1udia Gregori.<\/p>\n","protected":false},"excerpt":{"rendered":"<p>A Secretaria de Sa\u00fade do Munic\u00edpio (Sesau) de Ilh\u00e9us informa que o Centro Especializado Odontol\u00f3gico (CEO), atualmente instalado na Avenida Soares Lopes, ser\u00e1 transferido para o Centro Odontol\u00f3gico Napole\u00e3o Marques, localizado no bairro S\u00e3o Francisco, na zona sul da cidade. A gerente T\u00e9cnica e de Planejamento da Secretaria, Sonilda Mello, explica que Centro Especializado Odontol\u00f3gico [&hellip;]<\/p>\n","protected":false},"author":2,"featured_media":0,"comment_status":"open","ping_status":"open","sticky":false,"template":"","format":"standard","meta":{"_links_to":"","_links_to_target":""},"categories":[23,24],"tags":[],"_links":{"self":[{"href":"https:\/\/www.r2cpress.com.br\/v1\/wp-json\/wp\/v2\/posts\/107841"}],"collection":[{"href":"https:\/\/www.r2cpress.com.br\/v1\/wp-json\/wp\/v2\/posts"}],"about":[{"href":"https:\/\/www.r2cpress.com.br\/v1\/wp-json\/wp\/v2\/types\/post"}],"author":[{"embeddable":true,"href":"https:\/\/www.r2cpress.com.br\/v1\/wp-json\/wp\/v2\/users\/2"}],"replies":[{"embeddable":true,"href":"https:\/\/www.r2cpress.com.br\/v1\/wp-json\/wp\/v2\/comments?post=107841"}],"version-history":[{"count":1,"href":"https:\/\/www.r2cpress.com.br\/v1\/wp-json\/wp\/v2\/posts\/107841\/revisions"}],"predecessor-version":[{"id":107843,"href":"https:\/\/www.r2cpress.com.br\/v1\/wp-json\/wp\/v2\/posts\/107841\/revisions\/107843"}],"wp:attachment":[{"href":"https:\/\/www.r2cpress.com.br\/v1\/wp-json\/wp\/v2\/media?parent=107841"}],"wp:term":[{"taxonomy":"category","embeddable":true,"href":"https:\/\/www.r2cpress.com.br\/v1\/wp-json\/wp\/v2\/categories?post=107841"},{"taxonomy":"post_tag","embeddable":true,"href":"https:\/\/www.r2cpress.com.br\/v1\/wp-json\/wp\/v2\/tags?post=107841"}],"curies":[{"name":"wp","href":"https:\/\/api.w.org\/{rel}","templated":true}]}}