{"id":107848,"date":"2017-03-20T19:00:16","date_gmt":"2017-03-20T22:00:16","guid":{"rendered":"http:\/\/www.r2cpress.com.br\/v1\/?p=107848"},"modified":"2017-03-20T19:00:16","modified_gmt":"2017-03-20T22:00:16","slug":"rui-anuncia-construcao-de-forum-e-entrega-viaturas-em-porto-seguro","status":"publish","type":"post","link":"https:\/\/www.r2cpress.com.br\/v1\/2017\/03\/20\/rui-anuncia-construcao-de-forum-e-entrega-viaturas-em-porto-seguro\/","title":{"rendered":"Rui anuncia constru\u00e7\u00e3o\u00a0de f\u00f3rum\u00a0e entrega viaturas em Porto Seguro"},"content":{"rendered":"<div>O novo F\u00f3rum de Porto Seguro, no sul da Bahia, ser\u00e1 constru\u00eddo em um terreno doado pelo Governo do Estado, ao lado do Distrito Integrado de Seguran\u00e7a P\u00fablica (Disep), inaugurado em fevereiro. A novidade foi anunciada nesta\u00a0segunda-feira (20), pelo governador Rui Costa, durante reuni\u00e3o itinerante do Pacto pela Vida em Eun\u00e1polis, no extremo sul da Bahia. Ainda nesta\u00a0segunda\u00a0(20), em Porto Seguro, Rui entregou tr\u00eas viaturas &#8211; duas para a Pol\u00edcia Civil e uma para o Corpo de Bombeiros &#8211; al\u00e9m de equipamentos de desencarceramento para os bombeiros.<\/div>\n<div>\n<div id=\"attachment_107849\" style=\"width: 610px\" class=\"wp-caption aligncenter\"><a href=\"http:\/\/www.r2cpress.com.br\/v1\/wp-content\/uploads\/2017\/03\/Foto-Amanda-Oliveira-GOVBA.jpg\"><img aria-describedby=\"caption-attachment-107849\" loading=\"lazy\" class=\"size-full wp-image-107849\" src=\"http:\/\/www.r2cpress.com.br\/v1\/wp-content\/uploads\/2017\/03\/Foto-Amanda-Oliveira-GOVBA.jpg\" alt=\"\" width=\"600\" height=\"400\" srcset=\"https:\/\/www.r2cpress.com.br\/v1\/wp-content\/uploads\/2017\/03\/Foto-Amanda-Oliveira-GOVBA.jpg 600w, https:\/\/www.r2cpress.com.br\/v1\/wp-content\/uploads\/2017\/03\/Foto-Amanda-Oliveira-GOVBA-300x200.jpg 300w\" sizes=\"(max-width: 600px) 100vw, 600px\" \/><\/a><p id=\"caption-attachment-107849\" class=\"wp-caption-text\"><em><strong>Foto Amanda Oliveira GOVBA<\/strong><\/em><\/p><\/div>\n<div id=\"attachment_107850\" style=\"width: 610px\" class=\"wp-caption aligncenter\"><a href=\"http:\/\/www.r2cpress.com.br\/v1\/wp-content\/uploads\/2017\/03\/Foto-by-Amanda-Oliveira-GOVBA.jpg\"><img aria-describedby=\"caption-attachment-107850\" loading=\"lazy\" class=\"size-full wp-image-107850\" src=\"http:\/\/www.r2cpress.com.br\/v1\/wp-content\/uploads\/2017\/03\/Foto-by-Amanda-Oliveira-GOVBA.jpg\" alt=\"\" width=\"600\" height=\"400\" srcset=\"https:\/\/www.r2cpress.com.br\/v1\/wp-content\/uploads\/2017\/03\/Foto-by-Amanda-Oliveira-GOVBA.jpg 600w, https:\/\/www.r2cpress.com.br\/v1\/wp-content\/uploads\/2017\/03\/Foto-by-Amanda-Oliveira-GOVBA-300x200.jpg 300w\" sizes=\"(max-width: 600px) 100vw, 600px\" \/><\/a><p id=\"caption-attachment-107850\" class=\"wp-caption-text\"><em><strong>Foto Amanda Oliveira GOVBA<\/strong><\/em><\/p><\/div>\n<\/div>\n<div>O governador comentou que a presidente do Tribunal de Justi\u00e7a, Maria do Socorro Barreto, &#8220;nos perguntou se t\u00ednhamos um terreno aqui e, imediatamente, eu disse que tinha, ao lado do Disep. J\u00e1 acertamos e ela vai providenciar a constru\u00e7\u00e3o do F\u00f3rum de Porto Seguro, dando melhores condi\u00e7\u00f5es para os ju\u00edzes, promotores e defensores trabalharem&#8221;.<\/div>\n<div><\/div>\n<div>De acordo com a presidente do TJ, o projeto j\u00e1 est\u00e1 pronto para a constru\u00e7\u00e3o. &#8220;S\u00f3 nos faltava o terreno. O governador nos propiciou este presente maravilhoso para toda a comunidade e toda a vizinhan\u00e7a que vai se servir aqui. \u00c9 o jurisdicionado que ganha. Vamos come\u00e7ar a construir imediatamente. O terreno \u00e9 maravilhoso, grande e j\u00e1 est\u00e1 terraplanado. Pretendemos construir at\u00e9 o fim do ano&#8221;.<\/div>\n<div><\/div>\n<div>Sobre as viaturas, Rui afirmou que elas est\u00e3o dentro da estrat\u00e9gia de equipar melhor a seguran\u00e7a p\u00fablica. &#8220;A viatura dos bombeiros n\u00e3o \u00e9 para combate e, sim, para preven\u00e7\u00e3o. A atua\u00e7\u00e3o dos bombeiros est\u00e1 sendo fortalecida para fiscaliza\u00e7\u00e3o e preven\u00e7\u00e3o. No caso da Pol\u00edcia Civil, uma das viaturas \u00e9 para a nova Delegacia de Entorpecentes de Porto Seguro, onde o novo delegado acabou de assumir&#8221;.<\/div>\n<div><\/div>\n","protected":false},"excerpt":{"rendered":"<p>O novo F\u00f3rum de Porto Seguro, no sul da Bahia, ser\u00e1 constru\u00eddo em um terreno doado pelo Governo do Estado, ao lado do Distrito Integrado de Seguran\u00e7a P\u00fablica (Disep), inaugurado em fevereiro. A novidade foi anunciada nesta\u00a0segunda-feira (20), pelo governador Rui Costa, durante reuni\u00e3o itinerante do Pacto pela Vida em Eun\u00e1polis, no extremo sul da [&hellip;]<\/p>\n","protected":false},"author":2,"featured_media":0,"comment_status":"open","ping_status":"open","sticky":false,"template":"","format":"standard","meta":{"_links_to":"","_links_to_target":""},"categories":[29,25],"tags":[],"_links":{"self":[{"href":"https:\/\/www.r2cpress.com.br\/v1\/wp-json\/wp\/v2\/posts\/107848"}],"collection":[{"href":"https:\/\/www.r2cpress.com.br\/v1\/wp-json\/wp\/v2\/posts"}],"about":[{"href":"https:\/\/www.r2cpress.com.br\/v1\/wp-json\/wp\/v2\/types\/post"}],"author":[{"embeddable":true,"href":"https:\/\/www.r2cpress.com.br\/v1\/wp-json\/wp\/v2\/users\/2"}],"replies":[{"embeddable":true,"href":"https:\/\/www.r2cpress.com.br\/v1\/wp-json\/wp\/v2\/comments?post=107848"}],"version-history":[{"count":2,"href":"https:\/\/www.r2cpress.com.br\/v1\/wp-json\/wp\/v2\/posts\/107848\/revisions"}],"predecessor-version":[{"id":107852,"href":"https:\/\/www.r2cpress.com.br\/v1\/wp-json\/wp\/v2\/posts\/107848\/revisions\/107852"}],"wp:attachment":[{"href":"https:\/\/www.r2cpress.com.br\/v1\/wp-json\/wp\/v2\/media?parent=107848"}],"wp:term":[{"taxonomy":"category","embeddable":true,"href":"https:\/\/www.r2cpress.com.br\/v1\/wp-json\/wp\/v2\/categories?post=107848"},{"taxonomy":"post_tag","embeddable":true,"href":"https:\/\/www.r2cpress.com.br\/v1\/wp-json\/wp\/v2\/tags?post=107848"}],"curies":[{"name":"wp","href":"https:\/\/api.w.org\/{rel}","templated":true}]}}