{"id":107911,"date":"2017-03-22T17:49:09","date_gmt":"2017-03-22T20:49:09","guid":{"rendered":"http:\/\/www.r2cpress.com.br\/v1\/?p=107911"},"modified":"2017-03-22T17:49:09","modified_gmt":"2017-03-22T20:49:09","slug":"ibametro-e-detran-assinam-convenio-para-controle-de-tacografos","status":"publish","type":"post","link":"https:\/\/www.r2cpress.com.br\/v1\/2017\/03\/22\/ibametro-e-detran-assinam-convenio-para-controle-de-tacografos\/","title":{"rendered":"Ibametro e Detran assinam conv\u00eanio para controle de tac\u00f3grafos"},"content":{"rendered":"<div><\/div>\n<div>Contribuir para a redu\u00e7\u00e3o de acidentes nas estradas baianas a partir da fiscaliza\u00e7\u00e3o mais intensa do cronotac\u00f3grafo, equipamento considerado a caixa preta de ve\u00edculos de grande porte na investiga\u00e7\u00e3o de ocorr\u00eancias. Este \u00e9 o objetivo do termo de coopera\u00e7\u00e3o t\u00e9cnica assinado pelo Departamento Estadual de Tr\u00e2nsito da Bahia (Detran-BA) e pelo Instituto Baiano de Metrologia e Qualidade (Ibametro), nesta quarta-feira (22), na sede do Detran, em Salvador.<\/div>\n<div>\n<div id=\"attachment_107912\" style=\"width: 610px\" class=\"wp-caption aligncenter\"><a href=\"http:\/\/www.r2cpress.com.br\/v1\/wp-content\/uploads\/2017\/03\/Assinatura-de-termo-de-coopera\u00e7\u00e3o-t\u00e9cnica.jpg\"><img aria-describedby=\"caption-attachment-107912\" loading=\"lazy\" class=\"size-full wp-image-107912\" src=\"http:\/\/www.r2cpress.com.br\/v1\/wp-content\/uploads\/2017\/03\/Assinatura-de-termo-de-coopera\u00e7\u00e3o-t\u00e9cnica.jpg\" alt=\"\" width=\"600\" height=\"337\" srcset=\"https:\/\/www.r2cpress.com.br\/v1\/wp-content\/uploads\/2017\/03\/Assinatura-de-termo-de-coopera\u00e7\u00e3o-t\u00e9cnica.jpg 600w, https:\/\/www.r2cpress.com.br\/v1\/wp-content\/uploads\/2017\/03\/Assinatura-de-termo-de-coopera\u00e7\u00e3o-t\u00e9cnica-300x169.jpg 300w\" sizes=\"(max-width: 600px) 100vw, 600px\" \/><\/a><p id=\"caption-attachment-107912\" class=\"wp-caption-text\"><em><strong>Assinatura de termo de coopera\u00e7\u00e3o t\u00e9cnica\/divulga\u00e7\u00e3o<\/strong><\/em><\/p><\/div>\n<\/div>\n<div>A parceria entre os \u00f3rg\u00e3os vai ampliar o controle da circula\u00e7\u00e3o dos ve\u00edculos, preservando vidas humanas. O cronotac\u00f3grafo registra velocidade, tempo e dist\u00e2ncia percorrida pelo autom\u00f3vel, permitindo descrever o comportamento do motorista. Tais informa\u00e7\u00f5es s\u00e3o aceitas legalmente como prova em caso de acidentes ou den\u00fancias de m\u00e1 condu\u00e7\u00e3o do ve\u00edculo.<\/div>\n<div><\/div>\n<div>Os propriet\u00e1rios de caminh\u00f5es, \u00f4nibus e vans dever\u00e3o apresentar ao Detran, a cada dois anos, os certificados expedidos pelo Ibametro. As informa\u00e7\u00f5es apresentadas ser\u00e3o armazenadas no Registro Nacional de Ve\u00edculos (Renavam). &#8220;Estaremos ao lado do Ibametro para intensificar a fiscaliza\u00e7\u00e3o da velocidade utilizada e do comportamento do condutor. \u00c9 mais uma a\u00e7\u00e3o nossa para salvar vidas, no esfor\u00e7o pela garantia da seguran\u00e7a vi\u00e1ria no estado&#8221;, afirmou o diretor-geral do Detran, L\u00facio Gomes.<\/div>\n<div><\/div>\n<div>O diretor-geral do Ibametro, Randerson Leal, explica que a fiscaliza\u00e7\u00e3o cont\u00ednua acontece nas principais estradas baianas, em parceria com a Pol\u00edcia Rodovi\u00e1ria Federal (PRF) e o Batalh\u00e3o Rodovi\u00e1rio da PM. &#8220;Agora, com o Detran, vamos ampliar nosso raio de a\u00e7\u00e3o para que os motoristas abordados apresentem o certificado, atestando que o equipamento est\u00e1 funcionando corretamente. Essa a\u00e7\u00e3o mais efetiva certamente impactar\u00e1 na redu\u00e7\u00e3o dos acidentes, muitos dos quais com v\u00edtimas fatais&#8221;, destacou Leal.<\/div>\n<div><\/div>\n<div><b>Uso obrigat\u00f3rio\u00a0<\/b><\/div>\n<div><\/div>\n<div>Em 2016, o Ibametro verificou mais de 25 mil cronotac\u00f3grafos. Este ano, oito mil j\u00e1 foram certificados. O uso do equipamento foi regulamentado pela resolu\u00e7\u00e3o 92\/1999 do Conselho Nacional de Tr\u00e2nsito (Contran) e passou a ser obrigat\u00f3rio em ve\u00edculos de carga, com peso bruto superior a 4.536 quilos, e de passageiros, com mais de 10 lugares.<\/div>\n<div><\/div>\n<div>O equipamento possui um disco diagrama, de papel especial, que registra as velocidades desenvolvidas pelos ve\u00edculos, intervalo de tempo parado e em deslocamento e dist\u00e2ncias percorridas. Na parte central, h\u00e1 espa\u00e7o para o nome do condutor, local, data de in\u00edcio e fim do percurso e identifica\u00e7\u00e3o do ve\u00edculo.<\/div>\n","protected":false},"excerpt":{"rendered":"<p>Contribuir para a redu\u00e7\u00e3o de acidentes nas estradas baianas a partir da fiscaliza\u00e7\u00e3o mais intensa do cronotac\u00f3grafo, equipamento considerado a caixa preta de ve\u00edculos de grande porte na investiga\u00e7\u00e3o de ocorr\u00eancias. Este \u00e9 o objetivo do termo de coopera\u00e7\u00e3o t\u00e9cnica assinado pelo Departamento Estadual de Tr\u00e2nsito da Bahia (Detran-BA) e pelo Instituto Baiano de Metrologia [&hellip;]<\/p>\n","protected":false},"author":2,"featured_media":0,"comment_status":"open","ping_status":"open","sticky":false,"template":"","format":"standard","meta":{"_links_to":"","_links_to_target":""},"categories":[29,25],"tags":[],"_links":{"self":[{"href":"https:\/\/www.r2cpress.com.br\/v1\/wp-json\/wp\/v2\/posts\/107911"}],"collection":[{"href":"https:\/\/www.r2cpress.com.br\/v1\/wp-json\/wp\/v2\/posts"}],"about":[{"href":"https:\/\/www.r2cpress.com.br\/v1\/wp-json\/wp\/v2\/types\/post"}],"author":[{"embeddable":true,"href":"https:\/\/www.r2cpress.com.br\/v1\/wp-json\/wp\/v2\/users\/2"}],"replies":[{"embeddable":true,"href":"https:\/\/www.r2cpress.com.br\/v1\/wp-json\/wp\/v2\/comments?post=107911"}],"version-history":[{"count":1,"href":"https:\/\/www.r2cpress.com.br\/v1\/wp-json\/wp\/v2\/posts\/107911\/revisions"}],"predecessor-version":[{"id":107913,"href":"https:\/\/www.r2cpress.com.br\/v1\/wp-json\/wp\/v2\/posts\/107911\/revisions\/107913"}],"wp:attachment":[{"href":"https:\/\/www.r2cpress.com.br\/v1\/wp-json\/wp\/v2\/media?parent=107911"}],"wp:term":[{"taxonomy":"category","embeddable":true,"href":"https:\/\/www.r2cpress.com.br\/v1\/wp-json\/wp\/v2\/categories?post=107911"},{"taxonomy":"post_tag","embeddable":true,"href":"https:\/\/www.r2cpress.com.br\/v1\/wp-json\/wp\/v2\/tags?post=107911"}],"curies":[{"name":"wp","href":"https:\/\/api.w.org\/{rel}","templated":true}]}}