{"id":107997,"date":"2017-03-26T13:51:32","date_gmt":"2017-03-26T16:51:32","guid":{"rendered":"http:\/\/www.r2cpress.com.br\/v1\/?p=107997"},"modified":"2017-03-26T13:51:32","modified_gmt":"2017-03-26T16:51:32","slug":"bahia-tribunal-de-justica-maconico","status":"publish","type":"post","link":"https:\/\/www.r2cpress.com.br\/v1\/2017\/03\/26\/bahia-tribunal-de-justica-maconico\/","title":{"rendered":"BAHIA \/ TRIBUNAL DE JUSTI\u00c7A MA\u00c7\u00d4NICO"},"content":{"rendered":"<p>Recondu\u00e7\u00e3o dos Iir.&#8217;. Tadeu Bahia e Ant\u00f4nio Bezerra ao <strong>TRIBUNAL DE JUSTI\u00c7A MA\u00c7\u00d4NICO<\/strong>, bem como posse dos Ju\u00edzes Iir.&#8217;. Alu\u00edsio Carvalho e Tiago de Freitas no citado Tribunal<\/p>\n<h1 style=\"text-align: center;\"><a href=\"http:\/\/www.r2cpress.com.br\/v1\/wp-content\/uploads\/2017\/03\/tribunal-ma\u00e7\u00f4nico-goeb500.jpg\"><img loading=\"lazy\" class=\"wp-image-108003 aligncenter\" src=\"http:\/\/www.r2cpress.com.br\/v1\/wp-content\/uploads\/2017\/03\/tribunal-ma\u00e7\u00f4nico-goeb500.jpg\" alt=\"\" width=\"602\" height=\"259\" srcset=\"https:\/\/www.r2cpress.com.br\/v1\/wp-content\/uploads\/2017\/03\/tribunal-ma\u00e7\u00f4nico-goeb500.jpg 500w, https:\/\/www.r2cpress.com.br\/v1\/wp-content\/uploads\/2017\/03\/tribunal-ma\u00e7\u00f4nico-goeb500-300x129.jpg 300w\" sizes=\"(max-width: 602px) 100vw, 602px\" \/><\/a><span style=\"color: #0000ff;\"><strong>25 03 2017 <\/strong><\/span><\/h1>\n","protected":false},"excerpt":{"rendered":"<p>Recondu\u00e7\u00e3o dos Iir.&#8217;. Tadeu Bahia e Ant\u00f4nio Bezerra ao TRIBUNAL DE JUSTI\u00c7A MA\u00c7\u00d4NICO, bem como posse dos Ju\u00edzes Iir.&#8217;. Alu\u00edsio Carvalho e Tiago de Freitas no citado Tribunal 25 03 2017<\/p>\n","protected":false},"author":2,"featured_media":0,"comment_status":"open","ping_status":"open","sticky":false,"template":"","format":"standard","meta":{"_links_to":"","_links_to_target":""},"categories":[1],"tags":[],"_links":{"self":[{"href":"https:\/\/www.r2cpress.com.br\/v1\/wp-json\/wp\/v2\/posts\/107997"}],"collection":[{"href":"https:\/\/www.r2cpress.com.br\/v1\/wp-json\/wp\/v2\/posts"}],"about":[{"href":"https:\/\/www.r2cpress.com.br\/v1\/wp-json\/wp\/v2\/types\/post"}],"author":[{"embeddable":true,"href":"https:\/\/www.r2cpress.com.br\/v1\/wp-json\/wp\/v2\/users\/2"}],"replies":[{"embeddable":true,"href":"https:\/\/www.r2cpress.com.br\/v1\/wp-json\/wp\/v2\/comments?post=107997"}],"version-history":[{"count":4,"href":"https:\/\/www.r2cpress.com.br\/v1\/wp-json\/wp\/v2\/posts\/107997\/revisions"}],"predecessor-version":[{"id":108006,"href":"https:\/\/www.r2cpress.com.br\/v1\/wp-json\/wp\/v2\/posts\/107997\/revisions\/108006"}],"wp:attachment":[{"href":"https:\/\/www.r2cpress.com.br\/v1\/wp-json\/wp\/v2\/media?parent=107997"}],"wp:term":[{"taxonomy":"category","embeddable":true,"href":"https:\/\/www.r2cpress.com.br\/v1\/wp-json\/wp\/v2\/categories?post=107997"},{"taxonomy":"post_tag","embeddable":true,"href":"https:\/\/www.r2cpress.com.br\/v1\/wp-json\/wp\/v2\/tags?post=107997"}],"curies":[{"name":"wp","href":"https:\/\/api.w.org\/{rel}","templated":true}]}}