{"id":108020,"date":"2017-03-27T11:52:46","date_gmt":"2017-03-27T14:52:46","guid":{"rendered":"http:\/\/www.r2cpress.com.br\/v1\/?p=108020"},"modified":"2017-03-27T11:52:46","modified_gmt":"2017-03-27T14:52:46","slug":"em-seis-anos-brasil-desativou-mais-de-10-mil-leitos-pediatricos-do-sus","status":"publish","type":"post","link":"https:\/\/www.r2cpress.com.br\/v1\/2017\/03\/27\/em-seis-anos-brasil-desativou-mais-de-10-mil-leitos-pediatricos-do-sus\/","title":{"rendered":"Em seis anos, Brasil desativou mais de 10 mil leitos pedi\u00e1tricos do SUS"},"content":{"rendered":"<h2 style=\"text-align: center;\"><span style=\"color: #000000;\"><strong>Sociedade Brasileira de Pediatria\u00a0<\/strong><\/span><\/h2>\n<p>Mais de 10 mil leitos de interna\u00e7\u00e3o em pediatria cl\u00ednica, aqueles destinados a crian\u00e7as que precisam permanecer num hospital por mais de 24h horas \u2013 foram desativados na rede p\u00fablica de sa\u00fade desde 2010. No fim daquele ano, o pa\u00eds dispunha de 48,3 mil deles para uso exclusivo do Sistema \u00danico de Sa\u00fade (SUS). Em novembro do ano passado (\u00faltimo dado dispon\u00edvel), no entanto, o n\u00famero baixou para 38,2 mil \u2013 uma queda de aproximadamente cinco leitos por dia. A an\u00e1lise \u00e9 da Sociedade Brasileira de Pediatria (SBP), que tamb\u00e9m identificou que 40% dos munic\u00edpios brasileiros n\u00e3o possuem nenhum leito de interna\u00e7\u00e3o na especialidade.<\/p>\n<p>As informa\u00e7\u00f5es apuradas junto ao Cadastro Nacional de Estabelecimentos de Sa\u00fade (CNES), do Minist\u00e9rio da Sa\u00fade, preocupam os especialistas, mas n\u00e3o surpreendem quem cotidianamente sente na pele os dilemas das limita\u00e7\u00f5es do SUS. &#8220;A redu\u00e7\u00e3o do n\u00famero de leitos tem um impacto direto no atendimento, provocando atrasos no diagn\u00f3stico e no in\u00edcio do tratamento de uma popula\u00e7\u00e3o que vem aumentando bastante&#8221;, critica a presidente da Sociedade Brasileira de Pediatria (SBP), Luciana Rodrigues Silva.<\/p>\n<p>De acordo com ela, as doen\u00e7as que prevalecem em crian\u00e7as s\u00e3o sazonais e nos primeiros semestres de cada ano, geralmente, acentuam-se as viroses gastrointestinais. Estas, em muitos casos, demandam interna\u00e7\u00f5es. Al\u00e9m disso, a presidente destaca que casos mais s\u00e9rios de dengue, que afetam crian\u00e7as e adolescentes, bem como o aumento na recorr\u00eancia dos casos de alergias, infec\u00e7\u00f5es respirat\u00f3rias e pneumonia tamb\u00e9m contribuem para o crescimento da demanda por interna\u00e7\u00f5es.<\/p>\n<p>Das 5.570 cidades do Brasil, 2.169 n\u00e3o possuem nenhum leito. Entre as que possuem pelo menos uma unidade de terapia intensiva infantil, um ter\u00e7o tem menos de cinco leitos em todo o territ\u00f3rio municipal e 66 deles contam com apenas um leito. A t\u00edtulo de dimensionamento, vale citar que s\u00f3 a cidade de S\u00e3o Paulo (SP) tem leitos em quantidade equivalente a oferecida atualmente em mais de 780 munic\u00edpios de pequeno porte.<\/p>\n<p><strong>ESTADOS E CAPITAIS<\/strong> \u2013 Em n\u00fameros absolutos, os estados das regi\u00f5es Nordeste e Sudeste foram os que mais sofreram redu\u00e7\u00e3o no per\u00edodo: 4.032 e 3.060 leitos a menos, respectivamente. Em escala, surgem as regi\u00f5es Sul (-1.873 leitos), Centro-Oeste (-689) e Norte (-428).<\/p>\n<p>S\u00e3o Paulo foi o estado que mais perdeu leitos de interna\u00e7\u00e3o infantil entre 2010 e 2016. Neste intervalo de tempo, 1.109 leitos pedi\u00e1tricos foram desativados. Na outra ponta, apenas um estado apresentou n\u00famero positivo no c\u00e1lculo final de leitos SUS ativados e desativados nos \u00faltimos seis anos: Amap\u00e1, que saltou dos 180 leitos pedi\u00e1tricos existentes em 2010 para 230 no fim do ano passado (<em>tabela I<\/em>).<\/p>\n<p>Entre as capitais, S\u00e3o Paulo lidera o ranking dos que mais perderam leitos na rede p\u00fablica (-378), seguidos pelos fortalezenses (-364) e brasilienses (-150). Quatro capitais, apenas, conseguiram elevar a taxa de leitos, o que sugere que o grande impacto de queda tenha reca\u00eddo sobre as demais cidades metropolitanas ou interioranas dos estados (<em>tabela II)<\/em>.<\/p>\n<p>Quem conta com um plano de sa\u00fade ou procura atendimento em unidades privadas tamb\u00e9m viu cair em 1.036 o n\u00famero de leitos no mesmo per\u00edodo. Ao todo, 20 estados perderam leitos<\/p>\n","protected":false},"excerpt":{"rendered":"<p>Sociedade Brasileira de Pediatria\u00a0 Mais de 10 mil leitos de interna\u00e7\u00e3o em pediatria cl\u00ednica, aqueles destinados a crian\u00e7as que precisam permanecer num hospital por mais de 24h horas \u2013 foram desativados na rede p\u00fablica de sa\u00fade desde 2010. No fim daquele ano, o pa\u00eds dispunha de 48,3 mil deles para uso exclusivo do Sistema \u00danico [&hellip;]<\/p>\n","protected":false},"author":2,"featured_media":0,"comment_status":"open","ping_status":"open","sticky":false,"template":"","format":"standard","meta":{"_links_to":"","_links_to_target":""},"categories":[24],"tags":[],"_links":{"self":[{"href":"https:\/\/www.r2cpress.com.br\/v1\/wp-json\/wp\/v2\/posts\/108020"}],"collection":[{"href":"https:\/\/www.r2cpress.com.br\/v1\/wp-json\/wp\/v2\/posts"}],"about":[{"href":"https:\/\/www.r2cpress.com.br\/v1\/wp-json\/wp\/v2\/types\/post"}],"author":[{"embeddable":true,"href":"https:\/\/www.r2cpress.com.br\/v1\/wp-json\/wp\/v2\/users\/2"}],"replies":[{"embeddable":true,"href":"https:\/\/www.r2cpress.com.br\/v1\/wp-json\/wp\/v2\/comments?post=108020"}],"version-history":[{"count":2,"href":"https:\/\/www.r2cpress.com.br\/v1\/wp-json\/wp\/v2\/posts\/108020\/revisions"}],"predecessor-version":[{"id":108022,"href":"https:\/\/www.r2cpress.com.br\/v1\/wp-json\/wp\/v2\/posts\/108020\/revisions\/108022"}],"wp:attachment":[{"href":"https:\/\/www.r2cpress.com.br\/v1\/wp-json\/wp\/v2\/media?parent=108020"}],"wp:term":[{"taxonomy":"category","embeddable":true,"href":"https:\/\/www.r2cpress.com.br\/v1\/wp-json\/wp\/v2\/categories?post=108020"},{"taxonomy":"post_tag","embeddable":true,"href":"https:\/\/www.r2cpress.com.br\/v1\/wp-json\/wp\/v2\/tags?post=108020"}],"curies":[{"name":"wp","href":"https:\/\/api.w.org\/{rel}","templated":true}]}}