{"id":108385,"date":"2017-04-08T12:22:58","date_gmt":"2017-04-08T15:22:58","guid":{"rendered":"http:\/\/www.r2cpress.com.br\/v1\/?p=108385"},"modified":"2017-04-08T12:22:58","modified_gmt":"2017-04-08T15:22:58","slug":"opus-dei-120","status":"publish","type":"post","link":"https:\/\/www.r2cpress.com.br\/v1\/2017\/04\/08\/opus-dei-120\/","title":{"rendered":"OPUS DEI"},"content":{"rendered":"<table border=\"0\" width=\"100%\" cellspacing=\"0\" cellpadding=\"0\" align=\"center\" bgcolor=\"#ffffff\">\n<tbody>\n<tr>\n<td valign=\"middle\" bgcolor=\"#efede7\" width=\"100%\" height=\"70\">\n<table border=\"0\" width=\"92%\" cellspacing=\"0\" cellpadding=\"0\" align=\"center\" bgcolor=\"#efede7\">\n<tbody>\n<tr>\n<td align=\"left\" valign=\"middle\" bgcolor=\"#efede7\" width=\"60%\"><a href=\"http:\/\/opusdei.us7.list-manage1.com\/track\/click?u=1af5d7b530cb590152589eba5&amp;id=0bfbe1ee5f&amp;e=f88f8593e5\" target=\"_blank\" rel=\"noreferrer\"><img src=\"http:\/\/odnmedia.s3.amazonaws.com\/static\/images\/newsletter\/logo.gif\" alt=\"Opus Dei\" border=\"0\" \/><\/a><\/td>\n<td bgcolor=\"#efede7\" width=\"4%\"><\/td>\n<td align=\"right\" valign=\"middle\" bgcolor=\"#efede7\" width=\"36%\"><a href=\"http:\/\/opusdei.us7.list-manage1.com\/track\/click?u=1af5d7b530cb590152589eba5&amp;id=449eee4f7a&amp;e=f88f8593e5\" target=\"_blank\" rel=\"noreferrer\"><img src=\"http:\/\/odnmedia.s3.amazonaws.com\/static\/images\/newsletter\/facebook.gif\" alt=\"facebook\" border=\"0\" \/><\/a> <a href=\"http:\/\/opusdei.us7.list-manage.com\/track\/click?u=1af5d7b530cb590152589eba5&amp;id=b4e4bdcc0b&amp;e=f88f8593e5\" target=\"_blank\" rel=\"noreferrer\"><img src=\"http:\/\/odnmedia.s3.amazonaws.com\/static\/images\/newsletter\/twitter.gif\" alt=\"twitter\" border=\"0\" \/><\/a> <a href=\"http:\/\/opusdei.us7.list-manage.com\/track\/click?u=1af5d7b530cb590152589eba5&amp;id=11084dce30&amp;e=f88f8593e5\" target=\"_blank\" rel=\"noreferrer\"><img src=\"http:\/\/odnmedia.s3.amazonaws.com\/static\/images\/newsletter\/youtube.gif\" alt=\"youtube\" border=\"0\" \/><\/a> <a href=\"http:\/\/opusdei.us7.list-manage.com\/track\/click?u=1af5d7b530cb590152589eba5&amp;id=c675048772&amp;e=f88f8593e5\" target=\"_blank\" rel=\"noreferrer\"><img src=\"http:\/\/odnmedia.s3.amazonaws.com\/static\/images\/newsletter\/flickr.gif\" alt=\"flickr\" border=\"0\" \/><\/a><\/td>\n<\/tr>\n<\/tbody>\n<\/table>\n<\/td>\n<\/tr>\n<tr>\n<td valign=\"top\" width=\"100%\">\n<table border=\"0\" width=\"92%\" cellspacing=\"0\" cellpadding=\"0\" align=\"center\">\n<tbody>\n<tr>\n<td valign=\"top\" width=\"100%\"><i>8 de Abril de 2017<\/i><\/td>\n<\/tr>\n<tr>\n<td height=\"29\"><\/td>\n<\/tr>\n<tr>\n<td valign=\"top\" width=\"100%\">\n<table border=\"0\" width=\"100%\" cellspacing=\"0\" cellpadding=\"0\">\n<tbody>\n<tr>\n<td align=\"right\" valign=\"top\" width=\"30%\"><a href=\"http:\/\/opusdei.us7.list-manage.com\/track\/click?u=1af5d7b530cb590152589eba5&amp;id=aef44ccee9&amp;e=f88f8593e5\" target=\"_blank\" rel=\"noreferrer\"><img src=\"http:\/\/odnmedia.s3.amazonaws.com\/image\/modelo-600x370-3_20170407202519939732.png\" alt=\"\" width=\"96\" border=\"0\" \/><\/a><\/td>\n<td width=\"4%\"><\/td>\n<td valign=\"top\" width=\"66%\">\n<table border=\"0\" width=\"100%\" cellspacing=\"0\" cellpadding=\"0\">\n<tbody>\n<tr>\n<td valign=\"top\"><a href=\"http:\/\/opusdei.us7.list-manage1.com\/track\/click?u=1af5d7b530cb590152589eba5&amp;id=ad4ebf3079&amp;e=f88f8593e5\" target=\"_blank\" rel=\"noreferrer\"><b>NOSSA SENHORA<\/b><\/a><\/td>\n<\/tr>\n<tr>\n<td valign=\"top\"><a href=\"http:\/\/opusdei.us7.list-manage.com\/track\/click?u=1af5d7b530cb590152589eba5&amp;id=29590c485c&amp;e=f88f8593e5\" target=\"_blank\" rel=\"noreferrer\"><b>Vida de Maria (XVI): Sepultura de Cristo<\/b><\/a><\/td>\n<\/tr>\n<tr>\n<td valign=\"top\">A cena da Piet\u00e0 nos mostra, de novo, Cristo nos bra\u00e7os de Maria. A M\u00e3e acolhe, novamente, o Filho desprezado pelos homens.<\/td>\n<\/tr>\n<\/tbody>\n<\/table>\n<\/td>\n<\/tr>\n<\/tbody>\n<\/table>\n<\/td>\n<\/tr>\n<tr>\n<td height=\"18\"><\/td>\n<\/tr>\n<tr>\n<td valign=\"top\" width=\"100%\">\n<table border=\"0\" width=\"100%\" cellspacing=\"0\" cellpadding=\"0\">\n<tbody>\n<tr>\n<td align=\"right\" valign=\"top\" width=\"30%\"><a href=\"http:\/\/opusdei.us7.list-manage.com\/track\/click?u=1af5d7b530cb590152589eba5&amp;id=15ed64e4e9&amp;e=f88f8593e5\" target=\"_blank\" rel=\"noreferrer\"><img src=\"http:\/\/odnmedia.s3.amazonaws.com\/image\/padre_abril_20170405100812897798.JPG\" alt=\"\" width=\"96\" border=\"0\" \/><\/a><\/td>\n<td width=\"4%\"><\/td>\n<td valign=\"top\" width=\"66%\">\n<table border=\"0\" width=\"100%\" cellspacing=\"0\" cellpadding=\"0\">\n<tbody>\n<tr>\n<td valign=\"top\"><a href=\"http:\/\/opusdei.us7.list-manage.com\/track\/click?u=1af5d7b530cb590152589eba5&amp;id=4f66333ede&amp;e=f88f8593e5\" target=\"_blank\" rel=\"noreferrer\"><b>CARTAS PASTORAIS<\/b><\/a><\/td>\n<\/tr>\n<tr>\n<td valign=\"top\"><a href=\"http:\/\/opusdei.us7.list-manage.com\/track\/click?u=1af5d7b530cb590152589eba5&amp;id=d06e938608&amp;e=f88f8593e5\" target=\"_blank\" rel=\"noreferrer\"><b>Carta do Prelado (5 de abril 2017)<\/b><\/a><\/td>\n<\/tr>\n<tr>\n<td valign=\"top\">Carta de Mons. Fernando Oc\u00e1riz, de 5 de abril de 2017. Perante a proximidade da Semana Santa, o Prelado recorda a centralidade de Jesus Cristo na vida do crist\u00e3o.<\/td>\n<\/tr>\n<\/tbody>\n<\/table>\n<\/td>\n<\/tr>\n<\/tbody>\n<\/table>\n<\/td>\n<\/tr>\n<tr>\n<td height=\"18\"><\/td>\n<\/tr>\n<tr>\n<td valign=\"top\" width=\"100%\">\n<table border=\"0\" width=\"100%\" cellspacing=\"0\" cellpadding=\"0\">\n<tbody>\n<tr>\n<td align=\"right\" valign=\"top\" width=\"30%\"><a href=\"http:\/\/opusdei.us7.list-manage.com\/track\/click?u=1af5d7b530cb590152589eba5&amp;id=f945589c46&amp;e=f88f8593e5\" target=\"_blank\" rel=\"noreferrer\"><img src=\"https:\/\/img.youtube.com\/vi\/_LH92rzu8X8\/mqdefault.jpg\" alt=\"\" width=\"96\" border=\"0\" \/><\/a><\/td>\n<td width=\"4%\"><\/td>\n<td valign=\"top\" width=\"66%\">\n<table border=\"0\" width=\"100%\" cellspacing=\"0\" cellpadding=\"0\">\n<tbody>\n<tr>\n<td valign=\"top\"><a href=\"http:\/\/opusdei.us7.list-manage.com\/track\/click?u=1af5d7b530cb590152589eba5&amp;id=8c437300ac&amp;e=f88f8593e5\" target=\"_blank\" rel=\"noreferrer\"><b>VIDEOS BREVES<\/b><\/a><\/td>\n<\/tr>\n<tr>\n<td valign=\"top\"><a href=\"http:\/\/opusdei.us7.list-manage.com\/track\/click?u=1af5d7b530cb590152589eba5&amp;id=56eb811343&amp;e=f88f8593e5\" target=\"_blank\" rel=\"noreferrer\"><b>Ouvir a Deus<\/b><\/a><\/td>\n<\/tr>\n<tr>\n<td valign=\"top\">&#8220;Ali, bem no fundo da alma de cada um, Deus est\u00e1 falando&#8221;, afirma Dom \u00c1lvaro del Portillo.<\/td>\n<\/tr>\n<\/tbody>\n<\/table>\n<\/td>\n<\/tr>\n<\/tbody>\n<\/table>\n<\/td>\n<\/tr>\n<tr>\n<td height=\"18\"><\/td>\n<\/tr>\n<tr>\n<td valign=\"top\" width=\"100%\">\n<table border=\"0\" width=\"100%\" cellspacing=\"0\" cellpadding=\"0\">\n<tbody>\n<tr>\n<td align=\"right\" valign=\"top\" width=\"30%\"><a href=\"http:\/\/opusdei.us7.list-manage2.com\/track\/click?u=1af5d7b530cb590152589eba5&amp;id=4efde7ac45&amp;e=f88f8593e5\" target=\"_blank\" rel=\"noreferrer\"><img src=\"http:\/\/odnmedia.s3.amazonaws.com\/image\/El-Cachorro-(5)_20160321163627216579.JPG\" alt=\"\" width=\"96\" border=\"0\" \/><\/a><\/td>\n<td width=\"4%\"><\/td>\n<td valign=\"top\" width=\"66%\">\n<table border=\"0\" width=\"100%\" cellspacing=\"0\" cellpadding=\"0\">\n<tbody>\n<tr>\n<td valign=\"top\"><a href=\"http:\/\/opusdei.us7.list-manage.com\/track\/click?u=1af5d7b530cb590152589eba5&amp;id=804f126eb3&amp;e=f88f8593e5\" target=\"_blank\" rel=\"noreferrer\"><b>ANO LIT\u00daRGICO<\/b><\/a><\/td>\n<\/tr>\n<tr>\n<td valign=\"top\"><a href=\"http:\/\/opusdei.us7.list-manage.com\/track\/click?u=1af5d7b530cb590152589eba5&amp;id=eb11d342fd&amp;e=f88f8593e5\" target=\"_blank\" rel=\"noreferrer\"><b>Semana Santa: Amou-nos at\u00e9 o fim<\/b><\/a><\/td>\n<\/tr>\n<tr>\n<td valign=\"top\">A Semana Santa \u00e9 o centro do ano lit\u00fargico: revivemos, nesses dias, os momentos decisivos de nossa reden\u00e7\u00e3o. A Igreja nos conduz pela m\u00e3o, com a sua sabedoria e a sua criatividade, do Domingo de Ramos at\u00e9 a Cruz e a Ressurrei\u00e7\u00e3o.<\/td>\n<\/tr>\n<\/tbody>\n<\/table>\n<\/td>\n<\/tr>\n<\/tbody>\n<\/table>\n<\/td>\n<\/tr>\n<\/tbody>\n<\/table>\n<\/td>\n<\/tr>\n<\/tbody>\n<\/table>\n","protected":false},"excerpt":{"rendered":"<p>8 de Abril de 2017 NOSSA SENHORA Vida de Maria (XVI): Sepultura de Cristo A cena da Piet\u00e0 nos mostra, de novo, Cristo nos bra\u00e7os de Maria. A M\u00e3e acolhe, novamente, o Filho desprezado pelos homens. CARTAS PASTORAIS Carta do Prelado (5 de abril 2017) Carta de Mons. Fernando Oc\u00e1riz, de 5 de abril de [&hellip;]<\/p>\n","protected":false},"author":2,"featured_media":0,"comment_status":"open","ping_status":"open","sticky":false,"template":"","format":"standard","meta":{"_links_to":"","_links_to_target":""},"categories":[28],"tags":[],"_links":{"self":[{"href":"https:\/\/www.r2cpress.com.br\/v1\/wp-json\/wp\/v2\/posts\/108385"}],"collection":[{"href":"https:\/\/www.r2cpress.com.br\/v1\/wp-json\/wp\/v2\/posts"}],"about":[{"href":"https:\/\/www.r2cpress.com.br\/v1\/wp-json\/wp\/v2\/types\/post"}],"author":[{"embeddable":true,"href":"https:\/\/www.r2cpress.com.br\/v1\/wp-json\/wp\/v2\/users\/2"}],"replies":[{"embeddable":true,"href":"https:\/\/www.r2cpress.com.br\/v1\/wp-json\/wp\/v2\/comments?post=108385"}],"version-history":[{"count":1,"href":"https:\/\/www.r2cpress.com.br\/v1\/wp-json\/wp\/v2\/posts\/108385\/revisions"}],"predecessor-version":[{"id":108386,"href":"https:\/\/www.r2cpress.com.br\/v1\/wp-json\/wp\/v2\/posts\/108385\/revisions\/108386"}],"wp:attachment":[{"href":"https:\/\/www.r2cpress.com.br\/v1\/wp-json\/wp\/v2\/media?parent=108385"}],"wp:term":[{"taxonomy":"category","embeddable":true,"href":"https:\/\/www.r2cpress.com.br\/v1\/wp-json\/wp\/v2\/categories?post=108385"},{"taxonomy":"post_tag","embeddable":true,"href":"https:\/\/www.r2cpress.com.br\/v1\/wp-json\/wp\/v2\/tags?post=108385"}],"curies":[{"name":"wp","href":"https:\/\/api.w.org\/{rel}","templated":true}]}}