{"id":108389,"date":"2017-04-08T17:38:45","date_gmt":"2017-04-08T20:38:45","guid":{"rendered":"http:\/\/www.r2cpress.com.br\/v1\/?p=108389"},"modified":"2017-04-08T17:38:45","modified_gmt":"2017-04-08T20:38:45","slug":"comunicado-9","status":"publish","type":"post","link":"https:\/\/www.r2cpress.com.br\/v1\/2017\/04\/08\/comunicado-9\/","title":{"rendered":"Comunicado"},"content":{"rendered":"<h1 style=\"text-align: center;\"><span style=\"color: #000000;\">Prefeitura Municipal de Ilh\u00e9us<\/span><br \/>\n<span style=\"color: #000000;\"> Secretaria de Sa\u00fade<\/span><\/h1>\n<h2 style=\"text-align: center;\"><span style=\"color: #000000;\">Comunicado<\/span><\/h2>\n<p>A Confer\u00eancia Municipal de Sa\u00fade, convocada extraordinariamente pelo Conselho Municipal de Sa\u00fade de Ilh\u00e9us para ser realizada na manh\u00e3 do dia 7 de abril, no audit\u00f3rio da Subse\u00e7\u00e3o Judici\u00e1ria da Justi\u00e7a Federal, n\u00e3o aconteceu por falta de qu\u00f3rum.<\/p>\n<p>Os delegados, arregimentados nas pr\u00e9-confer\u00eancias do Conselho, n\u00e3o estavam presentes na ocasi\u00e3o.<\/p>\n<p>A Secretaria de Sa\u00fade de Ilh\u00e9us (Sesau), representada pela Superintendente T\u00e9cnica e de Planejamento, Sonilda Mello, n\u00e3o encontrou respaldo jur\u00eddico na realiza\u00e7\u00e3o da pretendida Confer\u00eancia Municipal de Sa\u00fade, por carecer de qu\u00f3rum para delibera\u00e7\u00f5es.<\/p>\n<p>Conforme a determina\u00e7\u00e3o do prazo regulado pela lei 8.142\/90, a Confer\u00eancia de Sa\u00fade se reunir\u00e1 com a representa\u00e7\u00e3o dos v\u00e1rios segmentos sociais a cada quatro anos, disposto no par\u00e1grafo primeiro, inciso II do art. 1\u00ba da lei.<\/p>\n<p>&#8220;Neste prazo, a gest\u00e3o se organiza para dispor de mecanismos sociais organizados e recursos financeiros necess\u00e1rios para uma devida montagem. O que n\u00e3o aconteceu, porque al\u00e9m da falta de qu\u00f3rum, n\u00e3o houve o tempo necess\u00e1rio para a Confer\u00eancia ser organizada como deve&#8221;, declarou a Coordenadora do Fundo Municipal de Sa\u00fade da Sesau, Elis\u00e2ngela Santos.<\/p>\n<p>Caso a pretendida Confer\u00eancia fosse realizada em 7 de abril, \u00e9 poss\u00edvel verificar dois anos e tr\u00eas meses de antecipa\u00e7\u00e3o em rela\u00e7\u00e3o ao prazo regulado pela lei 8.142\/90, tendo em vista que a \u00faltima, realizada em Ilh\u00e9us, ocorreu em 22 e 23 de setembro de 2015.<\/p>\n<p>&#8220;Chamamos o Presidente do Conselho de Sa\u00fade de Ilh\u00e9us para conversar, a fim de resolvermos esta situa\u00e7\u00e3o, mas ele n\u00e3o apareceu. Quis ir direto para a reuni\u00e3o. L\u00e1 n\u00e3o tinha qu\u00f3rum e validade legal para ser uma confer\u00eancia&#8221;, declarou a Coordenadora Elis\u00e2ngela Santos.<\/p>\n<p>Na Resolu\u00e7\u00e3o que disciplina o regimento interno do Conselho Municipal de Sa\u00fade de Ilh\u00e9us, de n\u00ba 028\/2013, n\u00e3o h\u00e1 nenhuma abordagem que trate da organiza\u00e7\u00e3o e normas de funcionamento da Confer\u00eancia Municipal de Sa\u00fade, conforme determina o par\u00e1grafo quinto, do art. 1\u00ba da lei 8.142\/90.<\/p>\n<p>O Conselho solicitou camisas \u00e0 Secretaria de Sa\u00fade, mas n\u00e3o houve tempo h\u00e1bil para levantar os recursos, pois o \u00f3rg\u00e3o se encontra em fase licitat\u00f3ria. Informa\u00e7\u00e3o que foi transmitida \u00e0 presid\u00eancia do Conselho Municipal de Sa\u00fade.<\/p>\n<p>Ilh\u00e9us, 8 de abril de 2017.<\/p>\n","protected":false},"excerpt":{"rendered":"<p>Prefeitura Municipal de Ilh\u00e9us Secretaria de Sa\u00fade Comunicado A Confer\u00eancia Municipal de Sa\u00fade, convocada extraordinariamente pelo Conselho Municipal de Sa\u00fade de Ilh\u00e9us para ser realizada na manh\u00e3 do dia 7 de abril, no audit\u00f3rio da Subse\u00e7\u00e3o Judici\u00e1ria da Justi\u00e7a Federal, n\u00e3o aconteceu por falta de qu\u00f3rum. Os delegados, arregimentados nas pr\u00e9-confer\u00eancias do Conselho, n\u00e3o estavam [&hellip;]<\/p>\n","protected":false},"author":2,"featured_media":0,"comment_status":"open","ping_status":"open","sticky":false,"template":"","format":"standard","meta":{"_links_to":"","_links_to_target":""},"categories":[23,24],"tags":[],"_links":{"self":[{"href":"https:\/\/www.r2cpress.com.br\/v1\/wp-json\/wp\/v2\/posts\/108389"}],"collection":[{"href":"https:\/\/www.r2cpress.com.br\/v1\/wp-json\/wp\/v2\/posts"}],"about":[{"href":"https:\/\/www.r2cpress.com.br\/v1\/wp-json\/wp\/v2\/types\/post"}],"author":[{"embeddable":true,"href":"https:\/\/www.r2cpress.com.br\/v1\/wp-json\/wp\/v2\/users\/2"}],"replies":[{"embeddable":true,"href":"https:\/\/www.r2cpress.com.br\/v1\/wp-json\/wp\/v2\/comments?post=108389"}],"version-history":[{"count":2,"href":"https:\/\/www.r2cpress.com.br\/v1\/wp-json\/wp\/v2\/posts\/108389\/revisions"}],"predecessor-version":[{"id":108391,"href":"https:\/\/www.r2cpress.com.br\/v1\/wp-json\/wp\/v2\/posts\/108389\/revisions\/108391"}],"wp:attachment":[{"href":"https:\/\/www.r2cpress.com.br\/v1\/wp-json\/wp\/v2\/media?parent=108389"}],"wp:term":[{"taxonomy":"category","embeddable":true,"href":"https:\/\/www.r2cpress.com.br\/v1\/wp-json\/wp\/v2\/categories?post=108389"},{"taxonomy":"post_tag","embeddable":true,"href":"https:\/\/www.r2cpress.com.br\/v1\/wp-json\/wp\/v2\/tags?post=108389"}],"curies":[{"name":"wp","href":"https:\/\/api.w.org\/{rel}","templated":true}]}}