{"id":10859,"date":"2011-03-18T09:28:34","date_gmt":"2011-03-18T12:28:34","guid":{"rendered":"http:\/\/www.r2cpress.com.br\/v1\/?p=10859"},"modified":"2011-03-18T09:28:34","modified_gmt":"2011-03-18T12:28:34","slug":"ministerio-publico-divulga-lista-de-habilitados-no-concurso-para-servidor","status":"publish","type":"post","link":"https:\/\/www.r2cpress.com.br\/v1\/2011\/03\/18\/ministerio-publico-divulga-lista-de-habilitados-no-concurso-para-servidor\/","title":{"rendered":"Minist\u00e9rio P\u00fablico divulga lista de habilitados no concurso para servidor"},"content":{"rendered":"<p><em>Prova objetiva foi aplicada em 6 de fevereiro. Lista foi divulgada no Di\u00e1rio da Justi\u00e7a Eletr\u00f4nica<\/em><\/p>\n<p>A lista de candidatos habilitados na prova objetiva do \u201cIII Concurso P\u00fablico para Provimento de Cargos do Quadro de Pessoal Permanente do Minist\u00e9rio P\u00fablico do Estado da Bahia\u201d, aplicada no dia 6 de fevereiro, foi divulgada no Di\u00e1rio da Justi\u00e7a Eletr\u00f4nico desta quinta-feira (17).<\/p>\n<p>A lista est\u00e1 dispon\u00edvel no site do MP (www.mp.ba.gov.br) e no site da Funda\u00e7\u00e3o Escola Superior do Minist\u00e9rio P\u00fablico (www.fesmip.org.br ).<\/p>\n<p>&#8212;<br \/>\nCorreio da Bahia<\/p>\n","protected":false},"excerpt":{"rendered":"<p>Prova objetiva foi aplicada em 6 de fevereiro. Lista foi divulgada no Di\u00e1rio da Justi\u00e7a Eletr\u00f4nica A lista de candidatos habilitados na prova objetiva do \u201cIII Concurso P\u00fablico para Provimento de Cargos do Quadro de Pessoal Permanente do Minist\u00e9rio P\u00fablico do Estado da Bahia\u201d, aplicada no dia 6 de fevereiro, foi divulgada no Di\u00e1rio da [&hellip;]<\/p>\n","protected":false},"author":2,"featured_media":0,"comment_status":"open","ping_status":"open","sticky":false,"template":"","format":"standard","meta":{"_links_to":"","_links_to_target":""},"categories":[13],"tags":[],"_links":{"self":[{"href":"https:\/\/www.r2cpress.com.br\/v1\/wp-json\/wp\/v2\/posts\/10859"}],"collection":[{"href":"https:\/\/www.r2cpress.com.br\/v1\/wp-json\/wp\/v2\/posts"}],"about":[{"href":"https:\/\/www.r2cpress.com.br\/v1\/wp-json\/wp\/v2\/types\/post"}],"author":[{"embeddable":true,"href":"https:\/\/www.r2cpress.com.br\/v1\/wp-json\/wp\/v2\/users\/2"}],"replies":[{"embeddable":true,"href":"https:\/\/www.r2cpress.com.br\/v1\/wp-json\/wp\/v2\/comments?post=10859"}],"version-history":[{"count":2,"href":"https:\/\/www.r2cpress.com.br\/v1\/wp-json\/wp\/v2\/posts\/10859\/revisions"}],"predecessor-version":[{"id":10861,"href":"https:\/\/www.r2cpress.com.br\/v1\/wp-json\/wp\/v2\/posts\/10859\/revisions\/10861"}],"wp:attachment":[{"href":"https:\/\/www.r2cpress.com.br\/v1\/wp-json\/wp\/v2\/media?parent=10859"}],"wp:term":[{"taxonomy":"category","embeddable":true,"href":"https:\/\/www.r2cpress.com.br\/v1\/wp-json\/wp\/v2\/categories?post=10859"},{"taxonomy":"post_tag","embeddable":true,"href":"https:\/\/www.r2cpress.com.br\/v1\/wp-json\/wp\/v2\/tags?post=10859"}],"curies":[{"name":"wp","href":"https:\/\/api.w.org\/{rel}","templated":true}]}}