{"id":10877,"date":"2011-03-18T13:06:23","date_gmt":"2011-03-18T16:06:23","guid":{"rendered":"http:\/\/www.r2cpress.com.br\/v1\/?p=10877"},"modified":"2011-03-18T13:06:23","modified_gmt":"2011-03-18T16:06:23","slug":"jorge-cajueiro-sobre-o-carnaval-de-ilheus","status":"publish","type":"post","link":"https:\/\/www.r2cpress.com.br\/v1\/2011\/03\/18\/jorge-cajueiro-sobre-o-carnaval-de-ilheus\/","title":{"rendered":"Jorge Cajueiro \/ SOBRE O CARNAVAL DE ILH\u00c9US"},"content":{"rendered":"<p><img align = \"left\" src = \"http:\/\/www.r2cpress.com.br\/v1\/wp-content\/uploads\/JORGE-CAJUEIRO-NOVA.jpg\"\/>Lendo uma enquete feita no site do nosso amigo Rabat, onde indaga aos leitores qual a sua opini\u00e3o acerca do recente carnaval de Ilh\u00e9us, quero aproveitar a oportunidade n\u00e3o apenas pr\u00e1 votar mas tamb\u00e9m expressar minha modesta opini\u00e3o.<\/p>\n<p>A nossa gera\u00e7\u00e3o conheceu os carnavais de nossa cidade como uma festa que atingia ricos e pobres, constituindo uma verdadeira integra\u00e7\u00e3o de brincadeira, folia, comemora\u00e7\u00e3o, namoros e at\u00e9 alguns prel\u00fadios de casamentos. O povo indistintamente ia \u00e0s ruas desde o final da manh\u00e3, se mascaravam, adornavam fantasias, bebericavam em casas de amigos, notadamente aquelas mais pr\u00f3ximas da Soares Lopes, e ao final da noite os mais privilegiados rumavam para os clubes, enquanto os menos permaneciam no circuito carnavalesco at\u00e9 o dia amanhecer. Podemos dizer que esse era um verdadeiro carnaval popular!<\/p>\n<p><!--more--><\/p>\n<p>De certa forma, \u00e9 preciso reconhecer que a prefeitura est\u00e1 tentando resgatar essa beleza de carnaval, oferecendo uma festa ao seu povo com  o direito de participa\u00e7\u00e3o e  divers\u00e3o.  \u00c9 l\u00f3gico que o ano em que nos encontramos \u00e9 bem diferente daqueles vividos nas d\u00e9cadas de 70 e 80, por exemplo, onde se brincava o carnaval na rua at\u00e9 as primeiras horas da manh\u00e3. Hoje vivemos uma atualidade onde a viol\u00eancia, abra\u00e7ada ao terr\u00edvel consumo da droga, efetivamente imp\u00f5e um toque de recolher \u00e0 festa, limitando a divers\u00e3o at\u00e9 meia noite ou pouco mais. Podem achar cedo, por\u00e9m \u00e9 melhor uma festa menos prolongada e com \u00edndices de viol\u00eancia menores do que o contr\u00e1rio.<\/p>\n<p>Se existem muitos saudosistas dos nossos carnavais antecipados, onde aqui se apresentavam grandes nomes do Ax\u00e9 em blocos privados, \u00e9 preciso que estes saibam que o carnaval de Salvador, templo maior da folia momesca nacional, passou a ostentar uma festa absolutamente privada, permitida praticamente aos endinheirados turistas que aqui desembarcam. Para se ter uma id\u00e9ia, o jornal A Tarde publicou que quase 70% dos soteropolitanos n\u00e3o mais brincam o carnaval na capital. Viajam, ficam em suas casas ou nas cercanias da cidade ou de suas resid\u00eancias. Eles n\u00e3o t\u00eam mais condi\u00e7\u00f5es financeiras pr\u00e1 a festa!<\/p>\n<p>Teve camarote instalado no circuito Barra-Ondina que cobrou R$ 1.100,00 por pessoa e por noite durante o evento. Enquanto com pouco mais que isso meu filho, por exemplo, junto com cerca de mais 10 amigos, passou o carnaval em Diamantina-MG (entre passagem a\u00e9rea, hospedagem e alimenta\u00e7\u00e3o), e voltou falando que aquilo \u00e9 que \u00e9 carnaval. Bem ao estilo de nossos antigos carnavais de Ilh\u00e9us. <\/p>\n<p>Meus amigos, quem quer e pode ver os manjados Chiclete com Banana, Asa de Aguia, Ivete Sangalo, Cl\u00e1udia Leite e outras estrelas do Ax\u00e9 no carnaval, que pegue seu carro, o avi\u00e3o, o \u00f4nibus e v\u00e1 pr\u00e1 Salvador v\u00ea-los. V\u00e1 se juntar \u00e0 quase totalidade de paulistas, goianos, estrangeiros, etc que povoam o carnaval de nossa capital.  N\u00e3o adianta reclamar que nosso carnaval foi fraco simplesmente porque aqui n\u00e3o desfilaram estrelas do Ax\u00e9. N\u00f3s n\u00e3o precisamos delas em nossa festa momesca.<\/p>\n<p>Parabenizo o prefeito, o vice-prefeito, o secret\u00e1rio de Turismo e toda a equipe gestora do munic\u00edpio pelo carnaval realizado. S\u00f3 lhes recomendaria que avancem nos melhoramentos e incentivos da festa a cada ano que passe. Ela pode se tornar uma das marcas tur\u00edsticas de nossa cidade, como verdadeira op\u00e7\u00e3o a quem deseja um carnaval verdadeiramente alegre e sadio.<\/p>\n","protected":false},"excerpt":{"rendered":"<p>Lendo uma enquete feita no site do nosso amigo Rabat, onde indaga aos leitores qual a sua opini\u00e3o acerca do recente carnaval de Ilh\u00e9us, quero aproveitar a oportunidade n\u00e3o apenas pr\u00e1 votar mas tamb\u00e9m expressar minha modesta opini\u00e3o. A nossa gera\u00e7\u00e3o conheceu os carnavais de nossa cidade como uma festa que atingia ricos e pobres, [&hellip;]<\/p>\n","protected":false},"author":2,"featured_media":0,"comment_status":"open","ping_status":"open","sticky":false,"template":"","format":"standard","meta":{"_links_to":"","_links_to_target":""},"categories":[10],"tags":[],"_links":{"self":[{"href":"https:\/\/www.r2cpress.com.br\/v1\/wp-json\/wp\/v2\/posts\/10877"}],"collection":[{"href":"https:\/\/www.r2cpress.com.br\/v1\/wp-json\/wp\/v2\/posts"}],"about":[{"href":"https:\/\/www.r2cpress.com.br\/v1\/wp-json\/wp\/v2\/types\/post"}],"author":[{"embeddable":true,"href":"https:\/\/www.r2cpress.com.br\/v1\/wp-json\/wp\/v2\/users\/2"}],"replies":[{"embeddable":true,"href":"https:\/\/www.r2cpress.com.br\/v1\/wp-json\/wp\/v2\/comments?post=10877"}],"version-history":[{"count":2,"href":"https:\/\/www.r2cpress.com.br\/v1\/wp-json\/wp\/v2\/posts\/10877\/revisions"}],"predecessor-version":[{"id":10879,"href":"https:\/\/www.r2cpress.com.br\/v1\/wp-json\/wp\/v2\/posts\/10877\/revisions\/10879"}],"wp:attachment":[{"href":"https:\/\/www.r2cpress.com.br\/v1\/wp-json\/wp\/v2\/media?parent=10877"}],"wp:term":[{"taxonomy":"category","embeddable":true,"href":"https:\/\/www.r2cpress.com.br\/v1\/wp-json\/wp\/v2\/categories?post=10877"},{"taxonomy":"post_tag","embeddable":true,"href":"https:\/\/www.r2cpress.com.br\/v1\/wp-json\/wp\/v2\/tags?post=10877"}],"curies":[{"name":"wp","href":"https:\/\/api.w.org\/{rel}","templated":true}]}}