{"id":10912,"date":"2011-03-18T18:57:16","date_gmt":"2011-03-18T21:57:16","guid":{"rendered":"http:\/\/www.r2cpress.com.br\/v1\/?p=10912"},"modified":"2011-03-18T18:57:16","modified_gmt":"2011-03-18T21:57:16","slug":"%e2%80%9cblog-do-bene%e2%80%9d-quer-dinamizar-o-webjornalismo-do-sul-da-bahia","status":"publish","type":"post","link":"https:\/\/www.r2cpress.com.br\/v1\/2011\/03\/18\/%e2%80%9cblog-do-bene%e2%80%9d-quer-dinamizar-o-webjornalismo-do-sul-da-bahia\/","title":{"rendered":"\u201cBlog do Ben\u00e9\u201d quer dinamizar o webjornalismo do sul da Bahia"},"content":{"rendered":"<p><em>Com informa\u00e7\u00e3o \u00e1gil, texto leve e coment\u00e1rio objetivo, o novo site de not\u00edcias  de Itabuna anuncia uma proposta de interatividade com os internautas<\/em><\/p>\n<p><div id=\"attachment_10913\" style=\"width: 310px\" class=\"wp-caption alignleft\"><a href=\"http:\/\/www.r2cpress.com.br\/v1\/wp-content\/uploads\/Ederivaldo-Benedito-Marta-Furtado-L\u00e1zaro-Vasconcelos-Tayn\u00e1-Borges-e-Roberto-Carvalho-J\u00fanior-ouvindo-a-mensagem-de-D.-Ceslau.jpg\"><img aria-describedby=\"caption-attachment-10913\" loading=\"lazy\" src=\"http:\/\/www.r2cpress.com.br\/v1\/wp-content\/uploads\/Ederivaldo-Benedito-Marta-Furtado-L\u00e1zaro-Vasconcelos-Tayn\u00e1-Borges-e-Roberto-Carvalho-J\u00fanior-ouvindo-a-mensagem-de-D.-Ceslau-300x159.jpg\" alt=\"\" title=\"Ederivaldo Benedito, Marta Furtado, L\u00e1zaro Vasconcelos, Tayn\u00e1 Borges e Roberto Carvalho J\u00fanior, ouvindo a mensagem de  D. Ceslau\" width=\"300\" height=\"159\" class=\"size-medium wp-image-10913\" srcset=\"https:\/\/www.r2cpress.com.br\/v1\/wp-content\/uploads\/Ederivaldo-Benedito-Marta-Furtado-L\u00e1zaro-Vasconcelos-Tayn\u00e1-Borges-e-Roberto-Carvalho-J\u00fanior-ouvindo-a-mensagem-de-D.-Ceslau-300x159.jpg 300w, https:\/\/www.r2cpress.com.br\/v1\/wp-content\/uploads\/Ederivaldo-Benedito-Marta-Furtado-L\u00e1zaro-Vasconcelos-Tayn\u00e1-Borges-e-Roberto-Carvalho-J\u00fanior-ouvindo-a-mensagem-de-D.-Ceslau.jpg 800w\" sizes=\"(max-width: 300px) 100vw, 300px\" \/><\/a><p id=\"caption-attachment-10913\" class=\"wp-caption-text\">Ederivaldo Benedito, Marta Furtado, L\u00e1zaro Vasconcelos, Tayn\u00e1 Borges e Roberto Carvalho J\u00fanior, ouvindo a mensagem de D. Ceslau<\/p><\/div>Um caf\u00e9 da manh\u00e3 oferecido a jornalistas, blogueiros, publicit\u00e1rios, empres\u00e1rios e pol\u00edticos da regi\u00e3o, no Tarik Plaza Hotel, marcou na manh\u00e3 desta sexta-feira (dia 18), o lan\u00e7amento do <strong>Blog do Ben\u00e9<\/strong>. No final do per\u00edodo, o site, que pode ser acessado pelo endere\u00e7o www.bene.blog.br, ficou uma hora fora do ar, devido ao elevado numero de acesso. <\/p>\n<p>\u201cQue Deus ajude a este blog se tornar um portador da verdade, transmitindo informa\u00e7\u00e3o certa e honesta. Somente a not\u00edcia correta pode contribuir para a constru\u00e7\u00e3o de uma sociedade mais justa, solid\u00e1ria e fraterna\u201d, disse o bispo de Itabuna, D. Ceslau Stanula, no ato de lan\u00e7amento.<\/p>\n<p>A gerente comercial do site, Marta Furtado Oliveira, afirmou que \u201ca nossa proposta \u00e9 dinamizar o jornalismo digital no sul da Bahia e mostrar ao mercado publicit\u00e1rio que o webjornalismo \u00e9 um segmento que cresce a cada dia e merece a aten\u00e7\u00e3o dos empres\u00e1rios e das agencias de publicidade\u201d. Marta \u00e9 publicit\u00e1ria, com atua\u00e7\u00e3o em emissoras de TV e agencia de publicidade da regi\u00e3o.<\/p>\n<p><div id=\"attachment_10915\" style=\"width: 310px\" class=\"wp-caption alignleft\"><a href=\"http:\/\/www.r2cpress.com.br\/v1\/wp-content\/uploads\/Nuno-Damasceno-Marta-furtado-Ederivaldo-Benedito-L\u00e1zaro-Vasconcelos-Tayn\u00e1-Borges-e-Roberto-Carvalho-J\u00fanior-Foto-Jai-Arag\u00e3o.jpg\"><img aria-describedby=\"caption-attachment-10915\" loading=\"lazy\" src=\"http:\/\/www.r2cpress.com.br\/v1\/wp-content\/uploads\/Nuno-Damasceno-Marta-furtado-Ederivaldo-Benedito-L\u00e1zaro-Vasconcelos-Tayn\u00e1-Borges-e-Roberto-Carvalho-J\u00fanior-Foto-Jai-Arag\u00e3o-300x195.jpg\" alt=\"\" title=\"Nuno Damasceno, Marta furtado, Ederivaldo Benedito, L\u00e1zaro Vasconcelos, Tayn\u00e1 Borges e Roberto Carvalho J\u00fanior - Foto Jai Arag\u00e3o\" width=\"300\" height=\"195\" class=\"size-medium wp-image-10915\" srcset=\"https:\/\/www.r2cpress.com.br\/v1\/wp-content\/uploads\/Nuno-Damasceno-Marta-furtado-Ederivaldo-Benedito-L\u00e1zaro-Vasconcelos-Tayn\u00e1-Borges-e-Roberto-Carvalho-J\u00fanior-Foto-Jai-Arag\u00e3o-300x195.jpg 300w, https:\/\/www.r2cpress.com.br\/v1\/wp-content\/uploads\/Nuno-Damasceno-Marta-furtado-Ederivaldo-Benedito-L\u00e1zaro-Vasconcelos-Tayn\u00e1-Borges-e-Roberto-Carvalho-J\u00fanior-Foto-Jai-Arag\u00e3o.jpg 800w\" sizes=\"(max-width: 300px) 100vw, 300px\" \/><\/a><p id=\"caption-attachment-10915\" class=\"wp-caption-text\">Nuno Damasceno, Marta furtado, Ederivaldo Benedito, L\u00e1zaro Vasconcelos, Tayn\u00e1 Borges e Roberto Carvalho J\u00fanior<\/p><\/div>Comandado de Ederivaldo Benedito \u2013 um dos mais experientes jornalistas do Estado \u2013 o <strong>Blog do Ben\u00e9<\/strong> tem uma equipe formada pelo rep\u00f3rter L\u00e1zaro Vasconcelos, que tem experi\u00eancia como assessor de Imprensa e produtor de programas de R\u00e1dio e de TV, e a rep\u00f3rter fotogr\u00e1fica Tayn\u00e1 Borges, que j\u00e1 fot\u00f3grafa em agencia de fotografia. \u201cO site, sediado em Itabuna, tem como principal caracter\u00edstica informa\u00e7\u00e3o \u00e1gil, texto leve, coment\u00e1rio objetivo e imagem atualizada\u201d, afirmou o editor-chefe Ederivaldo Benedito. <\/p>\n<p>Com atualiza\u00e7\u00e3o 24 horas por dia, sete dias por semana, o <strong>Blog do Ben\u00e9<\/strong> tem um conte\u00fado de not\u00edcias, entrevistas, artigos e coment\u00e1rios di\u00e1rios. S\u00e3o 60% de mat\u00e9rias di\u00e1rias focadas no cen\u00e1rio socioecon\u00f4mico baiano, em especial os munic\u00edpios da regi\u00e3o sul do Estado. Os demais 40% do seu conte\u00fado s\u00e3o de acontecimentos nacionais. Direto de Bras\u00edlia vem as not\u00edcias pol\u00edticas nacionais. De Salvador, o notici\u00e1rio estadual.<\/p>\n<p><center><a href = \"http:\/\/www.bene.blog.br\/\" target = \"_news\"><b>BLOG DO BEN\u00c9<\/b><\/a><\/center><\/p>\n","protected":false},"excerpt":{"rendered":"<p>Com informa\u00e7\u00e3o \u00e1gil, texto leve e coment\u00e1rio objetivo, o novo site de not\u00edcias de Itabuna anuncia uma proposta de interatividade com os internautas Um caf\u00e9 da manh\u00e3 oferecido a jornalistas, blogueiros, publicit\u00e1rios, empres\u00e1rios e pol\u00edticos da regi\u00e3o, no Tarik Plaza Hotel, marcou na manh\u00e3 desta sexta-feira (dia 18), o lan\u00e7amento do Blog do Ben\u00e9. No [&hellip;]<\/p>\n","protected":false},"author":2,"featured_media":0,"comment_status":"open","ping_status":"open","sticky":false,"template":"","format":"standard","meta":{"_links_to":"","_links_to_target":""},"categories":[15],"tags":[],"_links":{"self":[{"href":"https:\/\/www.r2cpress.com.br\/v1\/wp-json\/wp\/v2\/posts\/10912"}],"collection":[{"href":"https:\/\/www.r2cpress.com.br\/v1\/wp-json\/wp\/v2\/posts"}],"about":[{"href":"https:\/\/www.r2cpress.com.br\/v1\/wp-json\/wp\/v2\/types\/post"}],"author":[{"embeddable":true,"href":"https:\/\/www.r2cpress.com.br\/v1\/wp-json\/wp\/v2\/users\/2"}],"replies":[{"embeddable":true,"href":"https:\/\/www.r2cpress.com.br\/v1\/wp-json\/wp\/v2\/comments?post=10912"}],"version-history":[{"count":4,"href":"https:\/\/www.r2cpress.com.br\/v1\/wp-json\/wp\/v2\/posts\/10912\/revisions"}],"predecessor-version":[{"id":10918,"href":"https:\/\/www.r2cpress.com.br\/v1\/wp-json\/wp\/v2\/posts\/10912\/revisions\/10918"}],"wp:attachment":[{"href":"https:\/\/www.r2cpress.com.br\/v1\/wp-json\/wp\/v2\/media?parent=10912"}],"wp:term":[{"taxonomy":"category","embeddable":true,"href":"https:\/\/www.r2cpress.com.br\/v1\/wp-json\/wp\/v2\/categories?post=10912"},{"taxonomy":"post_tag","embeddable":true,"href":"https:\/\/www.r2cpress.com.br\/v1\/wp-json\/wp\/v2\/tags?post=10912"}],"curies":[{"name":"wp","href":"https:\/\/api.w.org\/{rel}","templated":true}]}}